{"id":976258,"date":"2025-01-16T08:49:45","date_gmt":"2025-01-16T11:49:45","guid":{"rendered":"https:\/\/www.cnbb.org.br\/?p=976258"},"modified":"2025-01-16T09:14:29","modified_gmt":"2025-01-16T12:14:29","slug":"3-domingo-do-tempo-comum","status":"publish","type":"post","link":"https:\/\/www.cnbb.org.br\/3-domingo-do-tempo-comum\/","title":{"rendered":"3\u00b0 Domingo do Tempo Comum\u00a0"},"content":{"rendered":"<p style=\"text-align: right;\"><b><span data-contrast=\"none\">Cardeal Orani Jo\u00e3o Tempesta<br \/>\n<\/span><\/b><b><span data-contrast=\"none\">Arcebispo do Rio de Janeiro (RJ)<\/span><\/b><span data-ccp-props=\"{&quot;201341983&quot;:0,&quot;335551550&quot;:3,&quot;335551620&quot;:3,&quot;335559731&quot;:708,&quot;335559739&quot;:160,&quot;335559740&quot;:259}\">\u00a0<\/span><\/p>\n<p style=\"text-align: justify;\">\n<p style=\"text-align: justify;\"><i><span data-contrast=\"none\">\u201cHoje se cumpriu esta passagem da Escritura que acabastes de ouvir\u201d (Lc 4,21)<\/span><\/i><span data-ccp-props=\"{&quot;201341983&quot;:0,&quot;335551550&quot;:2,&quot;335551620&quot;:2,&quot;335559739&quot;:160,&quot;335559740&quot;:259}\">\u00a0<\/span><\/p>\n<p style=\"text-align: justify;\"><span data-contrast=\"none\">Celebramos neste domingo o terceiro do tempo comum e estamos finalizando o m\u00eas de janeiro, um m\u00eas especial para a nossa Arquidiocese onde celebramos a festa do nosso padroeiro, o glorioso M\u00e1rtir S\u00e3o Sebasti\u00e3o. Neste Domingo, agradecemos a Deus por estarmos finalizando o primeiro m\u00eas do ano e pe\u00e7amos ao Senhor que de fato seja um ano de gra\u00e7a.\u00a0<\/span><span data-ccp-props=\"{&quot;201341983&quot;:0,&quot;335551550&quot;:6,&quot;335551620&quot;:6,&quot;335559731&quot;:708,&quot;335559739&quot;:160,&quot;335559740&quot;:259}\">\u00a0<\/span><\/p>\n<p style=\"text-align: justify;\"><span data-contrast=\"none\">Este ano tamb\u00e9m \u00e9 especial porque a Igreja vive o Ano Jubilar da Esperan\u00e7a, que seja de fato um ano de renova\u00e7\u00e3o para toda a Igreja. Que todos os fi\u00e9is possam confiar na miseric\u00f3rdia do Senhor. Participemos ativamente das celebra\u00e7\u00f5es desse Ano Santo e visitar as Igrejas determinadas como lugares de peregrina\u00e7\u00f5es para obter as indulg\u00eancias jubilares. Fa\u00e7amos um esfor\u00e7o para participarmos das missas todos os domingos ao longo desse ano, em fam\u00edlia, pois fam\u00edlia que reza unida permanece unida.\u00a0<\/span><span data-ccp-props=\"{&quot;201341983&quot;:0,&quot;335551550&quot;:6,&quot;335551620&quot;:6,&quot;335559731&quot;:708,&quot;335559739&quot;:160,&quot;335559740&quot;:259}\">\u00a0<\/span><\/p>\n<p style=\"text-align: justify;\"><span data-contrast=\"none\">Neste Domingo a igreja celebra o Domingo da Palavra de Deus, institu\u00eddo pelo Papa Francisco em setembro de 2019 e sempre celebrado no terceiro domingo do Tempo Comum. No Brasil temos tamb\u00e9m o Dia da B\u00edblia no \u00faltimo domingo de 30 de setembro que \u00e9 o m\u00eas todo \u00e9 dedicado \u00e0 Palavra de Deus. Para o mundo todo o Papa quis colocar no terceiro domingo do Tempo Comum o dia dedicado \u00e0 Palavra de Deus para incentivar todos os fi\u00e9is a terem como livro principal ao longo do ano a Palavra de Deus. Em nossa catedral teremos hoje a peregrina\u00e7\u00e3o jubilar dos catequistas e do mundo da comunica\u00e7\u00e3o na missa principal.<\/span><span data-ccp-props=\"{&quot;201341983&quot;:0,&quot;335551550&quot;:6,&quot;335551620&quot;:6,&quot;335559731&quot;:708,&quot;335559739&quot;:160,&quot;335559740&quot;:259}\">\u00a0<\/span><\/p>\n<p style=\"text-align: justify;\"><span data-contrast=\"none\">Aproveitemos que ainda estamos no in\u00edcio do ano lit\u00fargico e no in\u00edcio do ano civil e optemos por direcionar a nossa vida no caminho da santidade, meditando a Palavra de Deus dia a dia e colocando em pr\u00e1tica aquilo que ela nos diz. Confiemo-nos \u00e0 miseric\u00f3rdia do Senhor, realizando a nossa confiss\u00e3o sacramental, se ainda n\u00e3o o fizemos para de fato termos um ano santo.\u00a0<\/span><span data-ccp-props=\"{&quot;201341983&quot;:0,&quot;335551550&quot;:6,&quot;335551620&quot;:6,&quot;335559731&quot;:708,&quot;335559739&quot;:160,&quot;335559740&quot;:259}\">\u00a0<\/span><\/p>\n<p style=\"text-align: justify;\"><span data-contrast=\"none\">A primeira leitura da missa deste domingo \u00e9 do livro de Neemias (<\/span><i><span data-contrast=\"none\">Ne 8,2-4a.5-6.8-10), <\/span><\/i><span data-contrast=\"none\">esse trecho do livro de Neemias retrata aquilo que realizamos hoje em nossa liturgia. H\u00e1 muitos anos, ainda antes de Cristo, os judeus celebravam uma liturgia semelhante \u00e0 nossa, e a aten\u00e7\u00e3o que os judeus davam a Palavra de Deus. A Igreja Cat\u00f3lica usa muito daquilo que os judeus celebravam, tanto na liturgia, como por exemplo algumas festas: P\u00e1scoa e Pentecostes, mas \u00e9 claro, dando um novo sentido a ambas.\u00a0<\/span><span data-ccp-props=\"{&quot;201341983&quot;:0,&quot;335551550&quot;:6,&quot;335551620&quot;:6,&quot;335559731&quot;:708,&quot;335559739&quot;:160,&quot;335559740&quot;:259}\">\u00a0<\/span><\/p>\n<p style=\"text-align: justify;\"><span data-contrast=\"none\">Essa leitura veio a calhar com a motiva\u00e7\u00e3o da celebra\u00e7\u00e3o de hoje que \u00e9 o Domingo da Palavra de Deus. Durante a celebra\u00e7\u00e3o da missa n\u00f3s participamos de duas grandes mesas: a da Palavra e a da Eucaristia. Primeiro comungamos da Palavra e depois comungamos do Corpo e Sangue de Cristo, por isso, temos que prestar aten\u00e7\u00e3o na leitura proclamada, guard\u00e1-la no cora\u00e7\u00e3o, para que depois possamos comungar do corpo e sangue de Cristo.\u00a0<\/span><span data-ccp-props=\"{&quot;201341983&quot;:0,&quot;335551550&quot;:6,&quot;335551620&quot;:6,&quot;335559731&quot;:708,&quot;335559739&quot;:160,&quot;335559740&quot;:259}\">\u00a0<\/span><\/p>\n<p style=\"text-align: justify;\"><span data-contrast=\"none\">Se lembrarmos bem dos disc\u00edpulos de Ema\u00fas, os olhos deles se abrem e eles reconhecem Cristo ressuscitado ap\u00f3s Ele ter lhes explicado as Escrituras, e Jesus parte o p\u00e3o diante deles. Portanto, quando formos participar da Santa Missa prestemos aten\u00e7\u00e3o nas leituras proclamadas e na homilia do sacerdote, pois s\u00e3o parte integral da Santa Missa. Por isso, temos que participar da missa toda, chegando no in\u00edcio da celebra\u00e7\u00e3o, e se chegarmos ap\u00f3s a homilia do padre n\u00e3o devemos comungar, pois perdemos o essencial da celebra\u00e7\u00e3o.\u00a0<\/span><span data-ccp-props=\"{&quot;201341983&quot;:0,&quot;335551550&quot;:6,&quot;335551620&quot;:6,&quot;335559731&quot;:708,&quot;335559739&quot;:160,&quot;335559740&quot;:259}\">\u00a0<\/span><\/p>\n<p style=\"text-align: justify;\"><span data-contrast=\"none\">O salmo responsorial \u00e9 o <\/span><i><span data-contrast=\"none\">18(19), <\/span><\/i><span data-contrast=\"none\">que diz em seu refr\u00e3o: <\/span><i><span data-contrast=\"none\">\u201c\u00d3 Senhor, vossas palavras, s\u00e3o esp\u00edrito, s\u00e3o vida\u201d, <\/span><\/i><span data-contrast=\"none\">a Palavra de Deus \u00e9 eficaz e ao medit\u00e1-la diariamente n\u00f3s nos comprometemos em segui-la fielmente. Ela nos d\u00e1 sabedoria e nos direciona a decis\u00e3o certa a tomar. Temos que ter a Palavra de Deus como \u201clivro de cabeceira\u201d e todos os dias ao acordar meditar um trecho.\u00a0<\/span><span data-ccp-props=\"{&quot;201341983&quot;:0,&quot;335551550&quot;:6,&quot;335551620&quot;:6,&quot;335559731&quot;:708,&quot;335559739&quot;:160,&quot;335559740&quot;:259}\">\u00a0<\/span><\/p>\n<p style=\"text-align: justify;\"><span data-contrast=\"none\">A segunda leitura \u00e9 da primeira Carta de S\u00e3o Paulo aos Cor\u00edntios (<\/span><i><span data-contrast=\"none\">1Cor 12,12-30 | +longo), <\/span><\/i><span data-contrast=\"none\">ao longo dessa leitura Paulo nos diz que todos n\u00f3s a partir do batismo fazer parte do mesmo corpo que \u00e9 a Igreja, esse corpo tem cabe\u00e7a Cristo e cada batizado \u00e9 um membro, e os membros devem estar intimamente ligados a cabe\u00e7a. E cada membro deve ajudar um ao outro. Devemos nutrir em cada um de n\u00f3s os mesmos sentimentos de Cristo, bondade, mansid\u00e3o, amor, perd\u00e3o e miseric\u00f3rdia. A partir do batismo nos tornamos disc\u00edpulos e mission\u00e1rios do Senhor.\u00a0<\/span><span data-ccp-props=\"{&quot;201341983&quot;:0,&quot;335551550&quot;:6,&quot;335551620&quot;:6,&quot;335559731&quot;:708,&quot;335559739&quot;:160,&quot;335559740&quot;:259}\">\u00a0<\/span><\/p>\n<p style=\"text-align: justify;\"><span data-contrast=\"none\">O Evangelho deste domingo \u00e9 de Lucas <\/span><i><span data-contrast=\"none\">(Lc 1,1-4;4,14-21), <\/span><\/i><span data-contrast=\"none\">nesse trecho acompanhamos o in\u00edcio de seu Evangelho, Lucas al\u00e9m de ser autor do Evangelho \u00e9 tamb\u00e9m autor do livro de Atos dos Ap\u00f3stolos. Ele dirige as primeiras palavras ao amigo Te\u00f3filo, Lucas o menciona tanto no Evangelho como em Atos dos Ap\u00f3stolos.\u00a0<\/span><span data-ccp-props=\"{&quot;201341983&quot;:0,&quot;335551550&quot;:6,&quot;335551620&quot;:6,&quot;335559731&quot;:708,&quot;335559739&quot;:160,&quot;335559740&quot;:259}\">\u00a0<\/span><\/p>\n<p style=\"text-align: justify;\"><span data-contrast=\"none\">Jesus volta para a Galileia, cheio do Esp\u00edrito Santo e sua fama espalhava-se por toda a regi\u00e3o. Jesus falava com propriedade, seus ensinamentos eram cheios de conhecimento e todos tinham os olhos fixos nele. Voltou \u00e0 sua terra natal, Nazar\u00e9, e conforme costume entrou na sinagoga num dia de s\u00e1bado e levantou-se para fazer a leitura. Deram-lhe o livro do profeta Isa\u00edas na passagem que diz: <\/span><i><span data-contrast=\"none\">\u201cO Esp\u00edrito do Senhor est\u00e1 sobre mim, porque ele me consagrou com a un\u00e7\u00e3o para anunciar a Boa-nova aos pobres; enviou-me para proclamar a liberta\u00e7\u00e3o aos cativos e aos cegos a recupera\u00e7\u00e3o da vista; para libertar os oprimidos e para proclamar um ano da gra\u00e7a do Senhor\u201d. (Lc 4, 18-19).\u00a0<\/span><\/i><span data-ccp-props=\"{&quot;201341983&quot;:0,&quot;335551550&quot;:6,&quot;335551620&quot;:6,&quot;335559731&quot;:708,&quot;335559739&quot;:160,&quot;335559740&quot;:259}\">\u00a0<\/span><\/p>\n<p style=\"text-align: justify;\"><span data-contrast=\"none\">Muitas coisas que o profeta Isa\u00edas disse h\u00e1 cerca de quatrocentos anos antes de Cristo se cumprem em Jesus, Isa\u00edas era um profeta vision\u00e1rio, ou seja, tinha vis\u00e3o de futuro, e tinha miss\u00e3o de criar um \u00e2nimo para os habitantes de Israel. Essa passagem que Jesus acabou de ler, o profeta Isa\u00edas j\u00e1 havia dito tempos atr\u00e1s, ou seja, era miss\u00e3o do profeta naquele tempo e agora era a miss\u00e3o de Jesus.\u00a0<\/span><span data-ccp-props=\"{&quot;201341983&quot;:0,&quot;335551550&quot;:6,&quot;335551620&quot;:6,&quot;335559731&quot;:708,&quot;335559739&quot;:160,&quot;335559740&quot;:259}\">\u00a0<\/span><\/p>\n<p style=\"text-align: justify;\"><span data-contrast=\"none\">O que Jesus acaba de ler podemos dizer que \u00e9 seu programa de vida, foi para isso que Ele veio, e com a for\u00e7a do Esp\u00edrito Santo Ele poderia realizar todas essas coisas e instaurar aqui na terra o Reino de Deus. Jesus ainda conclui dizendo que naquele momento se cumpriu aquela passagem da escritura.\u00a0<\/span><span data-ccp-props=\"{&quot;201341983&quot;:0,&quot;335551550&quot;:6,&quot;335551620&quot;:6,&quot;335559731&quot;:708,&quot;335559739&quot;:160,&quot;335559740&quot;:259}\">\u00a0<\/span><\/p>\n<p style=\"text-align: justify;\"><span data-contrast=\"none\">Esse programa de vida de Jesus deve ser tamb\u00e9m o de cada um de n\u00f3s batizados, ou seja, somos chamados a edificar o Reino de Deus aqui na terra, vive-lo de maneira plena para depois na eternidade habitar nesse reino. Vivamos o nosso batismo na certeza de que somos disc\u00edpulos e mission\u00e1rios do Senhor. Am\u00e9m.\u00a0<\/span><span data-ccp-props=\"{&quot;201341983&quot;:0,&quot;335551550&quot;:6,&quot;335551620&quot;:6,&quot;335559731&quot;:708,&quot;335559739&quot;:160,&quot;335559740&quot;:259}\">\u00a0<\/span><\/p>\n<p style=\"text-align: justify;\">\n","protected":false},"excerpt":{"rendered":"<p>Cardeal Orani Jo\u00e3o Tempesta Arcebispo do Rio de Janeiro (RJ)\u00a0 \u201cHoje se cumpriu esta passagem da Escritura que acabastes de ouvir\u201d (Lc 4,21)\u00a0 Celebramos neste domingo o terceiro do tempo comum e estamos finalizando o m\u00eas de janeiro, um m\u00eas especial para a nossa Arquidiocese onde celebramos a festa do nosso padroeiro, o glorioso M\u00e1rtir &hellip;<\/p>\n<p class=\"read-more\"> <a class=\"\" href=\"https:\/\/www.cnbb.org.br\/3-domingo-do-tempo-comum\/\"> <span class=\"screen-reader-text\">3\u00b0 Domingo do Tempo Comum\u00a0<\/span> Leia mais &raquo;<\/a><\/p>\n","protected":false},"author":31,"featured_media":0,"comment_status":"closed","ping_status":"closed","sticky":false,"template":"","format":"standard","meta":{"site-sidebar-layout":"default","site-content-layout":"default","ast-global-header-display":"","ast-banner-title-visibility":"","ast-main-header-display":"","ast-hfb-above-header-display":"","ast-hfb-below-header-display":"","ast-hfb-mobile-header-display":"","site-post-title":"","ast-breadcrumbs-content":"","ast-featured-img":"","footer-sml-layout":"","theme-transparent-header-meta":"default","adv-header-id-meta":"","stick-header-meta":"","header-above-stick-meta":"","header-main-stick-meta":"","header-below-stick-meta":""},"categories":[758],"tags":[],"acf":[],"_links":{"self":[{"href":"https:\/\/www.cnbb.org.br\/cnbb-app\/wp\/v2\/posts\/976258"}],"collection":[{"href":"https:\/\/www.cnbb.org.br\/cnbb-app\/wp\/v2\/posts"}],"about":[{"href":"https:\/\/www.cnbb.org.br\/cnbb-app\/wp\/v2\/types\/post"}],"author":[{"embeddable":true,"href":"https:\/\/www.cnbb.org.br\/cnbb-app\/wp\/v2\/users\/31"}],"replies":[{"embeddable":true,"href":"https:\/\/www.cnbb.org.br\/cnbb-app\/wp\/v2\/comments?post=976258"}],"version-history":[{"count":2,"href":"https:\/\/www.cnbb.org.br\/cnbb-app\/wp\/v2\/posts\/976258\/revisions"}],"predecessor-version":[{"id":976260,"href":"https:\/\/www.cnbb.org.br\/cnbb-app\/wp\/v2\/posts\/976258\/revisions\/976260"}],"wp:attachment":[{"href":"https:\/\/www.cnbb.org.br\/cnbb-app\/wp\/v2\/media?parent=976258"}],"wp:term":[{"taxonomy":"category","embeddable":true,"href":"https:\/\/www.cnbb.org.br\/cnbb-app\/wp\/v2\/categories?post=976258"},{"taxonomy":"post_tag","embeddable":true,"href":"https:\/\/www.cnbb.org.br\/cnbb-app\/wp\/v2\/tags?post=976258"}],"curies":[{"name":"wp","href":"https:\/\/api.w.org\/{rel}","templated":true}]}}