{"id":976321,"date":"2025-01-17T08:57:31","date_gmt":"2025-01-17T11:57:31","guid":{"rendered":"https:\/\/www.cnbb.org.br\/?p=976321"},"modified":"2025-01-17T08:58:31","modified_gmt":"2025-01-17T11:58:31","slug":"sao-sebastiao-9","status":"publish","type":"post","link":"https:\/\/www.cnbb.org.br\/sao-sebastiao-9\/","title":{"rendered":"S\u00e3o Sebasti\u00e3o\u00a0"},"content":{"rendered":"<p style=\"text-align: right;\"><b><span data-contrast=\"auto\">Cardeal Orani Jo\u00e3o Tempesta<br \/>\n<\/span><\/b><b><span data-contrast=\"auto\">Arcebispo do Rio de Janeiro (RJ)<\/span><\/b><\/p>\n<p><span data-ccp-props=\"{&quot;201341983&quot;:0,&quot;335551550&quot;:2,&quot;335551620&quot;:2,&quot;335559739&quot;:160,&quot;335559740&quot;:259}\">\u00a0<\/span><\/p>\n<p style=\"text-align: justify;\"><span data-contrast=\"auto\">Celebramos, nesta segunda-feira, dia 20 de janeiro, a festa de nosso padroeiro S\u00e3o Sebasti\u00e3o, glorioso m\u00e1rtir. Um dia de grande alegria e j\u00fabilo para todos os habitantes desta cidade, dia de rendermos gra\u00e7as a S\u00e3o Sebasti\u00e3o por todos os bens que nos concedeu at\u00e9 aqui e de pedir as gra\u00e7as necess\u00e1rias para mais um ano. Sempre que celebramos a festa de um santo, \u00e9 uma oportunidade de agradecer por tudo o que pedimos no ano anterior e de pedir novas gra\u00e7as para este ano.\u00a0<\/span><span data-ccp-props=\"{&quot;201341983&quot;:0,&quot;335551550&quot;:6,&quot;335551620&quot;:6,&quot;335559731&quot;:708,&quot;335559739&quot;:160,&quot;335559740&quot;:259}\">\u00a0<\/span><\/p>\n<p style=\"text-align: justify;\"><span data-contrast=\"auto\">Os santos s\u00e3o nossos intercessores junto a Deus e nossos exemplos de vida crist\u00e3. N\u00f3s pedimos aquilo que desejamos a eles, com f\u00e9 e confian\u00e7a, e eles intercedem por n\u00f3s junto a Deus. Do mesmo modo, a Virgem Maria intercede por n\u00f3s, assim como fez nas bodas de Can\u00e1. Os santos n\u00e3o fazem milagres; quem faz o milagre \u00e9 Deus, mas os santos intercedem por n\u00f3s junto a Ele.<\/span><span data-ccp-props=\"{&quot;201341983&quot;:0,&quot;335551550&quot;:6,&quot;335551620&quot;:6,&quot;335559731&quot;:708,&quot;335559739&quot;:160,&quot;335559740&quot;:259}\">\u00a0<\/span><\/p>\n<p style=\"text-align: justify;\"><span data-contrast=\"auto\">\u00c9 importante celebrar a festa de nosso santo padroeiro. Esta cidade traz o nome de S\u00e3o Sebasti\u00e3o, mas todos, popularmente, s\u00f3 dizem \u201cRio\u201d ou \u201cRio de Janeiro\u201d.\u00a0<\/span><span data-ccp-props=\"{&quot;201341983&quot;:0,&quot;335551550&quot;:6,&quot;335551620&quot;:6,&quot;335559731&quot;:708,&quot;335559739&quot;:160,&quot;335559740&quot;:259}\">\u00a0<\/span><\/p>\n<p style=\"text-align: justify;\"><span data-contrast=\"auto\">O dia de S\u00e3o Sebasti\u00e3o \u00e9 feriado municipal, dia de descansar um pouco e passear com a fam\u00edlia, mas tamb\u00e9m devemos participar da missa em honra ao nosso padroeiro. A missa principal acontecer\u00e1 \u00e0s 18:00 hs na Catedral Metropolitana de S\u00e3o Sebasti\u00e3o, mas antes teremos a prociss\u00e3o \u00e0s 16h00 e o Auto de S\u00e3o Sebasti\u00e3o na Av. Chile, defronte \u00e0 catedral na chegada da prociss\u00e3o. Que, a partir da festa do nosso padroeiro, tenhamos um ano aben\u00e7oado, um ano conforme a gra\u00e7a de Deus como peregrinos de esperan\u00e7a. Participemos da Santa Missa, do auto, da prociss\u00e3o e pe\u00e7amos a intercess\u00e3o de S\u00e3o Sebasti\u00e3o ao longo do ano, pedindo que ele nos livre das epidemias, pestes, fome e guerras.<\/span><span data-ccp-props=\"{&quot;201341983&quot;:0,&quot;335551550&quot;:6,&quot;335551620&quot;:6,&quot;335559731&quot;:708,&quot;335559739&quot;:160,&quot;335559740&quot;:259}\">\u00a0<\/span><\/p>\n<p style=\"text-align: justify;\"><span data-contrast=\"auto\">A partir do nosso batismo, nos tornamos disc\u00edpulos e mission\u00e1rios de Jesus e, ainda, sacerdotes, profetas e reis. O nosso padroeiro S\u00e3o Sebasti\u00e3o defendeu e testemunhou a f\u00e9 at\u00e9 as \u00faltimas consequ\u00eancias, e devemos ter em nosso cora\u00e7\u00e3o a mesma atitude. Viver com coragem o nosso batismo e n\u00e3o ter medo de evangelizar os irm\u00e3os. Vivemos em um tempo que precisa urgentemente do an\u00fancio de Jesus Cristo e de paz, e s\u00f3 conseguiremos a paz por meio do an\u00fancio do Evangelho. Que cada um de n\u00f3s possa anunciar o Evangelho de Cristo onde estiver.<\/span><span data-ccp-props=\"{&quot;201341983&quot;:0,&quot;335551550&quot;:6,&quot;335551620&quot;:6,&quot;335559731&quot;:708,&quot;335559739&quot;:160,&quot;335559740&quot;:259}\">\u00a0<\/span><\/p>\n<p style=\"text-align: justify;\"><span data-contrast=\"auto\">Ao celebrar o nosso padroeiro S\u00e3o Sebasti\u00e3o, renovamos o compromisso de amar a nossa cidade, cuidar dela e respeitar todos os habitantes. Por mais problemas que tenhamos em nossa cidade, temos que gostar de viver aqui. Se vivemos aqui, temos que falar bem de nossa cidade, at\u00e9 para receber com alegria nossos parentes e amigos que queiram vir visit\u00e1-la. Tenhamos gosto de morar aqui e de convidar as pessoas a virem. S\u00e3o Sebasti\u00e3o est\u00e1 intercedendo por n\u00f3s.<\/span><span data-ccp-props=\"{&quot;201341983&quot;:0,&quot;335551550&quot;:6,&quot;335551620&quot;:6,&quot;335559731&quot;:708,&quot;335559739&quot;:160,&quot;335559740&quot;:259}\">\u00a0<\/span><\/p>\n<p style=\"text-align: justify;\"><span data-contrast=\"auto\">Neste dia de S\u00e3o Sebasti\u00e3o, rezemos por todas as autoridades, em especial por aqueles que nos governam, como o prefeito e os vereadores que cuidam, em especial, da nossa cidade, j\u00e1 que este \u00e9 um feriado do munic\u00edpio. Rezemos tamb\u00e9m pelas autoridades eclesi\u00e1sticas \u2013 bispos, presb\u00edteros e di\u00e1conos \u2013 e, ainda, por todos os seminaristas e pelas voca\u00e7\u00f5es sacerdotais e religiosas.<\/span><span data-ccp-props=\"{&quot;201341983&quot;:0,&quot;335551550&quot;:6,&quot;335551620&quot;:6,&quot;335559731&quot;:708,&quot;335559739&quot;:160,&quot;335559740&quot;:259}\">\u00a0<\/span><\/p>\n<p style=\"text-align: justify;\"><span data-contrast=\"auto\">S\u00e3o Sebasti\u00e3o nasceu em Narbonne. Seus pais eram oriundos de Mil\u00e3o, na It\u00e1lia, no s\u00e9culo III. S\u00e3o Sebasti\u00e3o sempre foi, desde cedo, muito generoso, buscando ajudar os seus irm\u00e3os. Recebeu o batismo e zelou veementemente por ele. Entrou para o servi\u00e7o do Imp\u00e9rio Romano e fez parte do ex\u00e9rcito, devido ao seu vigor f\u00edsico e boa sa\u00fade. Sem demorar muito, tornou-se primeiro capit\u00e3o da guarda do imp\u00e9rio. S\u00e3o Sebasti\u00e3o teve muita coragem, pois, sem que o imperador soubesse, anunciava Jesus Cristo aos presos e aos companheiros de ex\u00e9rcito. E ele mesmo, sendo crist\u00e3o, passou a fazer parte do ex\u00e9rcito do imperador. Ele testemunhava Jesus Cristo sem precisar explicitar.<\/span><span data-ccp-props=\"{&quot;201341983&quot;:0,&quot;335551550&quot;:6,&quot;335551620&quot;:6,&quot;335559731&quot;:708,&quot;335559739&quot;:160,&quot;335559740&quot;:259}\">\u00a0<\/span><\/p>\n<p style=\"text-align: justify;\"><span data-contrast=\"auto\">S\u00e3o Sebasti\u00e3o era defensor da f\u00e9 e da Igreja, ouvia aqueles que eram presos e os consolava. Na verdade, S\u00e3o Sebasti\u00e3o colocava em pr\u00e1tica aquilo que Jesus disse no Evangelho: \u201cEstive preso e fostes me visitar\u201d (Mt 25,36). S\u00e3o Sebasti\u00e3o defendeu e guardou os preceitos da f\u00e9 at\u00e9 o mart\u00edrio. Ele nutria no cora\u00e7\u00e3o essa certeza: defender a f\u00e9 at\u00e9 as \u00faltimas consequ\u00eancias e sabia que, em algum momento, poderia ser denunciado. E foi o que aconteceu. Um soldado o denunciou para o imp\u00e9rio. O imperador o chamou e estava muito bravo por sentir-se tra\u00eddo. Ele se manteve firme e, com muita coragem, disse que era necess\u00e1rio denunciar as injusti\u00e7as e o paganismo e que era necess\u00e1rio anunciar Jesus Cristo.<\/span><span data-ccp-props=\"{&quot;201341983&quot;:0,&quot;335551550&quot;:6,&quot;335551620&quot;:6,&quot;335559731&quot;:708,&quot;335559739&quot;:160,&quot;335559740&quot;:259}\">\u00a0<\/span><\/p>\n<p style=\"text-align: justify;\"><span data-contrast=\"auto\">O imperador n\u00e3o quis saber e, furioso, mandou prend\u00ea-lo em um tronco e lan\u00e7ar muitas flechadas sobre ele, at\u00e9 o ponto de pensarem que estava morto. Mas uma mulher, esposa de um m\u00e1rtir, o conhecia, aproximou-se dele e viu que estava vivo. Ela passou a cuidar de suas feridas. Ap\u00f3s restabelecer a sa\u00fade, foi at\u00e9 o imperador, apresentou-se a ele, pois queria o seu bem e o de todo o imp\u00e9rio. Evangelizou e testemunhou Jesus Cristo por um determinado tempo, mas, no ano de 288, foi martirizado brutalmente.<\/span><span data-ccp-props=\"{&quot;201341983&quot;:0,&quot;335551550&quot;:6,&quot;335551620&quot;:6,&quot;335559731&quot;:708,&quot;335559739&quot;:160,&quot;335559740&quot;:259}\">\u00a0<\/span><\/p>\n<p style=\"text-align: justify;\"><span data-contrast=\"auto\">Celebremos, cheios de alegria e confian\u00e7a em Deus, o dia de S\u00e3o Sebasti\u00e3o, padroeiro de nossa cidade e de nossa Arquidiocese. Tenhamos no cora\u00e7\u00e3o a certeza de que somos disc\u00edpulos mission\u00e1rios do Senhor e n\u00e3o hesitemos em anunciar a boa-nova do Evangelho como peregrinos de esperan\u00e7a. Particularmente dentro do S\u00ednodo Arquidiocesano que vivemos, como tema das miss\u00f5es, queremos pedir a prote\u00e7\u00e3o do glorioso m\u00e1rtir para que sejamos uma Igreja sinodal: comunh\u00e3o, participa\u00e7\u00e3o e miss\u00e3o! Pe\u00e7amos a S\u00e3o Sebasti\u00e3o paz para a nossa cidade e para cada um de n\u00f3s, e que entreguemos a ele este ano que est\u00e1 iniciando.<\/span><span data-ccp-props=\"{&quot;201341983&quot;:0,&quot;335551550&quot;:6,&quot;335551620&quot;:6,&quot;335559731&quot;:708,&quot;335559739&quot;:160,&quot;335559740&quot;:259}\">\u00a0<\/span><\/p>\n<p style=\"text-align: justify;\">\n<p style=\"text-align: justify;\"><span data-ccp-props=\"{&quot;201341983&quot;:0,&quot;335551550&quot;:6,&quot;335551620&quot;:6,&quot;335559731&quot;:708,&quot;335559739&quot;:160,&quot;335559740&quot;:259}\">\u00a0<\/span><\/p>\n","protected":false},"excerpt":{"rendered":"<p>Cardeal Orani Jo\u00e3o Tempesta Arcebispo do Rio de Janeiro (RJ) \u00a0 Celebramos, nesta segunda-feira, dia 20 de janeiro, a festa de nosso padroeiro S\u00e3o Sebasti\u00e3o, glorioso m\u00e1rtir. Um dia de grande alegria e j\u00fabilo para todos os habitantes desta cidade, dia de rendermos gra\u00e7as a S\u00e3o Sebasti\u00e3o por todos os bens que nos concedeu at\u00e9 &hellip;<\/p>\n<p class=\"read-more\"> <a class=\"\" href=\"https:\/\/www.cnbb.org.br\/sao-sebastiao-9\/\"> <span class=\"screen-reader-text\">S\u00e3o Sebasti\u00e3o\u00a0<\/span> Leia mais &raquo;<\/a><\/p>\n","protected":false},"author":31,"featured_media":0,"comment_status":"closed","ping_status":"closed","sticky":false,"template":"","format":"standard","meta":{"site-sidebar-layout":"default","site-content-layout":"default","ast-global-header-display":"","ast-banner-title-visibility":"","ast-main-header-display":"","ast-hfb-above-header-display":"","ast-hfb-below-header-display":"","ast-hfb-mobile-header-display":"","site-post-title":"","ast-breadcrumbs-content":"","ast-featured-img":"","footer-sml-layout":"","theme-transparent-header-meta":"default","adv-header-id-meta":"","stick-header-meta":"","header-above-stick-meta":"","header-main-stick-meta":"","header-below-stick-meta":""},"categories":[758],"tags":[],"acf":[],"_links":{"self":[{"href":"https:\/\/www.cnbb.org.br\/cnbb-app\/wp\/v2\/posts\/976321"}],"collection":[{"href":"https:\/\/www.cnbb.org.br\/cnbb-app\/wp\/v2\/posts"}],"about":[{"href":"https:\/\/www.cnbb.org.br\/cnbb-app\/wp\/v2\/types\/post"}],"author":[{"embeddable":true,"href":"https:\/\/www.cnbb.org.br\/cnbb-app\/wp\/v2\/users\/31"}],"replies":[{"embeddable":true,"href":"https:\/\/www.cnbb.org.br\/cnbb-app\/wp\/v2\/comments?post=976321"}],"version-history":[{"count":2,"href":"https:\/\/www.cnbb.org.br\/cnbb-app\/wp\/v2\/posts\/976321\/revisions"}],"predecessor-version":[{"id":976323,"href":"https:\/\/www.cnbb.org.br\/cnbb-app\/wp\/v2\/posts\/976321\/revisions\/976323"}],"wp:attachment":[{"href":"https:\/\/www.cnbb.org.br\/cnbb-app\/wp\/v2\/media?parent=976321"}],"wp:term":[{"taxonomy":"category","embeddable":true,"href":"https:\/\/www.cnbb.org.br\/cnbb-app\/wp\/v2\/categories?post=976321"},{"taxonomy":"post_tag","embeddable":true,"href":"https:\/\/www.cnbb.org.br\/cnbb-app\/wp\/v2\/tags?post=976321"}],"curies":[{"name":"wp","href":"https:\/\/api.w.org\/{rel}","templated":true}]}}