{"id":976324,"date":"2025-01-17T09:03:50","date_gmt":"2025-01-17T12:03:50","guid":{"rendered":"https:\/\/www.cnbb.org.br\/?p=976324"},"modified":"2025-01-17T09:05:04","modified_gmt":"2025-01-17T12:05:04","slug":"nas-ferias-seja-um-peregrino-de-si-mesmo","status":"publish","type":"post","link":"https:\/\/www.cnbb.org.br\/nas-ferias-seja-um-peregrino-de-si-mesmo\/","title":{"rendered":"Nas f\u00e9rias seja um peregrino de si mesmo"},"content":{"rendered":"<p style=\"text-align: right;\" data-ccp-border-bottom=\"0px none #000000\" data-ccp-padding-bottom=\"0px\" data-ccp-border-between=\"0px none #000000\" data-ccp-padding-between=\"0px\"><strong>Dom Roberto Francisco Ferreria Paz\u00a0<\/strong><br \/>\n<strong>Bispo de Campos (RJ)<\/strong><\/p>\n<p style=\"text-align: justify;\" data-ccp-border-bottom=\"0px none #000000\" data-ccp-padding-bottom=\"0px\" data-ccp-border-between=\"0px none #000000\" data-ccp-padding-between=\"0px\">\n<p style=\"text-align: justify;\" data-ccp-border-bottom=\"0px none #000000\" data-ccp-padding-bottom=\"0px\" data-ccp-border-between=\"0px none #000000\" data-ccp-padding-between=\"0px\"><span data-contrast=\"none\">As f\u00e9rias para muitos \u00e9 apenas n\u00e3o trabalhar ou o distanciamento das rotinas cotidianas em outros cen\u00e1rios, no entanto pensando dessa forma corremos o risco de levar toda a nossa agita\u00e7\u00e3o e barulho mental para este per\u00edodo e n\u00e3o conseguir descansar.\u00a0<\/span><span data-ccp-props=\"{&quot;201341983&quot;:0,&quot;335551550&quot;:6,&quot;335551620&quot;:6,&quot;335559739&quot;:0,&quot;335559740&quot;:240,&quot;335572071&quot;:0,&quot;335572072&quot;:0,&quot;335572073&quot;:0,&quot;335572075&quot;:0,&quot;335572076&quot;:0,&quot;335572077&quot;:0,&quot;335572079&quot;:0,&quot;335572080&quot;:0,&quot;335572081&quot;:0,&quot;335572083&quot;:0,&quot;335572084&quot;:0,&quot;335572085&quot;:0,&quot;335572087&quot;:0,&quot;335572088&quot;:0,&quot;335572089&quot;:0,&quot;469789798&quot;:&quot;nil&quot;,&quot;469789802&quot;:&quot;nil&quot;,&quot;469789806&quot;:&quot;nil&quot;,&quot;469789810&quot;:&quot;nil&quot;,&quot;469789814&quot;:&quot;nil&quot;}\">\u00a0<\/span><\/p>\n<p style=\"text-align: justify;\" data-ccp-border-bottom=\"0px none #000000\" data-ccp-padding-bottom=\"0px\" data-ccp-border-between=\"0px none #000000\" data-ccp-padding-between=\"0px\"><span data-contrast=\"none\">Por isso as f\u00e9rias nos convidam em primeiro lugar a mergulhar na vida interior, a conversar espiritualmente conosco mesmo, a conhecer-nos melhor e escutar as nossas buscas e anseios. Tamb\u00e9m \u00e9 o momento prop\u00edcio para reencontrar os amigos e mesmo com todas as pessoas estabelecer novas formas de relacionamento, mais espont\u00e2neas e gratuitas visando o conv\u00edvio fraterno. Ter mais tempo para sentir a terra ou a areia debaixo da sola dos p\u00e9s, respirar o ar lentamente sentindo-se vivo, contemplar o crep\u00fasculo e molhar-se os p\u00e9s na praia tendo um contato intenso com a \u00e1gua dos rios ou do mar.\u00a0<\/span><span data-ccp-props=\"{&quot;201341983&quot;:0,&quot;335551550&quot;:6,&quot;335551620&quot;:6,&quot;335559739&quot;:0,&quot;335559740&quot;:240,&quot;335572071&quot;:0,&quot;335572072&quot;:0,&quot;335572073&quot;:0,&quot;335572075&quot;:0,&quot;335572076&quot;:0,&quot;335572077&quot;:0,&quot;335572079&quot;:0,&quot;335572080&quot;:0,&quot;335572081&quot;:0,&quot;335572083&quot;:0,&quot;335572084&quot;:0,&quot;335572085&quot;:0,&quot;335572087&quot;:0,&quot;335572088&quot;:0,&quot;335572089&quot;:0,&quot;469789798&quot;:&quot;nil&quot;,&quot;469789802&quot;:&quot;nil&quot;,&quot;469789806&quot;:&quot;nil&quot;,&quot;469789810&quot;:&quot;nil&quot;,&quot;469789814&quot;:&quot;nil&quot;}\">\u00a0<\/span><\/p>\n<p style=\"text-align: justify;\" data-ccp-border-bottom=\"0px none #000000\" data-ccp-padding-bottom=\"0px\" data-ccp-border-between=\"0px none #000000\" data-ccp-padding-between=\"0px\"><span data-contrast=\"none\">Mas sem d\u00favida as f\u00e9rias s\u00e3o um momento para apagar a saudade de Deus, a nostalgia de vivenciar a nossa filia\u00e7\u00e3o divina e corresponder com muita gratid\u00e3o a ternura e miseric\u00f3rdia do Bom Pai para conosco. Se desprogramarmos e descondicionarmos nossa vida esquecendo brevemente as rotinas e agendas, nos libertaremos das press\u00f5es que n\u00e3o faltam e aprenderemos a deixarmos de lado tudo aquilo que n\u00e3o somos e fingimos ser, tudo que \u00e9 apenas conveni\u00eancia social mas secundariza e escanteia o essencial de n\u00f3s mesmos.<\/span><span data-ccp-props=\"{&quot;201341983&quot;:0,&quot;335551550&quot;:6,&quot;335551620&quot;:6,&quot;335559739&quot;:0,&quot;335559740&quot;:240,&quot;335572071&quot;:0,&quot;335572072&quot;:0,&quot;335572073&quot;:0,&quot;335572075&quot;:0,&quot;335572076&quot;:0,&quot;335572077&quot;:0,&quot;335572079&quot;:0,&quot;335572080&quot;:0,&quot;335572081&quot;:0,&quot;335572083&quot;:0,&quot;335572084&quot;:0,&quot;335572085&quot;:0,&quot;335572087&quot;:0,&quot;335572088&quot;:0,&quot;335572089&quot;:0,&quot;469789798&quot;:&quot;nil&quot;,&quot;469789802&quot;:&quot;nil&quot;,&quot;469789806&quot;:&quot;nil&quot;,&quot;469789810&quot;:&quot;nil&quot;,&quot;469789814&quot;:&quot;nil&quot;}\">\u00a0<\/span><\/p>\n<p style=\"text-align: justify;\" data-ccp-border-bottom=\"0px none #000000\" data-ccp-padding-bottom=\"0px\" data-ccp-border-between=\"0px none #000000\" data-ccp-padding-between=\"0px\"><span data-contrast=\"none\">\u00a0Nas f\u00e9rias deixemos ser e acontecer nossa verdadeira voca\u00e7\u00e3o de ser filhos de Deus, irm\u00e3os(\u00e3s), servos e guardi\u00e3es da Cria\u00e7\u00e3o e sobretudo atendamos o chamado a sermos inteiramente felizes no esp\u00edrito das bem aventuran\u00e7as. Simplifiquemos a vida, vivamos como convida o Papa Francisco a \u201csobriedade feliz\u201d que nos ensina que muitas vezes o menos \u00e9 mais. <\/span><span data-contrast=\"none\">Deus seja louvado!<\/span><span data-ccp-props=\"{&quot;201341983&quot;:0,&quot;335551550&quot;:6,&quot;335551620&quot;:6,&quot;335559739&quot;:0,&quot;335559740&quot;:240,&quot;335572071&quot;:0,&quot;335572072&quot;:0,&quot;335572073&quot;:0,&quot;335572075&quot;:0,&quot;335572076&quot;:0,&quot;335572077&quot;:0,&quot;335572079&quot;:0,&quot;335572080&quot;:0,&quot;335572081&quot;:0,&quot;335572083&quot;:0,&quot;335572084&quot;:0,&quot;335572085&quot;:0,&quot;335572087&quot;:0,&quot;335572088&quot;:0,&quot;335572089&quot;:0,&quot;469789798&quot;:&quot;nil&quot;,&quot;469789802&quot;:&quot;nil&quot;,&quot;469789806&quot;:&quot;nil&quot;,&quot;469789810&quot;:&quot;nil&quot;,&quot;469789814&quot;:&quot;nil&quot;}\">\u00a0<\/span><\/p>\n","protected":false},"excerpt":{"rendered":"<p>Dom Roberto Francisco Ferreria Paz\u00a0 Bispo de Campos (RJ) As f\u00e9rias para muitos \u00e9 apenas n\u00e3o trabalhar ou o distanciamento das rotinas cotidianas em outros cen\u00e1rios, no entanto pensando dessa forma corremos o risco de levar toda a nossa agita\u00e7\u00e3o e barulho mental para este per\u00edodo e n\u00e3o conseguir descansar.\u00a0\u00a0 Por isso as f\u00e9rias nos &hellip;<\/p>\n<p class=\"read-more\"> <a class=\"\" href=\"https:\/\/www.cnbb.org.br\/nas-ferias-seja-um-peregrino-de-si-mesmo\/\"> <span class=\"screen-reader-text\">Nas f\u00e9rias seja um peregrino de si mesmo<\/span> Leia mais &raquo;<\/a><\/p>\n","protected":false},"author":23,"featured_media":0,"comment_status":"closed","ping_status":"closed","sticky":false,"template":"","format":"standard","meta":{"site-sidebar-layout":"default","site-content-layout":"default","ast-global-header-display":"","ast-banner-title-visibility":"","ast-main-header-display":"","ast-hfb-above-header-display":"","ast-hfb-below-header-display":"","ast-hfb-mobile-header-display":"","site-post-title":"","ast-breadcrumbs-content":"","ast-featured-img":"","footer-sml-layout":"","theme-transparent-header-meta":"default","adv-header-id-meta":"","stick-header-meta":"","header-above-stick-meta":"","header-main-stick-meta":"","header-below-stick-meta":""},"categories":[758],"tags":[],"acf":[],"_links":{"self":[{"href":"https:\/\/www.cnbb.org.br\/cnbb-app\/wp\/v2\/posts\/976324"}],"collection":[{"href":"https:\/\/www.cnbb.org.br\/cnbb-app\/wp\/v2\/posts"}],"about":[{"href":"https:\/\/www.cnbb.org.br\/cnbb-app\/wp\/v2\/types\/post"}],"author":[{"embeddable":true,"href":"https:\/\/www.cnbb.org.br\/cnbb-app\/wp\/v2\/users\/23"}],"replies":[{"embeddable":true,"href":"https:\/\/www.cnbb.org.br\/cnbb-app\/wp\/v2\/comments?post=976324"}],"version-history":[{"count":3,"href":"https:\/\/www.cnbb.org.br\/cnbb-app\/wp\/v2\/posts\/976324\/revisions"}],"predecessor-version":[{"id":976327,"href":"https:\/\/www.cnbb.org.br\/cnbb-app\/wp\/v2\/posts\/976324\/revisions\/976327"}],"wp:attachment":[{"href":"https:\/\/www.cnbb.org.br\/cnbb-app\/wp\/v2\/media?parent=976324"}],"wp:term":[{"taxonomy":"category","embeddable":true,"href":"https:\/\/www.cnbb.org.br\/cnbb-app\/wp\/v2\/categories?post=976324"},{"taxonomy":"post_tag","embeddable":true,"href":"https:\/\/www.cnbb.org.br\/cnbb-app\/wp\/v2\/tags?post=976324"}],"curies":[{"name":"wp","href":"https:\/\/api.w.org\/{rel}","templated":true}]}}