{"id":976563,"date":"2025-01-27T11:54:30","date_gmt":"2025-01-27T14:54:30","guid":{"rendered":"https:\/\/www.cnbb.org.br\/?p=976563"},"modified":"2025-01-27T13:06:56","modified_gmt":"2025-01-27T16:06:56","slug":"representantes-de-comunicacao-de-conferencias-episcopais-do-mundo-todo-se-encontram-com-o-papa","status":"publish","type":"post","link":"https:\/\/www.cnbb.org.br\/representantes-de-comunicacao-de-conferencias-episcopais-do-mundo-todo-se-encontram-com-o-papa\/","title":{"rendered":"Representantes de Comunica\u00e7\u00e3o de Confer\u00eancias Episcopais do mundo todo se encontram com o Papa"},"content":{"rendered":"<p style=\"text-align: justify;\">No encerramento do Jubileu do Mundo das Comunica\u00e7\u00f5es, o Papa recebeu na manh\u00e3 desta segunda-feira, 27 de janeiro, os presidentes das Comiss\u00f5es Episcopais da Comunica\u00e7\u00e3o e assessores de imprensa das Confer\u00eancias Episcopais que se encontram em Roma para um encontro, durante a semana toda na Universidade Urbaniana, organizado pelo Dicast\u00e9rio para a Comunica\u00e7\u00e3o. Eles v\u00e3o refletir sobre a comunica\u00e7\u00e3o eclesial, intelig\u00eancia artificial, redes sociais, informa\u00e7\u00e3o e desinforma\u00e7\u00e3o com conferencistas do mundo inteiro.<\/p>\n<h3>Audi\u00eancia com o Papa<\/h3>\n<p style=\"text-align: justify;\">Mais do que indica\u00e7\u00f5es, o discurso do Papa foi um convite a um exame de consci\u00eancia atrav\u00e9s de v\u00e1rios interrogativos para refletir sobre como a Igreja comunica atualmente.<\/p>\n<p style=\"text-align: justify;\">Francisco ent\u00e3o come\u00e7a: de que modo semeamos esperan\u00e7a em meio a tanto desespero? Como lidamos com o v\u00edrus da divis\u00e3o que amea\u00e7a as nossas comunidades? A nossa comunica\u00e7\u00e3o \u00e9 acompanhada pela ora\u00e7\u00e3o? Ou comunicamos a Igreja adotando somente as regras do marketing empresarial?<\/p>\n<blockquote>\n<p style=\"text-align: justify;\">E continua: como indicamos uma perspectiva diferente em rela\u00e7\u00e3o a um futuro que ainda n\u00e3o foi escrito? &#8220;<span style=\"font-size: 17.6px;\">Gosto desta express\u00e3o: escrever o futuro. Cabe a n\u00f3s escrever o futuro. Sabemos comunicar que esta esperan\u00e7a n\u00e3o \u00e9 uma ilus\u00e3o? A esperan\u00e7a nunca decepciona, mas sabemos comunicar isso? Sabemos comunicar que a vida dos outros pode ser mais bela tamb\u00e9m atrav\u00e9s de n\u00f3s? Eu posso contribuir a dar beleza \u00e0 vida dos outros? E sabemos comunicar e convencer que \u00e9 poss\u00edvel perdoar? \u00c9 muito dif\u00edcil isso.\u201d<\/span><\/p>\n<\/blockquote>\n<p style=\"text-align: justify;\">Para o Pont\u00edfice, a comunica\u00e7\u00e3o crist\u00e3 \u00e9 mostrar que o Reino de Deus est\u00e1 pr\u00f3ximo: aqui, agora, e \u00e9 como um milagre que pode ser vivido por cada pessoa, por cada povo. Um milagre que deve ser contado oferecendo chaves de leitura para olhar al\u00e9m do banal, do mal, dos preconceitos, dos estere\u00f3tipos, de si mesmo.<\/p>\n<p style=\"text-align: justify;\">O desafio \u00e9 grande, afirma o Papa, encorajando os presentes a refor\u00e7arem a sinergia entre si, seja em n\u00edvel continental, seja universal. Comunicar construindo pontes \u00e9 uma alternativa \u00e0s novas torres de Babel. \u201cPensem nisso. As novas torres de Babel: todos falam e n\u00e3o se entendem.\u201d<\/p>\n<p><img decoding=\"async\" loading=\"lazy\" class=\"aligncenter wp-image-976565 size-large\" src=\"https:\/\/www.cnbb.org.br\/wp-content\/uploads\/2025\/01\/Jubileu-dos-Comunicadores-Arnaldo-Rodrigues-1024x768.jpg\" alt=\"\" width=\"1024\" height=\"768\" srcset=\"https:\/\/www.cnbb.org.br\/wp-content\/uploads\/2025\/01\/Jubileu-dos-Comunicadores-Arnaldo-Rodrigues-1024x768.jpg 1024w, https:\/\/www.cnbb.org.br\/wp-content\/uploads\/2025\/01\/Jubileu-dos-Comunicadores-Arnaldo-Rodrigues-300x225.jpg 300w, https:\/\/www.cnbb.org.br\/wp-content\/uploads\/2025\/01\/Jubileu-dos-Comunicadores-Arnaldo-Rodrigues-768x576.jpg 768w, https:\/\/www.cnbb.org.br\/wp-content\/uploads\/2025\/01\/Jubileu-dos-Comunicadores-Arnaldo-Rodrigues-1536x1152.jpg 1536w, https:\/\/www.cnbb.org.br\/wp-content\/uploads\/2025\/01\/Jubileu-dos-Comunicadores-Arnaldo-Rodrigues-500x375.jpg 500w, https:\/\/www.cnbb.org.br\/wp-content\/uploads\/2025\/01\/Jubileu-dos-Comunicadores-Arnaldo-Rodrigues-800x600.jpg 800w, https:\/\/www.cnbb.org.br\/wp-content\/uploads\/2025\/01\/Jubileu-dos-Comunicadores-Arnaldo-Rodrigues.jpg 1600w\" sizes=\"(max-width: 1024px) 100vw, 1024px\" \/><\/p>\n<h3><\/h3>\n<h3>Comunicar juntos e em rede<\/h3>\n<p style=\"text-align: justify;\">Para responder a todos esses interrogativos, o Pont\u00edfice indica duas palavras: \u201cjuntos\u201d e \u201crede\u201d.<\/p>\n<p style=\"text-align: justify;\">Somente juntos \u00e9 poss\u00edvel comunicar a beleza do encontro com Cristo e semear esperan\u00e7a. \u201cN\u00e3o se esque\u00e7am disto: semear esperan\u00e7a.\u201d Comunicar, prosseguiu, n\u00e3o \u00e9 uma t\u00e1tica nem uma t\u00e9cnica, \u201ccomunicar \u00e9 um ato de amor\u201d. Somente um ato de amor gratuito tece redes de bem, redes que devem ser reparadas todos os dias.<\/p>\n<p style=\"text-align: justify;\">Rede, ali\u00e1s, n\u00e3o \u00e9 uma palavra ligada \u00e0 civiliza\u00e7\u00e3o digital. Antes das redes sociais j\u00e1 havia as redes dos pescadores e o convite de Jesus a Pedro a se tornar pescadores de homens.<\/p>\n<blockquote>\n<p style=\"text-align: justify;\">\u201cPensemos ent\u00e3o o que podemos fazer juntos gra\u00e7as aos novos instrumentos da era digital, gra\u00e7as tamb\u00e9m \u00e0 intelig\u00eancia artificial, se ao inv\u00e9s de transformar a tecnologia em um \u00eddolo, nos compromet\u00eassemos mais a fazer rede. Eu lhes confesso uma coisa: mais do que a intelig\u00eancia artificial, me preocupa aquela natural, aquela intelig\u00eancia que n\u00f3s devemos desenvolver.\u201d<\/p>\n<\/blockquote>\n<p style=\"text-align: justify;\">O segredo da for\u00e7a comunicativa da Igreja \u00e9 fazer rede e ser rede, disse ainda o Papa, ao inv\u00e9s de se entregar \u00e0s sirenes est\u00e9reis da autopromo\u00e7\u00e3o. O maior milagre de Jesus n\u00e3o \u00e9 a rede cheia de peixes, mas n\u00e3o deixar que os pescadores fossem v\u00edtimas da desilus\u00e3o e do desencorajamento. \u201cPor favor, n\u00e3o cair na tristeza interior. N\u00e3o perder o sentido do humorismo que \u00e9 sabedoria, sabedoria de todos os dias.\u201d<\/p>\n<p style=\"text-align: justify;\">A comunica\u00e7\u00e3o cat\u00f3lica \u00e9 para todos, recordou Francisco. N\u00e3o \u00e9 uma \u201cseita para falar entre n\u00f3s\u201d. \u00c9 o espa\u00e7o aberto de um testemunho que sabe ouvir e interceptar os sinais do Reino.<\/p>\n<p style=\"text-align: justify;\">Por fim, mais uma interroga\u00e7\u00e3o: nossos escrit\u00f3rios, rela\u00e7\u00f5es, redes s\u00e3o realmente de uma Igreja em sa\u00edda?<\/p>\n<p style=\"text-align: justify;\">A Igreja deve sair de si mesma, concluiu o Santo Padre, oferecendo como imagem a narra\u00e7\u00e3o do Apocalipse, em que o Senhor bate \u00e0 porta para entrar. \u201cMas agora, muitas vezes o Senhor bate a partir de dentro porque n\u00f3s, crist\u00e3os, o deixemos sair. E n\u00f3s muitas vezes o prendemos somente para n\u00f3s. Devemos deixar sair o Senhor, bate \u00e0 porta para sair, e n\u00e3o \u2018escraviz\u00e1-lo\u2019 para o nosso trabalho\u201d.<\/p>\n<h3 style=\"text-align: justify;\">Participa\u00e7\u00e3o da CNBB<\/h3>\n<p style=\"text-align: justify;\">Estava presente no encontro presidente da Comiss\u00e3o Episcopal para a Comunica\u00e7\u00e3o da CNBB, dom Valdir Jos\u00e9 de Castro, bispo de Campo Limpo (SP), que comenta este Jubileu da comunica\u00e7\u00e3o.<\/p>\n<div class=\"ast-oembed-container\" style=\"height: 100%;\"><iframe loading=\"lazy\" title=\"Dom Valdir: ser comunicadores de esperan\u00e7a\" width=\"500\" height=\"281\" src=\"https:\/\/www.youtube.com\/embed\/QcG1ljpkE_g?feature=oembed\" frameborder=\"0\" allow=\"accelerometer; autoplay; clipboard-write; encrypted-media; gyroscope; picture-in-picture; web-share\" referrerpolicy=\"strict-origin-when-cross-origin\" allowfullscreen><\/iframe><\/div>\n<p style=\"text-align: justify;\">O assessor de comunica\u00e7\u00e3o da CNBB, padre Arnaldo Rodrigues, destacou o humor a alegria do Santo Padre e o convite feito aos comunicadores das confer\u00eancias e pensar uma comunica\u00e7\u00e3o com a alegria. &#8220;O Papa refor\u00e7ou bastante a import\u00e2ncia de pensar em um futuro n\u00e3o muito distante, mas pensar o futuro e com a\u00e7\u00f5es a partir de agora&#8221;, disse.<\/p>\n<blockquote>\n<p style=\"text-align: justify;\">Padre Arnaldo contou que o Papa, ap\u00f3s agradecer aos comunicadores eclesiais de todo mundo, refor\u00e7ou o seu papel dos comunicadores \u00e9 de n\u00e3o apenas assistir\u00a0 mas de criar uma comunica\u00e7\u00e3o em vista de criar um futuro melhor. &#8220;O encontro hoje foi de muita alegria, muita ora\u00e7\u00e3o. Um encontro no qual as pessoas se emocionaram muito porque se encontraram pela primeira vez ao Papa&#8221;, disse.<\/p>\n<\/blockquote>\n<figure id=\"attachment_976572\" aria-describedby=\"caption-attachment-976572\" style=\"width: 1024px\" class=\"wp-caption aligncenter\"><img decoding=\"async\" loading=\"lazy\" class=\"wp-image-976572 size-large\" src=\"https:\/\/www.cnbb.org.br\/wp-content\/uploads\/2025\/01\/Padre-Arnaldo-e-Paolo-Rufini-1024x768.jpg\" alt=\"\" width=\"1024\" height=\"768\" srcset=\"https:\/\/www.cnbb.org.br\/wp-content\/uploads\/2025\/01\/Padre-Arnaldo-e-Paolo-Rufini-1024x768.jpg 1024w, https:\/\/www.cnbb.org.br\/wp-content\/uploads\/2025\/01\/Padre-Arnaldo-e-Paolo-Rufini-300x225.jpg 300w, https:\/\/www.cnbb.org.br\/wp-content\/uploads\/2025\/01\/Padre-Arnaldo-e-Paolo-Rufini-768x576.jpg 768w, https:\/\/www.cnbb.org.br\/wp-content\/uploads\/2025\/01\/Padre-Arnaldo-e-Paolo-Rufini-500x375.jpg 500w, https:\/\/www.cnbb.org.br\/wp-content\/uploads\/2025\/01\/Padre-Arnaldo-e-Paolo-Rufini-800x600.jpg 800w, https:\/\/www.cnbb.org.br\/wp-content\/uploads\/2025\/01\/Padre-Arnaldo-e-Paolo-Rufini.jpg 1280w\" sizes=\"(max-width: 1024px) 100vw, 1024px\" \/><figcaption id=\"caption-attachment-976572\" class=\"wp-caption-text\">Mois\u00e9s Saberdeloto, \u00e0 esquerda na foto, \u00e9 um dos conferencistas do encontro.<\/figcaption><\/figure>\n<p>&nbsp;<\/p>\n<pre>Por Willian Bonfim com informa\u00e7\u00f5es do <a href=\"https:\/\/www.vaticannews.va\/pt\/papa\/news\/2025-01\/papa-francisco-mensagem-dia-mundial-comunicacoes-sociais-2025.html\" target=\"_blank\" rel=\"noopener\">VaticanNews<\/a><\/pre>\n","protected":false},"excerpt":{"rendered":"<p>Durante uma semana, os presidentes das Comiss\u00f5es Episcopais da Comunica\u00e7\u00e3o e assessores de imprensa das Confer\u00eancias Episcopais v\u00e3o refletir sobre a comunica\u00e7\u00e3o eclesial, intelig\u00eancia artificial, redes sociais, informa\u00e7\u00e3o e desinforma\u00e7\u00e3o em encontro promovido pelo Dicast\u00e9rio para a Comunica\u00e7\u00e3o <\/p>\n","protected":false},"author":142,"featured_media":976567,"comment_status":"closed","ping_status":"closed","sticky":false,"template":"","format":"standard","meta":{"site-sidebar-layout":"default","site-content-layout":"default","ast-global-header-display":"","ast-banner-title-visibility":"","ast-main-header-display":"","ast-hfb-above-header-display":"","ast-hfb-below-header-display":"","ast-hfb-mobile-header-display":"","site-post-title":"","ast-breadcrumbs-content":"","ast-featured-img":"","footer-sml-layout":"","theme-transparent-header-meta":"default","adv-header-id-meta":"","stick-header-meta":"","header-above-stick-meta":"","header-main-stick-meta":"","header-below-stick-meta":""},"categories":[878,50],"tags":[3333,4922,5862],"acf":[],"_links":{"self":[{"href":"https:\/\/www.cnbb.org.br\/cnbb-app\/wp\/v2\/posts\/976563"}],"collection":[{"href":"https:\/\/www.cnbb.org.br\/cnbb-app\/wp\/v2\/posts"}],"about":[{"href":"https:\/\/www.cnbb.org.br\/cnbb-app\/wp\/v2\/types\/post"}],"author":[{"embeddable":true,"href":"https:\/\/www.cnbb.org.br\/cnbb-app\/wp\/v2\/users\/142"}],"replies":[{"embeddable":true,"href":"https:\/\/www.cnbb.org.br\/cnbb-app\/wp\/v2\/comments?post=976563"}],"version-history":[{"count":6,"href":"https:\/\/www.cnbb.org.br\/cnbb-app\/wp\/v2\/posts\/976563\/revisions"}],"predecessor-version":[{"id":976580,"href":"https:\/\/www.cnbb.org.br\/cnbb-app\/wp\/v2\/posts\/976563\/revisions\/976580"}],"wp:featuredmedia":[{"embeddable":true,"href":"https:\/\/www.cnbb.org.br\/cnbb-app\/wp\/v2\/media\/976567"}],"wp:attachment":[{"href":"https:\/\/www.cnbb.org.br\/cnbb-app\/wp\/v2\/media?parent=976563"}],"wp:term":[{"taxonomy":"category","embeddable":true,"href":"https:\/\/www.cnbb.org.br\/cnbb-app\/wp\/v2\/categories?post=976563"},{"taxonomy":"post_tag","embeddable":true,"href":"https:\/\/www.cnbb.org.br\/cnbb-app\/wp\/v2\/tags?post=976563"}],"curies":[{"name":"wp","href":"https:\/\/api.w.org\/{rel}","templated":true}]}}