{"id":976699,"date":"2025-01-25T16:54:39","date_gmt":"2025-01-25T19:54:39","guid":{"rendered":"https:\/\/www.cnbb.org.br\/?p=976699"},"modified":"2025-01-29T16:57:47","modified_gmt":"2025-01-29T19:57:47","slug":"romaria-em-brumadinho","status":"publish","type":"post","link":"https:\/\/www.cnbb.org.br\/romaria-em-brumadinho\/","title":{"rendered":"Romaria em Brumadinho"},"content":{"rendered":"<p style=\"text-align: right;\">Dom Walmor Oliveira de Azevedo<br \/>\nArcebispo de Belo Horizonte (MG)<\/p>\n<p style=\"text-align: justify;\">A Romaria pela Ecologia Integral, em Brumadinho, neste dia 25 de janeiro, recoloca no horizonte, de modo forte e especial, os familiares e suas joias &#8211; vidas perdidas pela trag\u00e9dia-crime com o rompimento da barragem no C\u00f3rrego do Feij\u00e3o, em 2019. Uma mem\u00f3ria orante que p\u00f5e em evid\u00eancia especial princ\u00edpio: a vida em primeiro lugar, n\u00e3o podendo ser negligenciada a sacralidade de cada pessoa e do meio ambiente, a Casa Comum. Nenhuma l\u00f3gica justifica o desrespeito a esse princ\u00edpio, menos ainda aquelas que est\u00e3o a servi\u00e7o do dinheiro. A rever\u00eancia \u00e0s 272 pessoas que morreram na trag\u00e9dia, inesquec\u00edveis nos cora\u00e7\u00f5es, permite revisitar li\u00e7\u00f5es essenciais para se alcan\u00e7ar novo patamar civilizat\u00f3rio. Manter-se distante desse patamar significa continuar assistindo, diariamente, irracionalidades contracenarem com as conquistas fant\u00e1sticas da intelig\u00eancia humana, convivendo com guerras, viol\u00eancias e indiferentismos diante da dor do semelhante. Por isso, a Romaria pela Ecologia Integral, vivida no caminho do Ano Jubilar 2025 celebrado pela Igreja, a partir da convoca\u00e7\u00e3o do Papa Francisco, \u00e9 clamor por um novo estilo de vida. H\u00e1 uma d\u00edvida ecol\u00f3gica que urge ser paga, por a\u00e7\u00f5es concretas e incidentes no tecido social, com efetivo e respeitoso tratamento dedicado ao meio ambiente.<\/p>\n<p>As trag\u00e9dias ambientais n\u00e3o podem gerar simplesmente monumentos admir\u00e1veis em homenagem \u00e0 mem\u00f3ria. Urgente s\u00e3o as medidas de preven\u00e7\u00e3o das cat\u00e1strofes, com a\u00e7\u00f5es que promovam, em primeiro lugar, a vida humana. Para isso, \u00e9 imprescind\u00edvel o tratamento t\u00e9cnico e human\u00edstico adequado do meio ambiente. Entristecedor \u00e9 ouvir pelo notici\u00e1rio declara\u00e7\u00f5es e posturas de l\u00edderes pol\u00edticos que se fecham ao di\u00e1logo e privilegiam interesses meramente nacionalistas, esquecendo-se que o mundo \u201c\u00e9 uma barca\u201d, conforme acentuou o Papa Francisco, durante a pandemia da Covid-19. Nesta barca todos est\u00e3o, em um destino comum, de vit\u00f3rias ou de fracassos. A d\u00edvida ecol\u00f3gica incide, pois, sobre a vida de todos. Suas consequ\u00eancias representam um pre\u00e7o muito alto j\u00e1 \u201csentido na pele\u201d, especialmente pelos pobres e vulner\u00e1veis da terra.<\/p>\n<p style=\"text-align: justify;\">O pagamento da d\u00edvida ecol\u00f3gica deve se tornar meta priorit\u00e1ria para n\u00e3o a deixar aumentar, irresponsavelmente. Neste Ano Jubilar, tempo especial de reconcilia\u00e7\u00e3o e de perd\u00e3o, \u00e9 preciso reconhecer e adequadamente tratar as d\u00edvidas. As na\u00e7\u00f5es mais ricas s\u00e3o chamadas a reconhecer sua maior responsabilidade na gera\u00e7\u00e3o da d\u00edvida ecol\u00f3gica. O uso desproporcional de recursos naturais causa descompassos de toda ordem, acentuando a extrema pobreza e a desarmonia social. As na\u00e7\u00f5es mais ricas, ao inv\u00e9s de degolarem aquelas mais pobres com a cobran\u00e7a de juros pela d\u00edvida externa, devem exercer o perd\u00e3o, assumindo a responsabilidade por seu pr\u00f3prio endividamento, relacionado \u00e0 explora\u00e7\u00e3o predat\u00f3ria da natureza, pelo horror das l\u00f3gicas do dinheiro e dos interesses olig\u00e1rquicos. Combater a injusti\u00e7a na rela\u00e7\u00e3o entre pa\u00edses \u00e9 uma via aberta para a paz. Querer ganhar, lucrar e enriquecer-se a qualquer custo, definitivamente, n\u00e3o s\u00e3o caminhos para solucionar as necessidades comerciais e ambientais de uma na\u00e7\u00e3o.<\/p>\n<p>O caminho \u00e9 aprender as li\u00e7\u00f5es substantivas de uma ecologia integral. Com o protagonismo de l\u00edderes cidad\u00e3os e pol\u00edticos, promover, profeticamente, uma sensibiliza\u00e7\u00e3o capaz de vencer as inconsequ\u00eancias provocadas pela sede de poder e de dinheiro. A tem\u00e1tica ambiental n\u00e3o pode ser tratada de modo est\u00e9ril e vazio, limitada ao aprofundamento t\u00e9cnico-cient\u00edfico-pol\u00edtico da quest\u00e3o. Pede uma rea\u00e7\u00e3o da civiliza\u00e7\u00e3o contempor\u00e2nea. A cont\u00ednua acelera\u00e7\u00e3o das mudan\u00e7as clim\u00e1ticas no mundo, entendendo seu mecanismo pr\u00f3prio, emolduradas por trag\u00e9dias criminosas e cat\u00e1strofes lastim\u00e1veis, aponta para a urg\u00eancia de um adequado tratamento dedicado ao meio ambiente, contemplando os laborat\u00f3rios de cientistas, as c\u00e1tedras acad\u00eamicas, confiss\u00f5es religiosas e institui\u00e7\u00f5es culturais, tamb\u00e9m cada lar e at\u00e9 mesmo as conversas descontra\u00eddas, na sociabilidade cotidiana.<\/p>\n<p style=\"text-align: justify;\">Neste tempo de clima imprevis\u00edvel, qualquer um pode ser vitimado de alguma maneira, quando menos se espera. Merecem especial aten\u00e7\u00e3o e medidas urgentes as mudan\u00e7as que levam \u00e0 deteriora\u00e7\u00e3o do planeta e da qualidade de vida da maior parte da humanidade. Nessa perspectiva, a realiza\u00e7\u00e3o da Romaria, em Brumadinho, fecundada pela for\u00e7a afetiva e amorosa de todos os que sofrem na pr\u00f3pria pele os impactos perversos da degrada\u00e7\u00e3o ambiental, \u00e9 investimento indispens\u00e1vel para despertar a consci\u00eancia cidad\u00e3: todos t\u00eam uma parcela de responsabilidade nas mudan\u00e7as necess\u00e1rias \u00e0 preserva\u00e7\u00e3o do planeta. S\u00e3o muitos os temas e as pautas que precisam fazer parte do cotidiano da humanidade &#8211; a polui\u00e7\u00e3o, a gera\u00e7\u00e3o de res\u00edduos e a cultura do descarte, para citar alguns. O clima \u00e9 condi\u00e7\u00e3o essencial \u00e0 vida humana, com impactos que v\u00e3o desde a disponibilidade de \u00e1gua at\u00e9 a produ\u00e7\u00e3o de alimentos. N\u00e3o basta, pois, o bem-estar de quem tem dinheiro promovido a partir de uma degrada\u00e7\u00e3o socioambiental perigosa.<\/p>\n<p style=\"text-align: justify;\">\u00c9 necess\u00e1rio aprofundar debates e pesquisas, tamb\u00e9m investir na delibera\u00e7\u00e3o pol\u00edtica para alcan\u00e7ar legisla\u00e7\u00f5es efetivas na prote\u00e7\u00e3o ambiental. Igualmente importante \u00e9 cultivar, amplamente, a sensibilidade ecol\u00f3gica como alma da cidadania, alavanca de um modo adequado para viver em sociedade. Diante dessas necessidades, engana-se quem pensa que uma romaria tem pouca for\u00e7a transformadora, compreendendo-a como acontecimento insignificante. A Romaria cumpre uma miss\u00e3o humanit\u00e1ria, cidad\u00e3, espiritual, pol\u00edtica, ainda que pare\u00e7a \u201cgota d\u2019\u00e1gua no oceano\u201d. Ela exerce o seu papel quando ajuda pol\u00edticos e cidad\u00e3os a despertarem para a gravidade do que est\u00e1 ocorrendo no planeta. A Romaria pela Ecologia Integral em Brumadinho, com suas din\u00e2micas, \u00e9 aux\u00edlio na abertura de um novo ciclo que se efetivar\u00e1 quando a civiliza\u00e7\u00e3o compreender a necessidade de adotar um novo estilo de vida no planeta, em harmonia com a Casa Comum. Participe da Romaria pela Ecologia Integral em Brumadinho.<\/p>\n<p>&nbsp;<\/p>\n","protected":false},"excerpt":{"rendered":"<p>Dom Walmor Oliveira de Azevedo Arcebispo de Belo Horizonte (MG) A Romaria pela Ecologia Integral, em Brumadinho, neste dia 25 de janeiro, recoloca no horizonte, de modo forte e especial, os familiares e suas joias &#8211; vidas perdidas pela trag\u00e9dia-crime com o rompimento da barragem no C\u00f3rrego do Feij\u00e3o, em 2019. Uma mem\u00f3ria orante que &hellip;<\/p>\n<p class=\"read-more\"> <a class=\"\" href=\"https:\/\/www.cnbb.org.br\/romaria-em-brumadinho\/\"> <span class=\"screen-reader-text\">Romaria em Brumadinho<\/span> Leia mais &raquo;<\/a><\/p>\n","protected":false},"author":8,"featured_media":0,"comment_status":"closed","ping_status":"closed","sticky":false,"template":"","format":"standard","meta":{"site-sidebar-layout":"default","site-content-layout":"default","ast-global-header-display":"","ast-banner-title-visibility":"","ast-main-header-display":"","ast-hfb-above-header-display":"","ast-hfb-below-header-display":"","ast-hfb-mobile-header-display":"","site-post-title":"","ast-breadcrumbs-content":"","ast-featured-img":"","footer-sml-layout":"","theme-transparent-header-meta":"default","adv-header-id-meta":"","stick-header-meta":"","header-above-stick-meta":"","header-main-stick-meta":"","header-below-stick-meta":""},"categories":[758],"tags":[],"acf":[],"_links":{"self":[{"href":"https:\/\/www.cnbb.org.br\/cnbb-app\/wp\/v2\/posts\/976699"}],"collection":[{"href":"https:\/\/www.cnbb.org.br\/cnbb-app\/wp\/v2\/posts"}],"about":[{"href":"https:\/\/www.cnbb.org.br\/cnbb-app\/wp\/v2\/types\/post"}],"author":[{"embeddable":true,"href":"https:\/\/www.cnbb.org.br\/cnbb-app\/wp\/v2\/users\/8"}],"replies":[{"embeddable":true,"href":"https:\/\/www.cnbb.org.br\/cnbb-app\/wp\/v2\/comments?post=976699"}],"version-history":[{"count":2,"href":"https:\/\/www.cnbb.org.br\/cnbb-app\/wp\/v2\/posts\/976699\/revisions"}],"predecessor-version":[{"id":976701,"href":"https:\/\/www.cnbb.org.br\/cnbb-app\/wp\/v2\/posts\/976699\/revisions\/976701"}],"wp:attachment":[{"href":"https:\/\/www.cnbb.org.br\/cnbb-app\/wp\/v2\/media?parent=976699"}],"wp:term":[{"taxonomy":"category","embeddable":true,"href":"https:\/\/www.cnbb.org.br\/cnbb-app\/wp\/v2\/categories?post=976699"},{"taxonomy":"post_tag","embeddable":true,"href":"https:\/\/www.cnbb.org.br\/cnbb-app\/wp\/v2\/tags?post=976699"}],"curies":[{"name":"wp","href":"https:\/\/api.w.org\/{rel}","templated":true}]}}