{"id":976755,"date":"2025-01-31T13:55:21","date_gmt":"2025-01-31T16:55:21","guid":{"rendered":"https:\/\/www.cnbb.org.br\/?p=976755"},"modified":"2025-01-31T13:56:19","modified_gmt":"2025-01-31T16:56:19","slug":"presidencia-da-cnbb-cumpre-visita-anual-ao-santo-padre-e-a-curia-romana-2025","status":"publish","type":"post","link":"https:\/\/www.cnbb.org.br\/presidencia-da-cnbb-cumpre-visita-anual-ao-santo-padre-e-a-curia-romana-2025\/","title":{"rendered":"Presid\u00eancia da CNBB cumpre visita anual ao Santo Padre e \u00e0 C\u00faria Romana a partir de ter\u00e7a-feira, 4\/2"},"content":{"rendered":"<p style=\"text-align: justify;\">A presid\u00eancia da Confer\u00eancia Nacional dos Bispos do Brasil (CNBB) cumpre de sexta-feira, 31 de janeiro, at\u00e9 o pr\u00f3ximo dia 10 de fevereiro, a agenda da visita anual ao Santo Padre e a alguns dicast\u00e9rios da C\u00faria Roma. A programa\u00e7\u00e3o e a agenda \u00e9 organizada pelo Dicast\u00e9rio para os Bispos.<\/p>\n<p style=\"text-align: justify;\">O bispo auxiliar de Bras\u00edlia e secretr\u00e1rio-geral da CNBB, dom Ricardo Hoepers, (\u00e0 direita na foto abaixo) afirma que a viagem \u00e9 uma grande oportunidade de apresentar ao Papa Francisco e aos prefeitos dos Dicast\u00e9rios o andamento da Evangeliza\u00e7\u00e3o no Brasil, os projetos da Confer\u00eancia e de suas Comiss\u00f5es Epsicopais. &#8220;Acima de tudo, \u00e9 um momento de ouvir o que o Santo Padre e os Dicast\u00e9rios t\u00eam a nos dizer&#8221;, disse.<\/p>\n<p><img decoding=\"async\" loading=\"lazy\" class=\"size-medium wp-image-949761 alignleft\" src=\"https:\/\/www.cnbb.org.br\/wp-content\/uploads\/2023\/08\/Posse-dom-Paulo-Jackson-3-presidencia-265x300.jpg\" alt=\"\" width=\"265\" height=\"300\" srcset=\"https:\/\/www.cnbb.org.br\/wp-content\/uploads\/2023\/08\/Posse-dom-Paulo-Jackson-3-presidencia-265x300.jpg 265w, https:\/\/www.cnbb.org.br\/wp-content\/uploads\/2023\/08\/Posse-dom-Paulo-Jackson-3-presidencia-904x1024.jpg 904w, https:\/\/www.cnbb.org.br\/wp-content\/uploads\/2023\/08\/Posse-dom-Paulo-Jackson-3-presidencia-768x870.jpg 768w, https:\/\/www.cnbb.org.br\/wp-content\/uploads\/2023\/08\/Posse-dom-Paulo-Jackson-3-presidencia-500x567.jpg 500w, https:\/\/www.cnbb.org.br\/wp-content\/uploads\/2023\/08\/Posse-dom-Paulo-Jackson-3-presidencia.jpg 960w\" sizes=\"(max-width: 265px) 100vw, 265px\" \/><\/p>\n<p style=\"text-align: justify;\">A presid\u00eancia da CNBB preparou o relat\u00f3rio: &#8220;CNBB 2024 &#8211; No caminho sinodal, rumo ao Ano Jubilar&#8221; que ser\u00e1 entregue ao Papa Francisco. &#8220;Estamos felizes por podermos participar tamb\u00e9m do Ano Jubilar. Vamos pedir a b\u00ean\u00e7\u00e3o do Papa a todo brasileiro e \u00e0s novas diretrizes gerais da A\u00e7\u00e3o Evangelizadora da Igreja no Brasil que ser\u00e3o aprovadas na 62\u00aa Assembleia Geral da CNBB&#8221;, disse.<\/p>\n<p style=\"text-align: justify;\">Dom Ricardo pontua que a presid\u00eancia vai mostrar que a Igreja no Brasil est\u00e1 em plena comunh\u00e3o com o S\u00ednodo sobre a Sinodalidade, o Jubileu da Esperan\u00e7a e com tudo aquilo que o Santo Padre apresenta como grandes linhas de seu minist\u00e9rio Petrino.<\/p>\n<blockquote>\n<p style=\"text-align: justify;\">&#8220;De maneira geral, a expectativa \u00e9 muito boa e esperamos que, mais uma vez, possamos apresentar a beleza e a din\u00e2mica da evangeliza\u00e7\u00e3o no Brasil e nos unir em comunh\u00e3o, em fraternidade e, acima de tudo, em unidade como Papa Francisco e todos os Dicast\u00e9rios&#8221;, disse dom Ricardo.<\/p>\n<\/blockquote>\n<h3>Agenda oficial<\/h3>\n<p style=\"text-align: justify;\">A agenda de visitas tem in\u00edcio na ter\u00e7a-feira, 4, e se estende at\u00e9 o dia 10 de fevereiro. A audi\u00eancia com o Papa Francisco est\u00e1 marcada para o dia 6 de fevereiro, \u00e0s 8h (hor\u00e1rio do Vaticano).<\/p>\n<p style=\"text-align: justify;\">Al\u00e9m de alguns Dicast\u00e9rios, a presid\u00eancia tamb\u00e9m visitar\u00e1 a Secret\u00e1ria de Estado do Vaticano, as Pontif\u00edcias Academia para a Vida e Comiss\u00e3o para a Tutela de Menores. Na agenda tamb\u00e9m est\u00e1 prevista uma visita \u00e0 Confer\u00eancia Episcopal Italiana.<\/p>\n<p style=\"text-align: justify;\">No dia 8 de fevereiro, \u00e0s 18h (hor\u00e1rio do Vaticano),\u00a0 o cardeal Jaime Spengler tomar\u00e1 posse do t\u00edtulo da par\u00f3quia de S\u00e3o Greg\u00f3rio Magno. Na tradi\u00e7\u00e3o da Igreja, ao ser criado cardeal, cada membro do Col\u00e9gio Cardinal\u00edcio recebe o t\u00edtulo de uma igreja em Roma, simbolizando sua liga\u00e7\u00e3o com o Papa.<\/p>\n<p style=\"text-align: justify;\">Acompanham a visita, o subsecret\u00e1rio geral da CNBB, padre Leandro Megeto, e o assessor de comunica\u00e7\u00e3o da Confer\u00eancia, padre Arnaldo Rodrigues da Silva.<\/p>\n<pre>Por Willian Bonfim<\/pre>\n","protected":false},"excerpt":{"rendered":"<p>A presid\u00eancia da Confer\u00eancia Nacional dos Bispos do Brasil (CNBB) cumpre de sexta-feira, 31 de janeiro, at\u00e9 o pr\u00f3ximo dia 10 de fevereiro, a agenda da visita anual ao Santo Padre e a alguns dicast\u00e9rios da C\u00faria Roma. A programa\u00e7\u00e3o e a agenda \u00e9 organizada pelo Dicast\u00e9rios para os Bispos<\/p>\n","protected":false},"author":142,"featured_media":976756,"comment_status":"closed","ping_status":"closed","sticky":false,"template":"","format":"standard","meta":{"site-sidebar-layout":"default","site-content-layout":"default","ast-global-header-display":"","ast-banner-title-visibility":"","ast-main-header-display":"","ast-hfb-above-header-display":"","ast-hfb-below-header-display":"","ast-hfb-mobile-header-display":"","site-post-title":"","ast-breadcrumbs-content":"","ast-featured-img":"","footer-sml-layout":"","theme-transparent-header-meta":"default","adv-header-id-meta":"","stick-header-meta":"","header-above-stick-meta":"","header-main-stick-meta":"","header-below-stick-meta":""},"categories":[1841,797],"tags":[5870,5871],"acf":[],"_links":{"self":[{"href":"https:\/\/www.cnbb.org.br\/cnbb-app\/wp\/v2\/posts\/976755"}],"collection":[{"href":"https:\/\/www.cnbb.org.br\/cnbb-app\/wp\/v2\/posts"}],"about":[{"href":"https:\/\/www.cnbb.org.br\/cnbb-app\/wp\/v2\/types\/post"}],"author":[{"embeddable":true,"href":"https:\/\/www.cnbb.org.br\/cnbb-app\/wp\/v2\/users\/142"}],"replies":[{"embeddable":true,"href":"https:\/\/www.cnbb.org.br\/cnbb-app\/wp\/v2\/comments?post=976755"}],"version-history":[{"count":6,"href":"https:\/\/www.cnbb.org.br\/cnbb-app\/wp\/v2\/posts\/976755\/revisions"}],"predecessor-version":[{"id":976765,"href":"https:\/\/www.cnbb.org.br\/cnbb-app\/wp\/v2\/posts\/976755\/revisions\/976765"}],"wp:featuredmedia":[{"embeddable":true,"href":"https:\/\/www.cnbb.org.br\/cnbb-app\/wp\/v2\/media\/976756"}],"wp:attachment":[{"href":"https:\/\/www.cnbb.org.br\/cnbb-app\/wp\/v2\/media?parent=976755"}],"wp:term":[{"taxonomy":"category","embeddable":true,"href":"https:\/\/www.cnbb.org.br\/cnbb-app\/wp\/v2\/categories?post=976755"},{"taxonomy":"post_tag","embeddable":true,"href":"https:\/\/www.cnbb.org.br\/cnbb-app\/wp\/v2\/tags?post=976755"}],"curies":[{"name":"wp","href":"https:\/\/api.w.org\/{rel}","templated":true}]}}