{"id":976847,"date":"2025-02-08T08:00:26","date_gmt":"2025-02-08T11:00:26","guid":{"rendered":"https:\/\/www.cnbb.org.br\/?p=976847"},"modified":"2025-02-04T14:05:12","modified_gmt":"2025-02-04T17:05:12","slug":"5-domingo-do-tempo-comum-2","status":"publish","type":"post","link":"https:\/\/www.cnbb.org.br\/5-domingo-do-tempo-comum-2\/","title":{"rendered":"5\u00b0 Domingo do Tempo Comum"},"content":{"rendered":"<p style=\"text-align: right;\">Cardeal Orani Tempesta<br \/>\nArcebispo do Rio de Janeiro (RJ)<\/p>\n<p><em>\u201cAqui estou, Envia-me!\u201d (Is 6,8)<\/em><\/p>\n<p><strong>\u00a0<\/strong>Celebramos neste domingo o quinto do Tempo Comum. Na semana passada, celebramos, no domingo, a Festa da Apresenta\u00e7\u00e3o do Senhor. Essa primeira parte do Tempo Comum vai at\u00e9 a ter\u00e7a-feira de Carnaval e, na Quarta-feira de Cinzas, iniciamos o tempo quaresmal.<\/p>\n<p>O Tempo Comum \u00e9 um per\u00edodo em que acompanhamos Jesus em sua vida p\u00fablica, anunciando o Reino de Deus. Nos dias de hoje, Jesus nos envia para anunciarmos o Reino de Deus. Desde o nosso batismo, somos impelidos pelo Esp\u00edrito Santo a sermos disc\u00edpulos mission\u00e1rios do Senhor, sacerdotes, profetas e reis. Temos que instaurar o Reino de Deus aqui na terra para depois vivenci\u00e1-lo de maneira plena no c\u00e9u. Ao longo do Tempo Comum, Jesus escolhe os disc\u00edpulos para segui-lo, chama homens comuns do povo. Nos dias de hoje, Ele chama cada um de n\u00f3s.<\/p>\n<p>Todas as vezes que termina a Missa, o sacerdote, em nome de Cristo, nos envia em miss\u00e3o quando diz: \u201cIde em paz e que o Senhor vos acompanhe.\u201d A nossa miss\u00e3o \u00e9 di\u00e1ria. Todos os dias temos que anunciar o Reino de Deus, seja em casa, na comunidade, na escola ou no trabalho. O Senhor precisa de n\u00f3s na evangeliza\u00e7\u00e3o de todos os povos. Por isso, participamos da Santa Missa, para nos alimentarmos da Palavra e da Eucaristia, sermos enviados pelo Esp\u00edrito Santo e podermos anunciar a Palavra aos outros.<\/p>\n<p>Participemos com nossa fam\u00edlia da Santa Missa. O domingo \u00e9 dia de a fam\u00edlia participar da Eucaristia. Se conseguirmos levar nossa fam\u00edlia para a Missa, seremos mission\u00e1rios, pois a evangeliza\u00e7\u00e3o deve come\u00e7ar em casa. Nesta Eucaristia, rezemos pela paz, para que a paz em Israel seja duradoura e as pessoas pensem mais no di\u00e1logo do que nas armas.<\/p>\n<p>A primeira leitura da Missa deste domingo \u00e9 do livro do profeta Isa\u00edas (Is 6,1-2a.3-8). Essa leitura retrata uma vis\u00e3o que Isa\u00edas teve do Senhor e como ele foi chamado para anunciar o Reino de Deus. O anjo do Senhor toca os l\u00e1bios do profeta com uma brasa para que ele possa falar das coisas de Deus, e seus pecados e suas culpas foram perdoados. O profeta Isa\u00edas previa um tempo de paz e felicidade para Israel, sobretudo com a vinda do Messias. Isa\u00edas viveu h\u00e1 cerca de quatrocentos anos antes de Cristo, no contexto do ex\u00edlio da Babil\u00f4nia. Nos dias de hoje, o Senhor nos chama do mesmo modo que chamou o profeta, para que sejamos profetas nos tempos atuais. Quando o Senhor nos chamar, Ele espera que respondamos como o profeta: \u201cAqui estou, envia-me!\u201d.<\/p>\n<p>O Salmo Responsorial \u00e9 o 137 (138), que diz em seu refr\u00e3o: \u201cVou cantar-vos, ante os anjos, \u00f3 Senhor, e ante o vosso templo vou prostrar-me.\u201d Todos os dias temos que elevar a Deus uma prece de gratid\u00e3o pela vida, e todas as vezes que formos \u00e0 Igreja, temos que ador\u00e1-Lo com todo o respeito.<\/p>\n<p>A segunda leitura \u00e9 da Primeira Carta de S\u00e3o Paulo aos Cor\u00edntios (1Cor 15,1-11 | + longa). Paulo diz \u00e0 comunidade de Corinto que o Evangelho pregado por ele n\u00e3o \u00e9 uma inven\u00e7\u00e3o de sua cabe\u00e7a, mas ele prega aquilo que lhe foi revelado por Nosso Senhor Jesus Cristo. Paulo se considera o menor dos ap\u00f3stolos, pois foi chamado pelo Senhor depois, mas todos n\u00f3s sabemos que ele foi considerado um grande ap\u00f3stolo, que tinha a miss\u00e3o de evangelizar os gentios. Paulo diz que a gra\u00e7a de Deus est\u00e1 com ele e que \u00e9 pela gra\u00e7a de Deus que ele evangeliza.<\/p>\n<p>A gra\u00e7a de Deus acompanha todos aqueles que foram batizados, e essa gra\u00e7a nos impulsiona e capacita para a miss\u00e3o. Ao anunciar a Palavra aos demais irm\u00e3os, pedimos que o Esp\u00edrito Santo os ilumine para que creiam naquilo que foi pregado.<\/p>\n<p>O Evangelho desta Missa \u00e9 de Lucas (Lc 5,1-11). Nesse trecho do Evangelho, Lucas retrata quando Jesus chama os primeiros quatro ap\u00f3stolos para segui-lo: Pedro, Andr\u00e9, Tiago e Jo\u00e3o. Jesus estava passando pela beira do lago de Genesar\u00e9, e a multid\u00e3o apertava-se perto dele para ouvir a Palavra de Deus. Jesus v\u00ea duas barcas paradas na margem do lago. Os pescadores haviam parado as barcas e lavavam as redes, pois eram pescadores. Jesus pede que afastem um pouco a barca da margem e come\u00e7a a evangelizar a multid\u00e3o.<\/p>\n<p>Quando acaba de falar, pede para Sim\u00e3o avan\u00e7ar para \u00e1guas mais profundas e lan\u00e7ar novamente a rede para a pesca. Sim\u00e3o diz a Jesus que trabalharam a noite inteira e n\u00e3o conseguiram pescar nada, mas, em aten\u00e7\u00e3o \u00e0 sua palavra, lan\u00e7ariam as redes novamente. Assim fizeram e apanharam tamanha quantidade de peixes que as redes quase se rompiam. Tiveram que fazer sinal para que os companheiros da outra barca viessem ajudar a carregar as redes. As duas barcas quase afundaram com tamanha quantidade de peixes.<\/p>\n<p>Sim\u00e3o Pedro cai aos p\u00e9s de Jesus e diz: \u201cSenhor, afasta-te de mim, porque sou um pecador!\u201d (Lc 5,8). Em seguida, Jesus diz a Sim\u00e3o: \u201cN\u00e3o tenhas medo! De hoje em diante tu ser\u00e1s pescador de homens\u201d (Lc 5,10). Eles largam as redes e as barcas e come\u00e7am a seguir Jesus.<\/p>\n<p>O Senhor continua a chamar disc\u00edpulos e disc\u00edpulas para segui-Lo. Esses disc\u00edpulos, nos dias de hoje, somos cada um de n\u00f3s, batizados e batizadas, chamados a ser, na terra, sal e luz. A exemplo de Sim\u00e3o Pedro e seus companheiros, somos chamados a avan\u00e7ar para \u00e1guas mais profundas e \u201cpescar\u201d homens e mulheres para Deus.<\/p>\n<p>Celebremos com alegria este quinto domingo do Tempo Comum. Participemos da Santa Missa, tendo a certeza de que, ao final dela, come\u00e7a a nossa miss\u00e3o. Sejamos disc\u00edpulos e mission\u00e1rios do Senhor e levemos a Boa Nova para quem mais precisa.<\/p>\n<p><em>\u00a0<\/em><\/p>\n<p>&nbsp;<\/p>\n","protected":false},"excerpt":{"rendered":"<p>Cardeal Orani Tempesta Arcebispo do Rio de Janeiro (RJ) \u201cAqui estou, Envia-me!\u201d (Is 6,8) \u00a0Celebramos neste domingo o quinto do Tempo Comum. Na semana passada, celebramos, no domingo, a Festa da Apresenta\u00e7\u00e3o do Senhor. Essa primeira parte do Tempo Comum vai at\u00e9 a ter\u00e7a-feira de Carnaval e, na Quarta-feira de Cinzas, iniciamos o tempo quaresmal. &hellip;<\/p>\n<p class=\"read-more\"> <a class=\"\" href=\"https:\/\/www.cnbb.org.br\/5-domingo-do-tempo-comum-2\/\"> <span class=\"screen-reader-text\">5\u00b0 Domingo do Tempo Comum<\/span> Leia mais &raquo;<\/a><\/p>\n","protected":false},"author":31,"featured_media":0,"comment_status":"closed","ping_status":"closed","sticky":false,"template":"","format":"standard","meta":{"site-sidebar-layout":"default","site-content-layout":"default","ast-global-header-display":"","ast-banner-title-visibility":"","ast-main-header-display":"","ast-hfb-above-header-display":"","ast-hfb-below-header-display":"","ast-hfb-mobile-header-display":"","site-post-title":"","ast-breadcrumbs-content":"","ast-featured-img":"","footer-sml-layout":"","theme-transparent-header-meta":"default","adv-header-id-meta":"","stick-header-meta":"","header-above-stick-meta":"","header-main-stick-meta":"","header-below-stick-meta":""},"categories":[758],"tags":[],"acf":[],"_links":{"self":[{"href":"https:\/\/www.cnbb.org.br\/cnbb-app\/wp\/v2\/posts\/976847"}],"collection":[{"href":"https:\/\/www.cnbb.org.br\/cnbb-app\/wp\/v2\/posts"}],"about":[{"href":"https:\/\/www.cnbb.org.br\/cnbb-app\/wp\/v2\/types\/post"}],"author":[{"embeddable":true,"href":"https:\/\/www.cnbb.org.br\/cnbb-app\/wp\/v2\/users\/31"}],"replies":[{"embeddable":true,"href":"https:\/\/www.cnbb.org.br\/cnbb-app\/wp\/v2\/comments?post=976847"}],"version-history":[{"count":1,"href":"https:\/\/www.cnbb.org.br\/cnbb-app\/wp\/v2\/posts\/976847\/revisions"}],"predecessor-version":[{"id":976848,"href":"https:\/\/www.cnbb.org.br\/cnbb-app\/wp\/v2\/posts\/976847\/revisions\/976848"}],"wp:attachment":[{"href":"https:\/\/www.cnbb.org.br\/cnbb-app\/wp\/v2\/media?parent=976847"}],"wp:term":[{"taxonomy":"category","embeddable":true,"href":"https:\/\/www.cnbb.org.br\/cnbb-app\/wp\/v2\/categories?post=976847"},{"taxonomy":"post_tag","embeddable":true,"href":"https:\/\/www.cnbb.org.br\/cnbb-app\/wp\/v2\/tags?post=976847"}],"curies":[{"name":"wp","href":"https:\/\/api.w.org\/{rel}","templated":true}]}}