{"id":976851,"date":"2025-02-15T13:59:03","date_gmt":"2025-02-15T16:59:03","guid":{"rendered":"https:\/\/www.cnbb.org.br\/?p=976851"},"modified":"2025-02-04T14:04:18","modified_gmt":"2025-02-04T17:04:18","slug":"6-domingo-do-tempo-comum","status":"publish","type":"post","link":"https:\/\/www.cnbb.org.br\/6-domingo-do-tempo-comum\/","title":{"rendered":"6\u00b0 Domingo do tempo Comum"},"content":{"rendered":"<p style=\"text-align: right;\">Cardeal Orani Tempesta<br \/>\nArcebispo do Rio de Janeiro (RJ)<\/p>\n<p>E\u0301 feliz quem a Deus se confia! (Sl 01)<\/p>\n<p style=\"text-align: justify;\">Celebramos neste domingo o sexto do Tempo Comum. Este ano, a primeira parte do Tempo Comum vai at\u00e9 a oitava semana, dia 2 de mar\u00e7o, e, na quarta-feira, 5 de mar\u00e7o, iniciaremos o tempo da Quaresma com a celebra\u00e7\u00e3o da Quarta-Feira de Cinzas. O Tempo Comum retoma ap\u00f3s a Solenidade de Pentecostes e permanece at\u00e9 o fim do ano.<\/p>\n<p style=\"text-align: justify;\">Todo domingo \u00e9 dia do Senhor, dia de fazer mem\u00f3ria de sua P\u00e1scoa, paix\u00e3o, morte e ressurrei\u00e7\u00e3o. Por isso, \u00e9 o dia em que a fam\u00edlia deve participar da Santa Missa e ouvir o que o Senhor tem a nos dizer. O domingo \u00e9 o dia por excel\u00eancia, dia de preceito, em que devemos escolher um hor\u00e1rio e participar da Santa Missa. Celebramos o Senhor vivo e ressuscitado, que est\u00e1 presente no meio de n\u00f3s por meio do Esp\u00edrito Santo.<\/p>\n<p>Estamos no ano jubilar da esperan\u00e7a; confiemo-nos \u00e0 miseric\u00f3rdia do Senhor e comecemos por participar da Santa Missa aos domingos. Sejamos tamb\u00e9m portadores da esperan\u00e7a, animando aqueles que est\u00e3o tristes e convidando para a Igreja aqueles que est\u00e3o afastados.<\/p>\n<p>Que a liturgia de hoje nos ajude a refletir e a confiar sempre no Senhor. Ele tem o melhor para n\u00f3s. Confiemos somente em Deus, pois \u00e9 dele que nos vem a salva\u00e7\u00e3o. Sejamos pobres de esp\u00edrito para alcan\u00e7armos mais facilmente o Reino dos C\u00e9us. Partilhemos sempre aquilo que temos a mais com aqueles que pouco ou nada t\u00eam. Que possamos sempre preferir o caminho da humildade, pois os humildes herdar\u00e3o o Reino dos C\u00e9us.<\/p>\n<p>A primeira leitura da missa deste domingo \u00e9 do livro do profeta Jeremias (Jr 17,5-8). O profeta usa at\u00e9 uma palavra forte para nos dizer que devemos confiar somente em Deus. \u00c9 somente em Deus que est\u00e1 nossa vida e felicidade. Nele devemos colocar nossa seguran\u00e7a.<\/p>\n<p>O profeta Jeremias diz que bendito \u00e9 aquele homem que confia sua vida a Deus. Temos que acreditar e confiar que aquilo que queremos Deus vai nos conceder, sempre em seu tempo, n\u00e3o no nosso. Quem confia sempre no Senhor ter\u00e1 prosperidade, e a vida seguir\u00e1 em abund\u00e2ncia.<\/p>\n<p>O salmo responsorial \u00e9 o (01), que diz em seu refr\u00e3o: \u201c\u00c9 feliz quem a Deus se confia\u201d. Esse salmo \u00e9, de fato, uma resposta ao que o profeta Jeremias diz na primeira leitura. Devemos confiar sempre em Deus e, dessa forma, seremos felizes. Escolhamos, pois, o caminho que agrada ao Senhor, que \u00e9 o da justi\u00e7a, paz, perd\u00e3o e amor.<\/p>\n<p>A segunda leitura \u00e9 da Primeira Carta de S\u00e3o Paulo aos Cor\u00edntios (1Cor 15,12.16-20). Paulo explica \u00e0 comunidade de Corinto que Cristo ressuscitou dos mortos e que todos precisam crer na ressurrei\u00e7\u00e3o, pois, se Cristo n\u00e3o ressuscitou, v\u00e3 \u00e9 a nossa f\u00e9. Ele ressuscitou como prim\u00edcias, ou seja, venceu a morte e abriu o caminho para todos n\u00f3s. A raz\u00e3o da nossa f\u00e9 \u00e9 a ressurrei\u00e7\u00e3o de Nosso Senhor Jesus Cristo, e, com certeza, o Pai do C\u00e9u tem uma morada preparada para n\u00f3s.<\/p>\n<p>O Evangelho deste domingo \u00e9 de Lucas (Lc 6,17.20-26). Esse trecho do Evangelho de Lucas inicia o conhecido texto sobre as bem-aventuran\u00e7as. Em Mateus, esse texto \u00e9 mais completo, e, em Lucas, mais sucinto. Bem-aventurado significa algu\u00e9m que \u00e9 feliz ou que foi alcan\u00e7ado pela gra\u00e7a de Deus. N\u00f3s todos seremos bem-aventurados quando estendermos a m\u00e3o ao necessitado, quando visitarmos o doente e, ainda, quando praticarmos o Reino de Deus aqui na Terra. O Reino de Deus \u00e9 paz, justi\u00e7a, perd\u00e3o e miseric\u00f3rdia. Somos convidados a viver o Reino de Deus aqui na Terra para depois contempl\u00e1-lo de maneira definitiva no C\u00e9u, pois, se o vivermos aqui, seremos bem-aventurados e poderemos adentrar mais facilmente no Reino dos C\u00e9us.<\/p>\n<p>Neste Evangelho, Jesus \u201ccondena\u201d os ricos. Ele n\u00e3o condena a riqueza em si, mas condena aqueles que muito t\u00eam e n\u00e3o partilham nada com quem nada tem. Em primeiro lugar, independentemente da classe social, temos que amar nosso pr\u00f3ximo; n\u00e3o devemos tratar o outro com indiferen\u00e7a por ter menos condi\u00e7\u00f5es que n\u00f3s. Quanto mais amarmos e servirmos o nosso pr\u00f3ximo, mais Deus se alegrar\u00e1 conosco, e a nossa recompensa ser\u00e1 eterna.<\/p>\n<p>Estamos no ano jubilar da esperan\u00e7a, um ano prop\u00edcio para praticarmos atitudes de caridade, justi\u00e7a e miseric\u00f3rdia. Dessa forma, nos tornaremos bem-aventurados e mais pr\u00f3ximos do Reino dos C\u00e9us. A partir do nosso batismo, nos tornamos disc\u00edpulos e mission\u00e1rios de Jesus e somos convidados a trilhar o caminho da santidade. Ou seja, desde o nosso batismo, somos chamados a ser bem-aventurados para que, ao final da nossa vida, sejamos merecedores do Reino dos C\u00e9us.<\/p>\n<p>&nbsp;<\/p>\n<p>&nbsp;<\/p>\n<p>&nbsp;<\/p>\n<p>&nbsp;<\/p>\n<p>&nbsp;<\/p>\n<p>&nbsp;<\/p>\n","protected":false},"excerpt":{"rendered":"<p>Cardeal Orani Tempesta Arcebispo do Rio de Janeiro (RJ) E\u0301 feliz quem a Deus se confia! (Sl 01) Celebramos neste domingo o sexto do Tempo Comum. Este ano, a primeira parte do Tempo Comum vai at\u00e9 a oitava semana, dia 2 de mar\u00e7o, e, na quarta-feira, 5 de mar\u00e7o, iniciaremos o tempo da Quaresma com &hellip;<\/p>\n<p class=\"read-more\"> <a class=\"\" href=\"https:\/\/www.cnbb.org.br\/6-domingo-do-tempo-comum\/\"> <span class=\"screen-reader-text\">6\u00b0 Domingo do tempo Comum<\/span> Leia mais &raquo;<\/a><\/p>\n","protected":false},"author":31,"featured_media":0,"comment_status":"closed","ping_status":"closed","sticky":false,"template":"","format":"standard","meta":{"site-sidebar-layout":"default","site-content-layout":"default","ast-global-header-display":"","ast-banner-title-visibility":"","ast-main-header-display":"","ast-hfb-above-header-display":"","ast-hfb-below-header-display":"","ast-hfb-mobile-header-display":"","site-post-title":"","ast-breadcrumbs-content":"","ast-featured-img":"","footer-sml-layout":"","theme-transparent-header-meta":"default","adv-header-id-meta":"","stick-header-meta":"","header-above-stick-meta":"","header-main-stick-meta":"","header-below-stick-meta":""},"categories":[758,1837],"tags":[],"acf":[],"_links":{"self":[{"href":"https:\/\/www.cnbb.org.br\/cnbb-app\/wp\/v2\/posts\/976851"}],"collection":[{"href":"https:\/\/www.cnbb.org.br\/cnbb-app\/wp\/v2\/posts"}],"about":[{"href":"https:\/\/www.cnbb.org.br\/cnbb-app\/wp\/v2\/types\/post"}],"author":[{"embeddable":true,"href":"https:\/\/www.cnbb.org.br\/cnbb-app\/wp\/v2\/users\/31"}],"replies":[{"embeddable":true,"href":"https:\/\/www.cnbb.org.br\/cnbb-app\/wp\/v2\/comments?post=976851"}],"version-history":[{"count":3,"href":"https:\/\/www.cnbb.org.br\/cnbb-app\/wp\/v2\/posts\/976851\/revisions"}],"predecessor-version":[{"id":976854,"href":"https:\/\/www.cnbb.org.br\/cnbb-app\/wp\/v2\/posts\/976851\/revisions\/976854"}],"wp:attachment":[{"href":"https:\/\/www.cnbb.org.br\/cnbb-app\/wp\/v2\/media?parent=976851"}],"wp:term":[{"taxonomy":"category","embeddable":true,"href":"https:\/\/www.cnbb.org.br\/cnbb-app\/wp\/v2\/categories?post=976851"},{"taxonomy":"post_tag","embeddable":true,"href":"https:\/\/www.cnbb.org.br\/cnbb-app\/wp\/v2\/tags?post=976851"}],"curies":[{"name":"wp","href":"https:\/\/api.w.org\/{rel}","templated":true}]}}