{"id":977055,"date":"2025-02-08T16:45:00","date_gmt":"2025-02-08T19:45:00","guid":{"rendered":"https:\/\/www.cnbb.org.br\/?p=977055"},"modified":"2025-02-08T16:45:00","modified_gmt":"2025-02-08T19:45:00","slug":"cardeal-dom-jaime-spengler-toma-posse-do-titulo-da-igreja-de-sao-gregorio-magno-na-magliana-nova-em-roma","status":"publish","type":"post","link":"https:\/\/www.cnbb.org.br\/cardeal-dom-jaime-spengler-toma-posse-do-titulo-da-igreja-de-sao-gregorio-magno-na-magliana-nova-em-roma\/","title":{"rendered":"Cardeal dom Jaime Spengler toma posse do t\u00edtulo da Igreja de S\u00e3o Greg\u00f3rio Magno na Magliana Nova, em Roma"},"content":{"rendered":"<p style=\"text-align: justify;\">O presidente da Confer\u00eancia Nacional dos Bispos do Brasil (CNBB), cardeal dom Jaime Spengler, tomou posse, neste s\u00e1bado, 8\/2, do t\u00edtulo da Igreja de S\u00e3o Greg\u00f3rio Magno na Magliana Nova, em Roma. A cerim\u00f4nia solene ocorreu \u00e0s 18h e contou com a presen\u00e7a de diversas autoridades eclesi\u00e1sticas e membros do clero. Na tradi\u00e7\u00e3o da Igreja, ao ser criado cardeal, cada membro do Col\u00e9gio Cardinal\u00edcio recebe o t\u00edtulo de uma igreja em Roma, simbolizando sua liga\u00e7\u00e3o com o Papa e com a diocese de Roma.<\/p>\n<p style=\"text-align: justify;\">Durante a homilia, dom Jaime Spengler destacou a centralidade da Palavra de Deus na miss\u00e3o evangelizadora da Igreja, afirmando: &#8220;A Palavra \u00e9 luz para os nossos passos.&#8221; O Cardeal tamb\u00e9m questionou a comunidade: &#8220;O ensinamento de Jesus te encanta hoje?&#8221; e refor\u00e7ou a identidade e responsabilidade dos fi\u00e9is: &#8220;Todos n\u00f3s somos Igreja, somos batizados.&#8221;<\/p>\n<blockquote>\n<p style=\"text-align: justify;\">O arcebispo ressaltou ainda a necessidade de renova\u00e7\u00e3o da comunidade por meio da Palavra de Deus: &#8220;Se queremos renovar nossa comunidade, somos convidados a partirmos da Palavra.&#8221; E enfatizou a rela\u00e7\u00e3o entre voca\u00e7\u00e3o e miss\u00e3o evangelizadora: &#8220;Nenhum pode evangelizar se n\u00e3o \u00e9 chamado e nenhum pode considerar-se chamado se n\u00e3o evangeliza.&#8221;<\/p>\n<\/blockquote>\n<p style=\"text-align: justify;\">Por fim, dom Jaime reconheceu o trabalho social desenvolvido na par\u00f3quia de S\u00e3o Greg\u00f3rio Magno, destacando a import\u00e2ncia da evangeliza\u00e7\u00e3o atrav\u00e9s da a\u00e7\u00e3o concreta: &#8220;Don Stefano, parab\u00e9ns pelo trabalho social nesta par\u00f3quia, isso \u00e9 evangelizar.&#8221;<\/p>\n<h3>Conselhos \u00e0s crian\u00e7as e jovens<\/h3>\n<p style=\"text-align: justify;\">Ao final da celebra\u00e7\u00e3o, o Cardeal dom Jaime Spengler e padre Stefano Meloni trocaram presentes em sinal de fraternidade e comunh\u00e3o. O Cardeal concluiu a cerim\u00f4nia dirigindo-se aos jovens e crian\u00e7as do movimento Scout, que realizaram o canto lit\u00fargico, deixando-lhes tr\u00eas conselhos: &#8220;\u00c0 voc\u00eas jovens e crian\u00e7as tr\u00eas conselhos: Primeiro: Estudem! Segundo: estudem! Terceiro: estudem!&#8221;<\/p>\n<p style=\"text-align: justify;\">O t\u00edtulo cardinal\u00edcio da Igreja de S\u00e3o Greg\u00f3rio Magno na Magliana Nova ficou vacante desde 26 de agosto de 2023, quando faleceu, aos 89 anos, seu \u00faltimo titular, o cardeal brasileiro Geraldo Majella Agnelo. Com a posse de dom Jaime Spengler, a tradi\u00e7\u00e3o do v\u00ednculo entre essa igreja romana e o episcopado brasileiro se mant\u00e9m, fortalecendo ainda mais os la\u00e7os entre a Igreja no Brasil e a S\u00e9 Apost\u00f3lica.<\/p>\n<p style=\"text-align: justify;\">Entre os presentes estavam o primeiro vice-presidente da CNBB, dom Jo\u00e3o Justino de Medeiros Silva; o segundo vice-presidente da CNBB, dom Paulo Jackson N\u00f3brega de Sousa; o secret\u00e1rio-geral da CNBB, dom Ricardo Hoepers; al\u00e9m de Dom Luiz Ant\u00f4nio Lopes Ricci, bispo de Nova Friburgo (Brasil); Dom Marcony Vin\u00edcius Ferreira, Arcebispo do Ordinariado Militar do Brasil; Dom Vittorio Francesco Viola, Secret\u00e1rio do Dicast\u00e9rio para o Culto Divino e Disciplina dos Sacramentos do Vaticano; padre Stefano Meloni, p\u00e1roco da Par\u00f3quia de S\u00e3o Greg\u00f3rio Magno na Magliana; padre Lucas de Santa Cruz, vig\u00e1rio paroquial da par\u00f3quia de S\u00e3o Greg\u00f3rio Magno; e uma comitiva de padres residentes no Pontif\u00edcio Col\u00e9gio Pio Brasileiro, acompanhados pelo padre Valdir C\u00e2ndido de Morais, Reitor do Col\u00e9gio, e pelo padre Antonio Marcos Depizzoli, diretor de estudos.<\/p>\n<div id='gallery-1' class='gallery galleryid-977055 gallery-columns-2 gallery-size-medium'><figure class='gallery-item'>\n\t\t\t<div class='gallery-icon landscape'>\n\t\t\t\t<a href='https:\/\/www.cnbb.org.br\/wp-content\/uploads\/2025\/02\/Dom-Jaime-IR-procissao.jpg' title=\"\" data-rl_title=\"\" class=\"rl-gallery-link\" data-rl_caption=\"\" data-rel=\"lightbox-gallery-1\"><img width=\"300\" height=\"199\" src=\"https:\/\/www.cnbb.org.br\/wp-content\/uploads\/2025\/02\/Dom-Jaime-IR-procissao-300x199.jpg\" class=\"attachment-medium size-medium\" alt=\"\" decoding=\"async\" loading=\"lazy\" srcset=\"https:\/\/www.cnbb.org.br\/wp-content\/uploads\/2025\/02\/Dom-Jaime-IR-procissao-300x200.jpg 300w, https:\/\/www.cnbb.org.br\/wp-content\/uploads\/2025\/02\/Dom-Jaime-IR-procissao-1024x678.jpg 1024w, https:\/\/www.cnbb.org.br\/wp-content\/uploads\/2025\/02\/Dom-Jaime-IR-procissao-768x508.jpg 768w, https:\/\/www.cnbb.org.br\/wp-content\/uploads\/2025\/02\/Dom-Jaime-IR-procissao-1536x1017.jpg 1536w, https:\/\/www.cnbb.org.br\/wp-content\/uploads\/2025\/02\/Dom-Jaime-IR-procissao-500x331.jpg 500w, https:\/\/www.cnbb.org.br\/wp-content\/uploads\/2025\/02\/Dom-Jaime-IR-procissao.jpg 1600w\" sizes=\"(max-width: 300px) 100vw, 300px\" \/><\/a>\n\t\t\t<\/div><\/figure><figure class='gallery-item'>\n\t\t\t<div class='gallery-icon landscape'>\n\t\t\t\t<a href='https:\/\/www.cnbb.org.br\/wp-content\/uploads\/2025\/02\/Dom-Jaime-IR-santa.jpg' title=\"\" data-rl_title=\"\" class=\"rl-gallery-link\" data-rl_caption=\"\" data-rel=\"lightbox-gallery-1\"><img width=\"300\" height=\"199\" src=\"https:\/\/www.cnbb.org.br\/wp-content\/uploads\/2025\/02\/Dom-Jaime-IR-santa-300x199.jpg\" class=\"attachment-medium size-medium\" alt=\"\" decoding=\"async\" loading=\"lazy\" srcset=\"https:\/\/www.cnbb.org.br\/wp-content\/uploads\/2025\/02\/Dom-Jaime-IR-santa-300x200.jpg 300w, https:\/\/www.cnbb.org.br\/wp-content\/uploads\/2025\/02\/Dom-Jaime-IR-santa-1024x678.jpg 1024w, https:\/\/www.cnbb.org.br\/wp-content\/uploads\/2025\/02\/Dom-Jaime-IR-santa-768x508.jpg 768w, https:\/\/www.cnbb.org.br\/wp-content\/uploads\/2025\/02\/Dom-Jaime-IR-santa-1536x1017.jpg 1536w, https:\/\/www.cnbb.org.br\/wp-content\/uploads\/2025\/02\/Dom-Jaime-IR-santa-500x331.jpg 500w, https:\/\/www.cnbb.org.br\/wp-content\/uploads\/2025\/02\/Dom-Jaime-IR-santa.jpg 1600w\" sizes=\"(max-width: 300px) 100vw, 300px\" \/><\/a>\n\t\t\t<\/div><\/figure>\n\t\t<\/div>\n\n","protected":false},"excerpt":{"rendered":"<p>O t\u00edtulo cardinal\u00edcio da Igreja de S\u00e3o Greg\u00f3rio Magno na Magliana Nova ficou vacante desde 26 de agosto de 2023, quando faleceu, aos 89 anos, seu \u00faltimo titular, o cardeal brasileiro Geraldo Majella Agnelo. Com a nova posse, a tradi\u00e7\u00e3o do v\u00ednculo entre essa igreja romana e o episcopado brasileiro se mant\u00e9m, fortalecendo ainda mais os la\u00e7os entre a Igreja no Brasil e a S\u00e9 Apost\u00f3lica<\/p>\n","protected":false},"author":142,"featured_media":977057,"comment_status":"closed","ping_status":"closed","sticky":false,"template":"","format":"standard","meta":{"site-sidebar-layout":"default","site-content-layout":"default","ast-global-header-display":"","ast-banner-title-visibility":"","ast-main-header-display":"","ast-hfb-above-header-display":"","ast-hfb-below-header-display":"","ast-hfb-mobile-header-display":"","site-post-title":"","ast-breadcrumbs-content":"","ast-featured-img":"","footer-sml-layout":"","theme-transparent-header-meta":"default","adv-header-id-meta":"","stick-header-meta":"","header-above-stick-meta":"","header-main-stick-meta":"","header-below-stick-meta":""},"categories":[50,797],"tags":[5888],"acf":[],"_links":{"self":[{"href":"https:\/\/www.cnbb.org.br\/cnbb-app\/wp\/v2\/posts\/977055"}],"collection":[{"href":"https:\/\/www.cnbb.org.br\/cnbb-app\/wp\/v2\/posts"}],"about":[{"href":"https:\/\/www.cnbb.org.br\/cnbb-app\/wp\/v2\/types\/post"}],"author":[{"embeddable":true,"href":"https:\/\/www.cnbb.org.br\/cnbb-app\/wp\/v2\/users\/142"}],"replies":[{"embeddable":true,"href":"https:\/\/www.cnbb.org.br\/cnbb-app\/wp\/v2\/comments?post=977055"}],"version-history":[{"count":3,"href":"https:\/\/www.cnbb.org.br\/cnbb-app\/wp\/v2\/posts\/977055\/revisions"}],"predecessor-version":[{"id":977061,"href":"https:\/\/www.cnbb.org.br\/cnbb-app\/wp\/v2\/posts\/977055\/revisions\/977061"}],"wp:featuredmedia":[{"embeddable":true,"href":"https:\/\/www.cnbb.org.br\/cnbb-app\/wp\/v2\/media\/977057"}],"wp:attachment":[{"href":"https:\/\/www.cnbb.org.br\/cnbb-app\/wp\/v2\/media?parent=977055"}],"wp:term":[{"taxonomy":"category","embeddable":true,"href":"https:\/\/www.cnbb.org.br\/cnbb-app\/wp\/v2\/categories?post=977055"},{"taxonomy":"post_tag","embeddable":true,"href":"https:\/\/www.cnbb.org.br\/cnbb-app\/wp\/v2\/tags?post=977055"}],"curies":[{"name":"wp","href":"https:\/\/api.w.org\/{rel}","templated":true}]}}