{"id":977131,"date":"2025-02-10T15:10:00","date_gmt":"2025-02-10T18:10:00","guid":{"rendered":"https:\/\/www.cnbb.org.br\/?p=977131"},"modified":"2025-02-10T15:10:40","modified_gmt":"2025-02-10T18:10:40","slug":"aprender-com-a-doenca","status":"publish","type":"post","link":"https:\/\/www.cnbb.org.br\/aprender-com-a-doenca\/","title":{"rendered":"Aprender com a doen\u00e7a\u00a0"},"content":{"rendered":"<p style=\"text-align: right;\"><b><span data-contrast=\"auto\">Dom Leomar Brustolin<br \/>\nArcebispo de Santa Maria (RS)<br \/>\n<\/span><\/b><\/p>\n<p style=\"text-align: justify;\"><span data-ccp-props=\"{&quot;201341983&quot;:0,&quot;335551550&quot;:6,&quot;335551620&quot;:6,&quot;335559739&quot;:0,&quot;335559740&quot;:360}\">\u00a0<\/span><\/p>\n<p style=\"text-align: justify;\"><span data-contrast=\"auto\">No dia 11 de fevereiro, dia de Nossa Senhora de Lourdes, celebramos mais uma Jornada Mundial dos Enfermos. Nesta data, os papas enviam uma mensagem ao mundo cat\u00f3lico, convidando-nos \u00e0 reflex\u00e3o sobre a dignidade dos enfermos e o chamado crist\u00e3o para o cuidado e \u00e0 compaix\u00e3o que eles merecem.\u00a0\u00a0<\/span><span data-ccp-props=\"{&quot;201341983&quot;:0,&quot;335551550&quot;:6,&quot;335551620&quot;:6,&quot;335559731&quot;:708,&quot;335559739&quot;:0,&quot;335559740&quot;:360}\">\u00a0<\/span><\/p>\n<p style=\"text-align: justify;\"><span data-contrast=\"auto\">Em 2024, o Papa Francisco recordou: \u201cIrm\u00e3os e irm\u00e3s, o primeiro cuidado de que necessitamos na doen\u00e7a \u00e9 uma proximidade cheia de compaix\u00e3o e ternura\u201d. O Santo Padre pede que todo o enfermo n\u00e3o tenha vergonha de desejar essa proximidade e afeto, que nunca pensem ser um peso para os outros. A condi\u00e7\u00e3o dos doentes \u00e9 um convite a todos n\u00f3s para desacelerarmos o ritmo fren\u00e9tico da vida e reencontramos nossa ess\u00eancia.<\/span><span data-ccp-props=\"{&quot;201341983&quot;:0,&quot;335551550&quot;:6,&quot;335551620&quot;:6,&quot;335559731&quot;:708,&quot;335559739&quot;:0,&quot;335559740&quot;:360}\">\u00a0<\/span><\/p>\n<p style=\"text-align: justify;\"><span data-contrast=\"auto\">Francisco nos lembra que todo crist\u00e3o \u00e9 chamado a cuidar de quem sofre, especialmente daqueles que est\u00e3o sozinhos, marginalizados ou descartados. Por meio do amor que Cristo Senhor nos oferece na ora\u00e7\u00e3o e, especialmente, na Eucaristia, somos convidados a aliviar as feridas da solid\u00e3o e do isolamento.\u00a0<\/span><span data-ccp-props=\"{&quot;201341983&quot;:0,&quot;335551550&quot;:6,&quot;335551620&quot;:6,&quot;335559731&quot;:708,&quot;335559739&quot;:0,&quot;335559740&quot;:360}\">\u00a0<\/span><\/p>\n<p style=\"text-align: justify;\"><span data-contrast=\"auto\">Sabemos que a f\u00e9 n\u00e3o suprime a dor, mas transforma seu significado. Ela nos ensina que o sofrimento n\u00e3o deve ser visto como puni\u00e7\u00e3o, mas como uma experi\u00eancia que pode nos aproximar de Cristo. Para quem cr\u00ea, a dor pode estabelecer uma intimidade ainda mais profunda com Cristo. O sofrimento dos crist\u00e3os n\u00e3o \u00e9 apenas consequ\u00eancia do pecado original ou castigo, pode ser acolhido como um meio de gra\u00e7a dentro da economia da salva\u00e7\u00e3o.\u00a0<\/span><span data-ccp-props=\"{&quot;201341983&quot;:0,&quot;335551550&quot;:6,&quot;335551620&quot;:6,&quot;335559731&quot;:708,&quot;335559739&quot;:0,&quot;335559740&quot;:360}\">\u00a0<\/span><\/p>\n<p style=\"text-align: justify;\"><span data-contrast=\"auto\">Jesus nos ensina que a dor n\u00e3o \u00e9, necessariamente, resultado de um pecado pessoal ou herdado dos antepassados. Ao assumir a condi\u00e7\u00e3o humana e experimentar o sofrimento em sua carne, o Filho de Deus se faz pr\u00f3ximo de cada pessoa que sofre. Sua paix\u00e3o, morte e ressurrei\u00e7\u00e3o tem o prop\u00f3sito claro de reconciliar a humanidade com Deus e restaurar o caminho da paz, da sa\u00fade e da felicidade.\u00a0<\/span><span data-ccp-props=\"{&quot;201341983&quot;:0,&quot;335551550&quot;:6,&quot;335551620&quot;:6,&quot;335559731&quot;:708,&quot;335559739&quot;:0,&quot;335559740&quot;:360}\">\u00a0<\/span><\/p>\n<p style=\"text-align: justify;\"><span data-contrast=\"auto\">O sofrimento pode ser uma tenta\u00e7\u00e3o ou um convite. Tenta\u00e7\u00e3o, porque\u00a0 nos coloca diante de nossas fragilidades, abala nossas certezas e pode levar \u00e0 revolta. Muitas vezes, ao nos sentirmos impotentes, somos tentados a culpar a Deus pela dor que enfrentamos. <\/span><br \/>\n<span data-contrast=\"auto\">Convite, pois ao absurdo do sofrimento se contrap\u00f5e a um chamado \u00e0 f\u00e9 e \u00e0 confian\u00e7a na solidariedade de Cristo, que transforma dor em possibilidade de crescimento moral e espiritual.\u00a0<\/span><span data-ccp-props=\"{&quot;201341983&quot;:0,&quot;335551550&quot;:6,&quot;335551620&quot;:6,&quot;335559731&quot;:708,&quot;335559739&quot;:0,&quot;335559740&quot;:360}\">\u00a0<\/span><\/p>\n<p style=\"text-align: justify;\"><span data-contrast=\"auto\">\u00c9 verdade que poucos conseguem viver essa experi\u00eancia de forma plena em meio \u00e0 enfermidade. A maneira como enfrentamos a dor depende da nossa f\u00e9.\u00a0 S\u00f3 aquele que cr\u00ea pode encontrar um caminho de liberta\u00e7\u00e3o da dor. Nesse sentido, n\u00e3o importa quanto se sofre, mas como se sofre.\u00a0<\/span><span data-ccp-props=\"{&quot;201341983&quot;:0,&quot;335551550&quot;:6,&quot;335551620&quot;:6,&quot;335559731&quot;:708,&quot;335559739&quot;:0,&quot;335559740&quot;:360}\">\u00a0<\/span><\/p>\n<p style=\"text-align: justify;\"><span data-contrast=\"auto\">Por fim, para o crist\u00e3o h\u00e1 uma certeza: quem sofre com Cristo jamais est\u00e1 s\u00f3. A solid\u00e3o \u00e9, talvez, a pior das dores. Mas na Cruz, Deus se uniu a cada a cada sofredor da hist\u00f3ria para curar suas feridas, enxugar suas l\u00e1grimas, e libert\u00e1-lo do cativeiro da morte, abrindo-lhes as portas da vida eterna.\u00a0\u00a0<\/span><span data-ccp-props=\"{&quot;201341983&quot;:0,&quot;335551550&quot;:6,&quot;335551620&quot;:6,&quot;335559731&quot;:708,&quot;335559739&quot;:0,&quot;335559740&quot;:360}\">\u00a0<\/span><\/p>\n<p style=\"text-align: justify;\"><span data-contrast=\"auto\">\u201cNingu\u00e9m nasceu para sofrer, mas a dor nos faz crescer\u201d \u2013 Padre Zezinho.<\/span><br \/>\n<span data-ccp-props=\"{&quot;201341983&quot;:0,&quot;335551550&quot;:6,&quot;335551620&quot;:6,&quot;335559731&quot;:708,&quot;335559739&quot;:0,&quot;335559740&quot;:360}\">\u00a0<\/span><\/p>\n<p><span data-ccp-props=\"{&quot;335551550&quot;:3,&quot;335551620&quot;:3}\">\u00a0<\/span><\/p>\n","protected":false},"excerpt":{"rendered":"<p>Dom Leomar Brustolin Arcebispo de Santa Maria (RS) \u00a0 No dia 11 de fevereiro, dia de Nossa Senhora de Lourdes, celebramos mais uma Jornada Mundial dos Enfermos. Nesta data, os papas enviam uma mensagem ao mundo cat\u00f3lico, convidando-nos \u00e0 reflex\u00e3o sobre a dignidade dos enfermos e o chamado crist\u00e3o para o cuidado e \u00e0 compaix\u00e3o &hellip;<\/p>\n<p class=\"read-more\"> <a class=\"\" href=\"https:\/\/www.cnbb.org.br\/aprender-com-a-doenca\/\"> <span class=\"screen-reader-text\">Aprender com a doen\u00e7a\u00a0<\/span> Leia mais &raquo;<\/a><\/p>\n","protected":false},"author":46,"featured_media":0,"comment_status":"closed","ping_status":"closed","sticky":false,"template":"","format":"standard","meta":{"site-sidebar-layout":"default","site-content-layout":"default","ast-global-header-display":"","ast-banner-title-visibility":"","ast-main-header-display":"","ast-hfb-above-header-display":"","ast-hfb-below-header-display":"","ast-hfb-mobile-header-display":"","site-post-title":"","ast-breadcrumbs-content":"","ast-featured-img":"","footer-sml-layout":"","theme-transparent-header-meta":"default","adv-header-id-meta":"","stick-header-meta":"","header-above-stick-meta":"","header-main-stick-meta":"","header-below-stick-meta":""},"categories":[758],"tags":[],"acf":[],"_links":{"self":[{"href":"https:\/\/www.cnbb.org.br\/cnbb-app\/wp\/v2\/posts\/977131"}],"collection":[{"href":"https:\/\/www.cnbb.org.br\/cnbb-app\/wp\/v2\/posts"}],"about":[{"href":"https:\/\/www.cnbb.org.br\/cnbb-app\/wp\/v2\/types\/post"}],"author":[{"embeddable":true,"href":"https:\/\/www.cnbb.org.br\/cnbb-app\/wp\/v2\/users\/46"}],"replies":[{"embeddable":true,"href":"https:\/\/www.cnbb.org.br\/cnbb-app\/wp\/v2\/comments?post=977131"}],"version-history":[{"count":1,"href":"https:\/\/www.cnbb.org.br\/cnbb-app\/wp\/v2\/posts\/977131\/revisions"}],"predecessor-version":[{"id":977132,"href":"https:\/\/www.cnbb.org.br\/cnbb-app\/wp\/v2\/posts\/977131\/revisions\/977132"}],"wp:attachment":[{"href":"https:\/\/www.cnbb.org.br\/cnbb-app\/wp\/v2\/media?parent=977131"}],"wp:term":[{"taxonomy":"category","embeddable":true,"href":"https:\/\/www.cnbb.org.br\/cnbb-app\/wp\/v2\/categories?post=977131"},{"taxonomy":"post_tag","embeddable":true,"href":"https:\/\/www.cnbb.org.br\/cnbb-app\/wp\/v2\/tags?post=977131"}],"curies":[{"name":"wp","href":"https:\/\/api.w.org\/{rel}","templated":true}]}}