{"id":977150,"date":"2025-02-11T10:56:01","date_gmt":"2025-02-11T13:56:01","guid":{"rendered":"https:\/\/www.cnbb.org.br\/?p=977150"},"modified":"2025-02-11T10:56:39","modified_gmt":"2025-02-11T13:56:39","slug":"dia-mundial-dos-doentes","status":"publish","type":"post","link":"https:\/\/www.cnbb.org.br\/dia-mundial-dos-doentes\/","title":{"rendered":"Dia Mundial dos Doentes"},"content":{"rendered":"<p style=\"text-align: right;\"><b><span data-contrast=\"none\">Dom Pedro Cipollini<br \/>\nBispo de Santo Andr\u00e9 (SP)<\/span><\/b><span data-ccp-props=\"{&quot;134233117&quot;:false,&quot;134233118&quot;:true,&quot;134233279&quot;:true,&quot;335551550&quot;:2,&quot;335551620&quot;:2,&quot;335557856&quot;:16777215,&quot;335559738&quot;:0}\"><\/p>\n<p><\/span><\/p>\n<p style=\"text-align: justify;\"><span data-contrast=\"none\">No passado n\u00e3o havia grande preocupa\u00e7\u00e3o em garantir a sa\u00fade dos indiv\u00edduos ou da sociedade. Hoje a sa\u00fade \u00e9 considerada responsabilidade tanto pessoal como social. Houve mudan\u00e7a, a sa\u00fade hoje tende a se tornar um projeto de vida, garantido por pol\u00edticas p\u00fablicas. A Declara\u00e7\u00e3o Universal dos direitos humanos da ONU (10.12.1948), no seu artigo n. 25, afirma o direito \u00e0 sa\u00fade de todos os indiv\u00edduos. A Constitui\u00e7\u00e3o do Brasil (1988) afirma no seu artigo 196, o direito \u00e0 sa\u00fade.\u00a0<\/span><span data-ccp-props=\"{&quot;134233117&quot;:false,&quot;134233118&quot;:true,&quot;134233279&quot;:true,&quot;335551550&quot;:6,&quot;335551620&quot;:6,&quot;335557856&quot;:16777215,&quot;335559738&quot;:0}\">\u00a0<\/span><\/p>\n<p style=\"text-align: justify;\"><span data-contrast=\"none\">Estamos celebrando o 33\u00ba Dia Mundial do Doente neste Ano Jubilar, dia 11 de fevereiro, \u201cdia dos doentes\u201d. A Igreja convida a tornarmo-nos \u201cperegrinos de esperan\u00e7a\u201d. S\u00e3o Paulo, nos transmite uma mensagem de encorajamento: \u00abA esperan\u00e7a n\u00e3o engana\u00bb (<\/span><i><span data-contrast=\"none\">Rm<\/span><\/i><span data-contrast=\"none\">\u202f5, 5), ali\u00e1s, ela fortalece-nos nas tribula\u00e7\u00f5es.<\/span><span data-ccp-props=\"{&quot;134233117&quot;:false,&quot;134233118&quot;:true,&quot;134233279&quot;:true,&quot;335551550&quot;:6,&quot;335551620&quot;:6,&quot;335557856&quot;:16777215,&quot;335559738&quot;:0}\">\u00a0<\/span><\/p>\n<p style=\"text-align: justify;\"><span data-contrast=\"none\">O Papa Francisco como faz todo ano, escreveu uma Carta\u00a0 ressaltando o valor crist\u00e3o do cuidado com os doentes; \u201cEstive doente e fostes me visitar\u201d (Mt 25), disse Jesus. Destaco tr\u00eas pontos importantes da mensagem do Papa:<\/span><span data-ccp-props=\"{&quot;134233117&quot;:false,&quot;134233118&quot;:true,&quot;134233279&quot;:true,&quot;335551550&quot;:6,&quot;335551620&quot;:6,&quot;335557856&quot;:16777215,&quot;335559738&quot;:0}\">\u00a0<\/span><\/p>\n<p style=\"text-align: justify;\"><span data-contrast=\"none\">O\u202f<\/span><i><span data-contrast=\"none\">encontro<\/span><\/i><span data-contrast=\"none\">. Quando Jesus envia os setenta e dois disc\u00edpulos em miss\u00e3o (cf.\u202f<\/span><i><span data-contrast=\"none\">Lc<\/span><\/i><span data-contrast=\"none\">\u202f10, 1-9), exorta-os a dizer aos doentes: \u00abO Reino de Deus j\u00e1 est\u00e1 pr\u00f3ximo de v\u00f3s\u00bb. Pede-lhes que os ajudem a aproveitar a oportunidade de encontro com o Senhor, mesmo na doen\u00e7a, por muito que seja dolorosa e dif\u00edcil de compreender.\u00a0 A doen\u00e7a \u00e9 oportunidade para um encontro que transforma.\u00a0 Jesus mandou os disc\u00edpulos curarem os doentes. Ele est\u00e1 perto dos que sofrem.<\/span><span data-ccp-props=\"{&quot;134233117&quot;:false,&quot;134233118&quot;:true,&quot;134233279&quot;:true,&quot;335551550&quot;:6,&quot;335551620&quot;:6,&quot;335557856&quot;:16777215,&quot;335559738&quot;:0}\">\u00a0<\/span><\/p>\n<p style=\"text-align: justify;\"><span data-contrast=\"none\">O <\/span><i><span data-contrast=\"none\">dom,<\/span><\/i><span data-contrast=\"none\"> segundo ponto. Jesus \u00e9 companheiro de quem sofre, na doen\u00e7a ele \u00e9 o dom mais precioso. Ele nos convida a sermos tamb\u00e9m n\u00f3s um dom para os irm\u00e3os, ofertando at\u00e9 mesmo nossos sofrimentos, a exemplo do que ele fez na cruz e faz na Eucaristia.<\/span><span data-ccp-props=\"{&quot;134233117&quot;:false,&quot;134233118&quot;:true,&quot;134233279&quot;:true,&quot;335551550&quot;:6,&quot;335551620&quot;:6,&quot;335557856&quot;:16777215,&quot;335559738&quot;:0}\">\u00a0<\/span><\/p>\n<p style=\"text-align: justify;\"><span data-contrast=\"none\">A \u202f<\/span><i><span data-contrast=\"none\">partilha<\/span><\/i><span data-contrast=\"none\">. Os lugares onde se sofre s\u00e3o espa\u00e7os de partilha, nos quais nos ajudamos uns aos outros. Quantas vezes se aprende a esperar \u00e0 cabeceira de um doente! Quantas vezes se aprende a crer ao lado de quem sofre! Quantas vezes descobrimos o amor inclinando-nos sobre quem tem necessidades! Ou seja, percebemos que todos juntos somos \u201canjos\u201d de esperan\u00e7a, mensageiros de Deus, uns para os outros: doentes, m\u00e9dicos, enfermeiros, familiares, amigos, sacerdotes, religiosos e religiosas. E isto, onde quer que estejamos: nas fam\u00edlias, nos ambulat\u00f3rios, nas unidades de cuidados, nos hospitais e nas cl\u00ednicas.<\/span><span data-ccp-props=\"{&quot;134233117&quot;:false,&quot;134233118&quot;:true,&quot;134233279&quot;:true,&quot;335551550&quot;:6,&quot;335551620&quot;:6,&quot;335557856&quot;:16777215,&quot;335559738&quot;:0}\">\u00a0<\/span><\/p>\n<p style=\"text-align: justify;\"><span data-contrast=\"none\">\u00c9 preciso estarmos atentos \u00e0s afli\u00e7\u00f5es que nosso povo passa em especial os mais pobres, para manter a sa\u00fade. A Igreja Cat\u00f3lica tem a Pastoral da Sa\u00fade. Um grande trabalho de visita, acolhida, conforto e proximidade com os doentes.\u00a0<\/span><span data-ccp-props=\"{&quot;134233117&quot;:false,&quot;134233118&quot;:true,&quot;134233279&quot;:true,&quot;335551550&quot;:6,&quot;335551620&quot;:6,&quot;335557856&quot;:16777215,&quot;335559738&quot;:0}\">\u00a0<\/span><\/p>\n<p style=\"text-align: justify;\"><span data-contrast=\"none\">Que Deus aben\u00e7oe e fortale\u00e7a os agentes da Pastoral da Sa\u00fade. Aben\u00e7oe tamb\u00e9m os in\u00fameros profissionais da sa\u00fade que se empenham a favor da vida e da diminui\u00e7\u00e3o do sofrimento quando a cura n\u00e3o \u00e9 poss\u00edvel.\u00a0<\/span><span data-ccp-props=\"{&quot;134233117&quot;:false,&quot;134233118&quot;:true,&quot;134233279&quot;:true,&quot;335551550&quot;:6,&quot;335551620&quot;:6,&quot;335557856&quot;:16777215,&quot;335559738&quot;:0}\">\u00a0<\/span><\/p>\n<p><span data-ccp-props=\"{}\">\u00a0<\/span><\/p>\n","protected":false},"excerpt":{"rendered":"<p>Dom Pedro Cipollini Bispo de Santo Andr\u00e9 (SP) No passado n\u00e3o havia grande preocupa\u00e7\u00e3o em garantir a sa\u00fade dos indiv\u00edduos ou da sociedade. Hoje a sa\u00fade \u00e9 considerada responsabilidade tanto pessoal como social. Houve mudan\u00e7a, a sa\u00fade hoje tende a se tornar um projeto de vida, garantido por pol\u00edticas p\u00fablicas. A Declara\u00e7\u00e3o Universal dos direitos &hellip;<\/p>\n<p class=\"read-more\"> <a class=\"\" href=\"https:\/\/www.cnbb.org.br\/dia-mundial-dos-doentes\/\"> <span class=\"screen-reader-text\">Dia Mundial dos Doentes<\/span> Leia mais &raquo;<\/a><\/p>\n","protected":false},"author":28,"featured_media":0,"comment_status":"closed","ping_status":"closed","sticky":false,"template":"","format":"standard","meta":{"site-sidebar-layout":"default","site-content-layout":"default","ast-global-header-display":"","ast-banner-title-visibility":"","ast-main-header-display":"","ast-hfb-above-header-display":"","ast-hfb-below-header-display":"","ast-hfb-mobile-header-display":"","site-post-title":"","ast-breadcrumbs-content":"","ast-featured-img":"","footer-sml-layout":"","theme-transparent-header-meta":"default","adv-header-id-meta":"","stick-header-meta":"","header-above-stick-meta":"","header-main-stick-meta":"","header-below-stick-meta":""},"categories":[758],"tags":[],"acf":[],"_links":{"self":[{"href":"https:\/\/www.cnbb.org.br\/cnbb-app\/wp\/v2\/posts\/977150"}],"collection":[{"href":"https:\/\/www.cnbb.org.br\/cnbb-app\/wp\/v2\/posts"}],"about":[{"href":"https:\/\/www.cnbb.org.br\/cnbb-app\/wp\/v2\/types\/post"}],"author":[{"embeddable":true,"href":"https:\/\/www.cnbb.org.br\/cnbb-app\/wp\/v2\/users\/28"}],"replies":[{"embeddable":true,"href":"https:\/\/www.cnbb.org.br\/cnbb-app\/wp\/v2\/comments?post=977150"}],"version-history":[{"count":3,"href":"https:\/\/www.cnbb.org.br\/cnbb-app\/wp\/v2\/posts\/977150\/revisions"}],"predecessor-version":[{"id":977153,"href":"https:\/\/www.cnbb.org.br\/cnbb-app\/wp\/v2\/posts\/977150\/revisions\/977153"}],"wp:attachment":[{"href":"https:\/\/www.cnbb.org.br\/cnbb-app\/wp\/v2\/media?parent=977150"}],"wp:term":[{"taxonomy":"category","embeddable":true,"href":"https:\/\/www.cnbb.org.br\/cnbb-app\/wp\/v2\/categories?post=977150"},{"taxonomy":"post_tag","embeddable":true,"href":"https:\/\/www.cnbb.org.br\/cnbb-app\/wp\/v2\/tags?post=977150"}],"curies":[{"name":"wp","href":"https:\/\/api.w.org\/{rel}","templated":true}]}}