{"id":977176,"date":"2025-02-11T14:59:30","date_gmt":"2025-02-11T17:59:30","guid":{"rendered":"https:\/\/www.cnbb.org.br\/?p=977176"},"modified":"2025-02-11T16:52:13","modified_gmt":"2025-02-11T19:52:13","slug":"muticom-2025-universidade-federal-do-amazonas-e-cnbb-juntos-pela-comunicacao-da-ecologia-integral","status":"publish","type":"post","link":"https:\/\/www.cnbb.org.br\/muticom-2025-universidade-federal-do-amazonas-e-cnbb-juntos-pela-comunicacao-da-ecologia-integral\/","title":{"rendered":"Universidade Federal do Amazonas e CNBB juntos pela realiza\u00e7\u00e3o do 14\u00ba Mutir\u00e3o Brasileiro de Comunica\u00e7\u00e3o"},"content":{"rendered":"<p style=\"text-align: justify;\">A Comiss\u00e3o para a Comunica\u00e7\u00e3o Social (Cepac) da Confer\u00eancia Nacional dos Bispos do Brasil (CNBB), a Arquidiocese de Manaus e a Universidade Federal do Amazonas (UFAM), por meio da Faculdade de Informa\u00e7\u00e3o e Comunica\u00e7\u00e3o (FIC), est\u00e3o unindo esfor\u00e7os para a realiza\u00e7\u00e3o do 14\u00ba Mutir\u00e3o Brasileiro de Comunica\u00e7\u00e3o (Muticom). O evento ocorre em Manaus de 25 a 28 de setembro de 2025 e tem\u00a0 como tema central \u201cComunica\u00e7\u00e3o e Ecologia Integral: transforma\u00e7\u00e3o e sustentabilidade justa\u201d.<\/p>\n<h3>Agexcom: parceria inovadora<\/h3>\n<p style=\"text-align: justify;\">Uma das novidades desta edi\u00e7\u00e3o \u00e9 a parceria com a Ag\u00eancia Experimental de Comunica\u00e7\u00e3o (Agexcom), ag\u00eancia-escola vinculada ao Curso de Rela\u00e7\u00f5es P\u00fablicas da UFAM, que se une \u00e0 equipe de comunicadores volunt\u00e1rios que j\u00e1 vem realizando a comunica\u00e7\u00e3o do 14\u00ba Muticom.<\/p>\n<blockquote>\n<p style=\"text-align: justify;\">\u201cO envolvimento da Agexcom no Muticom vai proporcionar aos alunos uma experi\u00eancia pr\u00e1tica valiosa, permitindo a aplica\u00e7\u00e3o de conhecimentos de produ\u00e7\u00e3o de conte\u00fados, gest\u00e3o de m\u00eddias sociais, elabora\u00e7\u00e3o de roteiros, cobertura de evento e muito mais\u201d, afirma Jonas da Silva Gomes J\u00fanior, coordenador da Agexcom.<\/p>\n<p>\u201cOs alunos ter\u00e3o a oportunidade de compartilhar os conhecimentos adquiridos na sala de aula, trabalhar em equipe e colaborar com a gera\u00e7\u00e3o de ideias criativas. Essa viv\u00eancia no Muticom ir\u00e1 fortalecer o aprendizado acad\u00eamico e preparar nossos alunos ainda mais para os desafios do mercado profissional. Ser\u00e1 uma grande experi\u00eancia de aprendizagem para todos!\u201d, ressalta Jonas.<\/p><\/blockquote>\n<h3>Ecologia Integral e a \u201cCasa Comum\u201d<\/h3>\n<p style=\"text-align: justify;\">Segundo dom Edilson Soares Nobre, bispo da Diocese de Oeiras (PI) e membro da Cepac-CNBB, a parceria entre as institui\u00e7\u00f5es, nesse contexto, \u00e9 fundamental, unindo a expertise da universidade e a for\u00e7a mobilizadora da Igreja Cat\u00f3lica para debater a tem\u00e1tica, indicar caminhos, promover a partilha de experi\u00eancias exitosas e proporcionar uma imers\u00e3o profunda aos participantes.<\/p>\n<p>\u201cDiante da emerg\u00eancia clim\u00e1tica que exige a\u00e7\u00e3o imediata, o 14\u00ba Muticom sobressai como um espa\u00e7o imprescind\u00edvel de di\u00e1logo e reflex\u00e3o sobre o papel da comunica\u00e7\u00e3o no debate pela Ecologia Integral, a qual abrange as dimens\u00f5es ambiental, social, econ\u00f4mica, cultural e espiritual no cuidado com a \u2018Casa Comum\u2019\u201d, ressalta dom Edilson.<\/p>\n<p>A ideia de &#8220;Casa Comum&#8221; remete \u00e0 compreens\u00e3o de que a Terra \u00e9 um lar compartilhado por toda a humanidade, onde todos t\u00eam responsabilidades e direitos.<\/p>\n<p>Essa no\u00e7\u00e3o pode ser encontrada em diversas culturas e tradi\u00e7\u00f5es em debates sobre meio ambiente e a justi\u00e7a socioambiental. E que ganhou popularidade com o Papa Francisco, ao adotar o termo \u201cCasa Comum\u201d, trouxe uma nova dimens\u00e3o ao conceito, conectando-o com a ecologia integral e com a necessidade de um cuidado abrangente com o planeta e com as pessoas.<\/p>\n<p>Sua enc\u00edclica Laudato Si&#8217; popularizou a express\u00e3o e a tornou central no debate sobre a crise ambiental e a necessidade de um novo paradigma de desenvolvimento.<\/p>\n<p>\u201cA Terra \u00e9 vista como a \u2018Casa Comum\u2019 da humanidade, e todos s\u00e3o chamados a cuidar dela. O evento, portanto, se configura como um marco na busca por solu\u00e7\u00f5es urgentes e eficazes para os desafios clim\u00e1ticos que se imp\u00f5em ao nosso tempo\u201d, diz o bispo.<\/p>\n<h3>Comunica\u00e7\u00e3o e di\u00e1logo<\/h3>\n<p style=\"text-align: justify;\">No \u00faltimo dia 5 de fevereiro, a assessoria da Cepac-CNBB, o coordenador da Agexcom e volunt\u00e1rios da Ag\u00eancia se reuniram para um primeiro di\u00e1logo para ver por onde iniciar o trabalho conjunto.<\/p>\n<p>Foi partilhada a proposta de programa\u00e7\u00e3o, ainda em constru\u00e7\u00e3o, assim como o caminho metodol\u00f3gico que vem sendo constru\u00eddo com um grupo de professores de diversas universidades e faculdades.<\/p>\n<p>A Agexcom, nesse primeiro momento, iniciar\u00e1 sua contribui\u00e7\u00e3o na estrat\u00e9gia de comunica\u00e7\u00e3o, estabelecendo di\u00e1logo com estudantes e pesquisadores da \u00e1rea de comunica\u00e7\u00e3o.<\/p>\n<p>Uma vez que no Muticom haver\u00e1 apresenta\u00e7\u00e3o de pesquisas na \u00e1rea de comunica\u00e7\u00e3o e ecologia integral diante da emerg\u00eancia clim\u00e1tica que vivemos.<\/p>\n<p style=\"text-align: justify;\">\u201cO Muticom j\u00e1 \u00e9 um evento extremamente consolidado em territ\u00f3rio nacional e superimportante na \u00e1rea de comunica\u00e7\u00e3o; desse modo, a experi\u00eancia de n\u00e3o apenas participar, mas contribuir com a execu\u00e7\u00e3o do evento me possibilita fazer uma troca de conhecimento extremamente favor\u00e1vel para meu crescimento profissional; al\u00e9m disso, procuro auxiliar e ajudar na cobertura e capta\u00e7\u00e3o do evento junto da Agexcom, fazendo eu me aprimorar mais ainda nas \u00e1reas que me identifico\u201d, enfatiza Yure Peter Mendes Pauk, estudante de Design da UFAM e volunt\u00e1rio da Agexcom.<\/p>\n<p>\u201cParticipar do 14\u00ba Muticom, que acorre em Manaus, mas re\u00fane estudantes, profissionais e representantes de pastorais e agentes sociais de todo o Brasil, significa para mim uma oportunidade de aprender novas perspectivas sobre a comunica\u00e7\u00e3o, tanto em termos t\u00e9cnicos quanto na forma de abordar desafios reais, al\u00e9m de entender quais s\u00e3o as tend\u00eancias que est\u00e3o movimentando o cen\u00e1rio profissional e acad\u00eamico em diferentes regi\u00f5es do pa\u00eds. Tamb\u00e9m vejo o mutir\u00e3o como uma experi\u00eancia para compartilhar aprendizados pr\u00e1ticos que j\u00e1 adquiri e trabalhar em equipe em um ambiente colaborativo e interdisciplinar\u201d, comenta Maria Eduarda Florentino de Barros Padilha, estudante de Rela\u00e7\u00f5es P\u00fablicas da UFAM e volunt\u00e1ria da Agexcom.<\/p>\n<blockquote>\n<h3>O que \u00e9 o Muticom?<\/h3>\n<p style=\"text-align: justify;\">Mutir\u00e3o Brasileiro de Comunica\u00e7\u00e3o, um evento da Igreja Cat\u00f3lica no Brasil que re\u00fane comunicadores, agentes de pastoral e social, estudantes e professores de comunica\u00e7\u00e3o para debater temas relevantes sobre comunica\u00e7\u00e3o e sociedade.<\/p>\n<p>O evento \u00e9 promovido pela Comiss\u00e3o Episcopal para a Comunica\u00e7\u00e3o Social Confer\u00eancia Nacional dos Bispos do Brasil (Cepac-CNBB) e ocorre a cada dois anos em diferentes regi\u00f5es do pa\u00eds.<\/p>\n<p>O Muticom tem como objetivo promover a forma\u00e7\u00e3o, a reflex\u00e3o e o interc\u00e2mbio de experi\u00eancias entre os participantes, al\u00e9m de discutir o papel da comunica\u00e7\u00e3o na sociedade e na Igreja. O evento conta com pain\u00e9is, mesas redondas, oficinas, workshops, mostras de trabalhos, atividades culturais e exposi\u00e7\u00f5es.<\/p><\/blockquote>\n<p><strong>Mais informa\u00e7\u00f5es:<\/strong> <a href=\"https:\/\/muticom.com.br\/\" target=\"_blank\" rel=\"noopener\">muticom.com.br<\/a><\/p>\n<p>&nbsp;<\/p>\n<pre>Por Osnilda Lima<\/pre>\n","protected":false},"excerpt":{"rendered":"<p>Como resultado e uma das novidades da pr\u00f3xima edi\u00e7\u00e3o do Muticom \u00e9 a parceria com a Ag\u00eancia Experimental de Comunica\u00e7\u00e3o (Agexcom), ag\u00eancia-escola vinculada ao Curso de Rela\u00e7\u00f5es P\u00fablicas da UFAM, que se une \u00e0 equipe de comunicadores volunt\u00e1rios que j\u00e1 vem realizando a comunica\u00e7\u00e3o do 14\u00ba Muticom<\/p>\n","protected":false},"author":142,"featured_media":977177,"comment_status":"closed","ping_status":"closed","sticky":false,"template":"","format":"standard","meta":{"site-sidebar-layout":"default","site-content-layout":"default","ast-global-header-display":"","ast-banner-title-visibility":"","ast-main-header-display":"","ast-hfb-above-header-display":"","ast-hfb-below-header-display":"","ast-hfb-mobile-header-display":"","site-post-title":"","ast-breadcrumbs-content":"","ast-featured-img":"","footer-sml-layout":"","theme-transparent-header-meta":"default","adv-header-id-meta":"","stick-header-meta":"","header-above-stick-meta":"","header-main-stick-meta":"","header-below-stick-meta":""},"categories":[50],"tags":[5613],"acf":[],"_links":{"self":[{"href":"https:\/\/www.cnbb.org.br\/cnbb-app\/wp\/v2\/posts\/977176"}],"collection":[{"href":"https:\/\/www.cnbb.org.br\/cnbb-app\/wp\/v2\/posts"}],"about":[{"href":"https:\/\/www.cnbb.org.br\/cnbb-app\/wp\/v2\/types\/post"}],"author":[{"embeddable":true,"href":"https:\/\/www.cnbb.org.br\/cnbb-app\/wp\/v2\/users\/142"}],"replies":[{"embeddable":true,"href":"https:\/\/www.cnbb.org.br\/cnbb-app\/wp\/v2\/comments?post=977176"}],"version-history":[{"count":6,"href":"https:\/\/www.cnbb.org.br\/cnbb-app\/wp\/v2\/posts\/977176\/revisions"}],"predecessor-version":[{"id":977180,"href":"https:\/\/www.cnbb.org.br\/cnbb-app\/wp\/v2\/posts\/977176\/revisions\/977180"}],"wp:featuredmedia":[{"embeddable":true,"href":"https:\/\/www.cnbb.org.br\/cnbb-app\/wp\/v2\/media\/977177"}],"wp:attachment":[{"href":"https:\/\/www.cnbb.org.br\/cnbb-app\/wp\/v2\/media?parent=977176"}],"wp:term":[{"taxonomy":"category","embeddable":true,"href":"https:\/\/www.cnbb.org.br\/cnbb-app\/wp\/v2\/categories?post=977176"},{"taxonomy":"post_tag","embeddable":true,"href":"https:\/\/www.cnbb.org.br\/cnbb-app\/wp\/v2\/tags?post=977176"}],"curies":[{"name":"wp","href":"https:\/\/api.w.org\/{rel}","templated":true}]}}