{"id":977360,"date":"2025-02-17T08:52:06","date_gmt":"2025-02-17T11:52:06","guid":{"rendered":"https:\/\/www.cnbb.org.br\/?p=977360"},"modified":"2025-02-17T08:53:02","modified_gmt":"2025-02-17T11:53:02","slug":"cuida-dele-2","status":"publish","type":"post","link":"https:\/\/www.cnbb.org.br\/cuida-dele-2\/","title":{"rendered":"Cuida dele!\u00a0"},"content":{"rendered":"<p style=\"text-align: right;\"><strong>Dom Walmor Oliveira de Azevedo<br \/>\nArcebispo de Belo Horizonte (MG)<\/strong><\/p>\n<p><span data-ccp-props=\"{&quot;201341983&quot;:0,&quot;335559739&quot;:0,&quot;335559740&quot;:240}\">\u00a0<\/span><\/p>\n<p style=\"text-align: justify;\"><span data-contrast=\"auto\">\u201cCuida dele\u201d \u00e9 a palavra amorosa e solid\u00e1ria nascida do cora\u00e7\u00e3o de um samaritano, tratado de forma preconceituosa. A narrativa est\u00e1 no Evangelho segundo Lucas: diferentemente do sacerdote e do levita que passaram ao largo e n\u00e3o dedicaram amparo a uma pessoa ferida, ca\u00edda \u00e0 beira do caminho, o samaritano se det\u00e9m e cuida dele. Depois, leva o enfermo a uma hospedaria, recomenda que se cuide dele, comprometendo-se a pagar por todos os gastos investidos na sua recupera\u00e7\u00e3o. Esta narrativa, que traz a interpelante e convocat\u00f3ria recomenda\u00e7\u00e3o \u201ccuida dele\u201d, ilumina o horizonte da contemporaneidade para inspirar um modo novo de tratar os pobres, enfermos e vulner\u00e1veis. A pressa habitual, considerados os muitos afazeres e as urg\u00eancias, pode comprometer o cora\u00e7\u00e3o humano, o exerc\u00edcio da cidadania e a viv\u00eancia da f\u00e9, levando \u00e0 desumana perda do sentido que h\u00e1 em cuidar do semelhante, da comunidade, do bem comum, do patrim\u00f4nio p\u00fablico e do meio ambiente.\u00a0<\/span><span data-ccp-props=\"{&quot;201341983&quot;:0,&quot;335551550&quot;:6,&quot;335551620&quot;:6,&quot;335559739&quot;:0,&quot;335559740&quot;:240}\">\u00a0<\/span><\/p>\n<p style=\"text-align: justify;\"><span data-contrast=\"auto\">Ter coragem e disposi\u00e7\u00e3o para amparar quem precisa de ajuda \u00e9 um prop\u00f3sito de ouro para este ano jubilar 2025, quando a Igreja Cat\u00f3lica, em celebra\u00e7\u00f5es e peregrina\u00e7\u00f5es, fecunda a sensibilidade humana com um jeito novo de caminhar solidariamente &#8211; todos irm\u00e3os e irm\u00e3s uns dos outros. Uma luz especial motivadora para os prop\u00f3sitos novos de solidariedade \u00e9 a celebra\u00e7\u00e3o do \u00faltimo dia 11 de fevereiro, Festa de Nossa Senhora de Lourdes, 33\u00ba Dia Mundial do Doente. A sa\u00fade \u00e9 um dom precioso e requer cuidados especiais. No seu reverso est\u00e1 a experi\u00eancia do limite humano da enfermidade. \u201cCuida dele\u201d ressoa, ent\u00e3o, como convite \u00e0 atitude solid\u00e1ria e \u00e0 consci\u00eancia do desafio humano de tratar a enfermidade. Neste horizonte, lembra o Papa Francisco, em mensagem para o Dia Mundial do Doente, a fundamental import\u00e2ncia de se caminhar como peregrino de esperan\u00e7a na sa\u00fade e na enfermidade. A esperan\u00e7a \u00e9 for\u00e7a indispens\u00e1vel para o enfrentamento das tribula\u00e7\u00f5es \u2013 n\u00e3o somente as pr\u00f3prias, tamb\u00e9m as do pr\u00f3ximo, a quem se deve solidariamente ajudar, a exemplo do bom samaritano.\u00a0<\/span><span data-ccp-props=\"{&quot;201341983&quot;:0,&quot;335551550&quot;:6,&quot;335551620&quot;:6,&quot;335559739&quot;:0,&quot;335559740&quot;:240}\">\u00a0<\/span><\/p>\n<p style=\"text-align: justify;\"><span data-contrast=\"auto\">A fragilidade humana, sobretudo na enfermidade, estabelece um dilema existencial: a necessidade de manter-se forte mesmo quando chega, inesperadamente, uma doen\u00e7a que, por vezes, \u00e9 grave.\u00a0 S\u00e3o necess\u00e1rios muitos cuidados, n\u00e3o raramente com alto custo, incompat\u00edvel com a realidade socioecon\u00f4mica do enfermo e de seus familiares. Muita gente padece sem a terap\u00eautica necess\u00e1ria, desertificada pela falta de solidariedades e de devido respeito. Com isto, pode nascer o sentimento de impot\u00eancia \u2013 diante da pr\u00f3pria enfermidade, ou de uma doen\u00e7a enfrentada por um familiar, amigo, colega de trabalho, um olhar que deve alcan\u00e7ar ainda os mais pobres e vulner\u00e1veis, particularmente crian\u00e7as e idosos. Nestas circunst\u00e2ncias, gestos de solidariedade e de partilhas s\u00e3o essenciais, a presen\u00e7a de Deus \u00e9 indispens\u00e1vel. Colocar-se na presen\u00e7a divina, na fonte inesgot\u00e1vel de seu amor que sustenta e cura, alimenta a esperan\u00e7a. O Papa Francisco, em sua mensagem, apresenta um itiner\u00e1rio rico e consolador para se aproximar de Deus: o encontro, o dom e a partilha.<\/span><span data-ccp-props=\"{&quot;201341983&quot;:0,&quot;335551550&quot;:6,&quot;335551620&quot;:6,&quot;335559739&quot;:0,&quot;335559740&quot;:240}\">\u00a0<\/span><\/p>\n<p style=\"text-align: justify;\"><span data-contrast=\"auto\">O encontro com Deus, na pessoa de Jesus Cristo, \u00e9 indispens\u00e1vel consola\u00e7\u00e3o, ainda quando a doen\u00e7a \u00e9 dif\u00edcil de se compreender. Importa experimentar a compaix\u00e3o de Deus para alcan\u00e7ar fortalecimento espiritual inigual\u00e1vel, caminho de cura e de compreens\u00e3o do desafio imposto pela enfermidade. Deus n\u00e3o abandona ningu\u00e9m. Ao inv\u00e9s disso, proporciona surpresas ricas e inesperadas. A doen\u00e7a se torna, ent\u00e3o, oportunidade para um encontro transformador, possibilitando uma for\u00e7a espiritual que garante a conquista de impressionante qualifica\u00e7\u00e3o human\u00edstica. A compreens\u00e3o de que toda esperan\u00e7a h\u00e1 de ser depositada em Deus \u00e9, pois, um dom. Compreende-se que a vida est\u00e1 no seu sentido pleno para al\u00e9m da pr\u00f3pria for\u00e7a f\u00edsica, dos sucessos pessoais ou da efetiva\u00e7\u00e3o de exitosos projetos. Tudo isso pode, inclusive, adoecer o cora\u00e7\u00e3o, contaminando-o com terr\u00edvel orgulho e soberba, alimentadores da indiferen\u00e7a ante a dor e o sofrimento do semelhante.<\/span><span data-ccp-props=\"{&quot;201341983&quot;:0,&quot;335551550&quot;:6,&quot;335551620&quot;:6,&quot;335559739&quot;:0,&quot;335559740&quot;:240}\">\u00a0<\/span><\/p>\n<p style=\"text-align: justify;\"><span data-contrast=\"auto\">\u00a0O dom da esperan\u00e7a nasce e se alimenta no cultivo da intimidade com Deus, fonte de cura e de sustento. Mais do que tocar a f\u00edmbria da roupa de Cristo, como aqueles da multid\u00e3o que sempre O cercava, a intimidade com Ele se opera pela comunh\u00e3o ao se comer do seu corpo e ao se beber do seu sangue. A for\u00e7a que sa\u00eda de Cristo agora \u00e9 acolhida na interioridade de quem o recebe. Brota assim o sentido da partilha, neste mundo em que todos s\u00e3o vulner\u00e1veis. A for\u00e7a f\u00edsica de hoje pode j\u00e1 n\u00e3o existir amanh\u00e3, os recursos \u00e0 disposi\u00e7\u00e3o podem n\u00e3o ser suficientes no dia seguinte. Todos s\u00e3o necessitados de solidariedade. Solidariedade em todos os lugares, na fam\u00edlia, nos hospitais, nas cl\u00ednicas, no ambiente de trabalho, na conviv\u00eancia gratuita &#8211; como presen\u00e7a amorosa e consoladora na vida do semelhante.\u00a0<\/span><span data-ccp-props=\"{&quot;201341983&quot;:0,&quot;335551550&quot;:6,&quot;335551620&quot;:6,&quot;335559739&quot;:0,&quot;335559740&quot;:240}\">\u00a0<\/span><\/p>\n<p style=\"text-align: justify;\"><span data-contrast=\"auto\">Recomenda o Papa Francisco: considerada a fragilidade humana torne-se o cuidado com enfermos e vulner\u00e1veis um hino \u00e0 dignidade partilhada por todos, um canto de esperan\u00e7a. Cuidar de quem sofre \u00e9 miss\u00e3o especial. A atitude samaritana pode fecundar a sociedade com indispens\u00e1vel sentido de respeito, vencendo as intoler\u00e2ncias e os autoritarismos que nascem da falsa convic\u00e7\u00e3o de se ser onipotente, dono da fama e das aten\u00e7\u00f5es. O cuidado abnegado e adequado dedicado aos enfermos, em qualquer circunst\u00e2ncia e medida, devolva a cada um o sentido de sua condi\u00e7\u00e3o humana fr\u00e1gil. O compromisso de cuidar opere no mundo uma semeadura de solidariedades. Ao olhar o mundo, contemplando cada um, especialmente os pobres e enfermos, o cora\u00e7\u00e3o pulse, com batimentos modulados pela convoca\u00e7\u00e3o \u201ccuida dele\u201d. Todos, na posi\u00e7\u00e3o de cuidar, inaugurar\u00e3o um tempo novo querido por Deus, no mundo, na sociedade, na fam\u00edlia, no trabalho, na comunidade de f\u00e9, em todo lugar. Cuida dele!<\/span><span data-ccp-props=\"{&quot;201341983&quot;:0,&quot;335551550&quot;:6,&quot;335551620&quot;:6,&quot;335559739&quot;:0,&quot;335559740&quot;:240}\">\u00a0<\/span><\/p>\n<p style=\"text-align: justify;\"><span data-ccp-props=\"{&quot;201341983&quot;:0,&quot;335551550&quot;:6,&quot;335551620&quot;:6,&quot;335559739&quot;:0,&quot;335559740&quot;:240}\">\u00a0<\/span><\/p>\n<p style=\"text-align: justify;\">\n","protected":false},"excerpt":{"rendered":"<p>Dom Walmor Oliveira de Azevedo Arcebispo de Belo Horizonte (MG) \u00a0 \u201cCuida dele\u201d \u00e9 a palavra amorosa e solid\u00e1ria nascida do cora\u00e7\u00e3o de um samaritano, tratado de forma preconceituosa. A narrativa est\u00e1 no Evangelho segundo Lucas: diferentemente do sacerdote e do levita que passaram ao largo e n\u00e3o dedicaram amparo a uma pessoa ferida, ca\u00edda &hellip;<\/p>\n<p class=\"read-more\"> <a class=\"\" href=\"https:\/\/www.cnbb.org.br\/cuida-dele-2\/\"> <span class=\"screen-reader-text\">Cuida dele!\u00a0<\/span> Leia mais &raquo;<\/a><\/p>\n","protected":false},"author":8,"featured_media":0,"comment_status":"closed","ping_status":"closed","sticky":false,"template":"","format":"standard","meta":{"site-sidebar-layout":"default","site-content-layout":"default","ast-global-header-display":"","ast-banner-title-visibility":"","ast-main-header-display":"","ast-hfb-above-header-display":"","ast-hfb-below-header-display":"","ast-hfb-mobile-header-display":"","site-post-title":"","ast-breadcrumbs-content":"","ast-featured-img":"","footer-sml-layout":"","theme-transparent-header-meta":"default","adv-header-id-meta":"","stick-header-meta":"","header-above-stick-meta":"","header-main-stick-meta":"","header-below-stick-meta":""},"categories":[758],"tags":[],"acf":[],"_links":{"self":[{"href":"https:\/\/www.cnbb.org.br\/cnbb-app\/wp\/v2\/posts\/977360"}],"collection":[{"href":"https:\/\/www.cnbb.org.br\/cnbb-app\/wp\/v2\/posts"}],"about":[{"href":"https:\/\/www.cnbb.org.br\/cnbb-app\/wp\/v2\/types\/post"}],"author":[{"embeddable":true,"href":"https:\/\/www.cnbb.org.br\/cnbb-app\/wp\/v2\/users\/8"}],"replies":[{"embeddable":true,"href":"https:\/\/www.cnbb.org.br\/cnbb-app\/wp\/v2\/comments?post=977360"}],"version-history":[{"count":1,"href":"https:\/\/www.cnbb.org.br\/cnbb-app\/wp\/v2\/posts\/977360\/revisions"}],"predecessor-version":[{"id":977361,"href":"https:\/\/www.cnbb.org.br\/cnbb-app\/wp\/v2\/posts\/977360\/revisions\/977361"}],"wp:attachment":[{"href":"https:\/\/www.cnbb.org.br\/cnbb-app\/wp\/v2\/media?parent=977360"}],"wp:term":[{"taxonomy":"category","embeddable":true,"href":"https:\/\/www.cnbb.org.br\/cnbb-app\/wp\/v2\/categories?post=977360"},{"taxonomy":"post_tag","embeddable":true,"href":"https:\/\/www.cnbb.org.br\/cnbb-app\/wp\/v2\/tags?post=977360"}],"curies":[{"name":"wp","href":"https:\/\/api.w.org\/{rel}","templated":true}]}}