{"id":9778,"date":"2010-11-16T00:00:00","date_gmt":"2010-11-16T02:00:00","guid":{"rendered":"https:\/\/www.cnbb.org.br\/dia-nacional-da-consciencia-negra-qreivindicacao-dos-direitos-da-populacao-afrobrasileiraq\/"},"modified":"2010-11-16T00:00:00","modified_gmt":"2010-11-16T02:00:00","slug":"dia-nacional-da-consciencia-negra-qreivindicacao-dos-direitos-da-populacao-afrobrasileiraq","status":"publish","type":"post","link":"https:\/\/www.cnbb.org.br\/dia-nacional-da-consciencia-negra-qreivindicacao-dos-direitos-da-populacao-afrobrasileiraq\/","title":{"rendered":"Dia Nacional da Consci\u00eancia Negra: &#8220;reivindica\u00e7\u00e3o dos direitos da popula\u00e7\u00e3o afrobrasileira&#8221;"},"content":{"rendered":"<p style=\"text-align: justify\">No pr\u00f3ximo s\u00e1bado, 20 de novembro, \u00e9 celebrado o Dia Nacional da Consci\u00eancia Negra. Para comemorar a data, entidades da sociedade civil, de modo especial as ligadas ao movimento negro, realizam eventos por todo o pa\u00eds.<\/p>\n<p style=\"text-align: justify\">O assessor da Pastoral Afrobrasileira, padre Ari Ant\u00f4nio dos Reis, diz que a data \u00e9 um momento para garantir os direitos dos negros. \u201cEstes eventos t\u00eam uma orienta\u00e7\u00e3o comemorativa, mas tamb\u00e9m est\u00e3o voltados a afirma\u00e7\u00e3o da consci\u00eancia pol\u00edtica, da perten\u00e7a \u00e9tnico racial e da reivindica\u00e7\u00e3o dos direitos da popula\u00e7\u00e3o afrobrasileira\u201d.<\/p>\n<p><!--more--><\/p>\n<p style=\"text-align: justify\">O dia 20 de novembro \u00e9 a data que comemora a Consci\u00eancia Negra, tendo como figura mestre Zumbi dos Palmares que, na mesma data 1695, tombava como o grande \u00edcone da resist\u00eancia do povo negro e da luta contra a escravid\u00e3o.<br \/>\n\u201cA insist\u00eancia em celebrar a mem\u00f3ria de Zumbi dos Palmares no dia 20 de Novembro foi a resposta dada pelos negros organizados na perspectiva de lembrar que a aboli\u00e7\u00e3o foi um processo inconcluso e que s\u00f3 seria plenamente completa pela press\u00e3o do movimento negro\u201d, comenta padre Ari. Para ele, o Dia da Consci\u00eancia Negra \u00e9 fruto do amadurecimento do movimento negro que questionou o acento hist\u00f3rico dado ao dia 13 de maio, data que lembra a assinatura da Lei \u00c1urea.<\/p>\n<p style=\"text-align: justify\">\u201cCompreende-se que a assinatura da Lei \u00c1urea n\u00e3o trouxe a verdadeira liberta\u00e7\u00e3o. Apesar da legalidade da alforria viu-se a constru\u00e7\u00e3o de outras formas de opress\u00e3o e nega\u00e7\u00e3o do direito \u00e0 cidadania aos negros. Os mecanismos de exclus\u00e3o continuaram assumindo facetas diferenciadas. N\u00e3o foi permitido o acesso dos negros \u00e0 educa\u00e7\u00e3o, emprego renumerado, moradia digna e outras de beneficio \u00e0 popula\u00e7\u00e3o em geral que j\u00e1 existiam no s\u00e9culo XIX\u201d, acentua o assessor.<\/p>\n<p style=\"text-align: justify\"><strong>Dia de Celebra\u00e7\u00e3o<\/strong><\/p>\n<p style=\"text-align: justify\">Ainda segundo padre Ari, o dia 20 de novembro \u00e9 uma data de comemora\u00e7\u00e3o, que celebra \u201ca hist\u00f3ria e a cultura dos negros, compreendida como fator de enriquecimento para a Igreja\u201d. A celebra\u00e7\u00e3o da missa \u00e9 uma das express\u00f5es mais ricas para o fortalecimento da cultura afro e gratid\u00e3o a Deus. \u201cA Celebra\u00e7\u00e3o da missa afro, que \u00e9 em primeiro lugar a celebra\u00e7\u00e3o do mist\u00e9rio Daquele que deu a vida pela nossa salva\u00e7\u00e3o, compreender\u00e1 tamb\u00e9m o necess\u00e1rio protagonismo nas diferentes a\u00e7\u00f5es que buscam a inclus\u00e3o da popula\u00e7\u00e3o negra em uma vida cidad\u00e3. Para n\u00f3s crist\u00e3os uma vida digna e feliz\u201d.<\/p>\n","protected":false},"excerpt":{"rendered":"<p>No pr\u00f3ximo s\u00e1bado, 20 de novembro, \u00e9 celebrado o Dia Nacional da Consci\u00eancia Negra. Para comemorar a data, entidades da sociedade civil, de modo especial as ligadas ao movimento negro, realizam eventos por todo o pa\u00eds. O assessor da Pastoral Afrobrasileira, padre Ari Ant\u00f4nio dos Reis, diz que a data \u00e9 um momento para garantir &hellip;<\/p>\n<p class=\"read-more\"> <a class=\"\" href=\"https:\/\/www.cnbb.org.br\/dia-nacional-da-consciencia-negra-qreivindicacao-dos-direitos-da-populacao-afrobrasileiraq\/\"> <span class=\"screen-reader-text\">Dia Nacional da Consci\u00eancia Negra: &#8220;reivindica\u00e7\u00e3o dos direitos da popula\u00e7\u00e3o afrobrasileira&#8221;<\/span> Leia mais &raquo;<\/a><\/p>\n","protected":false},"author":83,"featured_media":9779,"comment_status":"open","ping_status":"open","sticky":false,"template":"","format":"standard","meta":{"site-sidebar-layout":"default","site-content-layout":"default","ast-global-header-display":"","ast-banner-title-visibility":"","ast-main-header-display":"","ast-hfb-above-header-display":"","ast-hfb-below-header-display":"","ast-hfb-mobile-header-display":"","site-post-title":"","ast-breadcrumbs-content":"","ast-featured-img":"","footer-sml-layout":"","theme-transparent-header-meta":"","adv-header-id-meta":"","stick-header-meta":"","header-above-stick-meta":"","header-main-stick-meta":"","header-below-stick-meta":""},"categories":[851,766],"tags":[],"acf":[],"_links":{"self":[{"href":"https:\/\/www.cnbb.org.br\/cnbb-app\/wp\/v2\/posts\/9778"}],"collection":[{"href":"https:\/\/www.cnbb.org.br\/cnbb-app\/wp\/v2\/posts"}],"about":[{"href":"https:\/\/www.cnbb.org.br\/cnbb-app\/wp\/v2\/types\/post"}],"author":[{"embeddable":true,"href":"https:\/\/www.cnbb.org.br\/cnbb-app\/wp\/v2\/users\/83"}],"replies":[{"embeddable":true,"href":"https:\/\/www.cnbb.org.br\/cnbb-app\/wp\/v2\/comments?post=9778"}],"version-history":[{"count":0,"href":"https:\/\/www.cnbb.org.br\/cnbb-app\/wp\/v2\/posts\/9778\/revisions"}],"wp:featuredmedia":[{"embeddable":true,"href":"https:\/\/www.cnbb.org.br\/cnbb-app\/wp\/v2\/media\/9779"}],"wp:attachment":[{"href":"https:\/\/www.cnbb.org.br\/cnbb-app\/wp\/v2\/media?parent=9778"}],"wp:term":[{"taxonomy":"category","embeddable":true,"href":"https:\/\/www.cnbb.org.br\/cnbb-app\/wp\/v2\/categories?post=9778"},{"taxonomy":"post_tag","embeddable":true,"href":"https:\/\/www.cnbb.org.br\/cnbb-app\/wp\/v2\/tags?post=9778"}],"curies":[{"name":"wp","href":"https:\/\/api.w.org\/{rel}","templated":true}]}}