{"id":978033,"date":"2025-02-27T14:26:20","date_gmt":"2025-02-27T17:26:20","guid":{"rendered":"https:\/\/www.cnbb.org.br\/?p=978033"},"modified":"2025-02-27T14:26:20","modified_gmt":"2025-02-27T17:26:20","slug":"1-forum-das-pastorais-sociais-reune-liderancas-para-reavivar-a-profecia-crista-de-um-mundo-mais-justo-e-fraterno","status":"publish","type":"post","link":"https:\/\/www.cnbb.org.br\/1-forum-das-pastorais-sociais-reune-liderancas-para-reavivar-a-profecia-crista-de-um-mundo-mais-justo-e-fraterno\/","title":{"rendered":"1\u00b0 F\u00f3rum das Pastorais Sociais re\u00fane lideran\u00e7as \u2018para reavivar a profecia crist\u00e3 de um mundo mais justo e fraterno\u2019"},"content":{"rendered":"<p style=\"text-align: justify;\">O Centro de Forma\u00e7\u00e3o Dom Itamar Vian, em Feira de Santana (BA), foi sede do 1\u00b0 F\u00f3rum das Pastorais Sociais do regional Nordeste 3, realizado pela Comiss\u00e3o para a A\u00e7\u00e3o Sociotransformadora (CEPAST), entre os 21 e 23 de fevereiro, com a participa\u00e7\u00e3o de cerca de 80 lideran\u00e7as.<\/p>\n<p style=\"text-align: justify;\">O F\u00f3rum teve como principal objetivo o fortalecimento das pastorais e dos movimentos sociais nos estados da Bahia e Sergipe, promovendo a articula\u00e7\u00e3o e o di\u00e1logo entre diferentes grupos, e incentivando a a\u00e7\u00e3o social da Igreja em defesa dos direitos humanos, da justi\u00e7a social e no enfrentamento da crise clim\u00e1tica.<\/p>\n<p style=\"text-align: justify;\">Inserido no contexto do Jubileu da Esperan\u00e7a, proclamado pelo Papa Francisco, o momento propiciou uma an\u00e1lise da mem\u00f3ria da caminhada realizada como servidores do Reino de Deus, para reavivar a profecia crist\u00e3 na defesa de um mundo mais justo e fraterno e no cuidado da casa comum.<\/p>\n<p style=\"text-align: justify;\">A Comiss\u00e3o para a A\u00e7\u00e3o Sociotransformadora (CEPAST) tem a importante tarefa de fortalecer a miss\u00e3o da Igreja na promo\u00e7\u00e3o da fraternidade universal, \u00e0 luz da ecologia integral, para a constru\u00e7\u00e3o de uma sociedade justa e solid\u00e1ria, promovendo os Direitos Humanos e da Natureza, inspirando-se no Evangelho e no Ensino Social da Igreja e assumindo a op\u00e7\u00e3o pelos empobrecidos.<\/p>\n<p style=\"text-align: justify;\">O Primeiro F\u00f3rum das Pastorais Sociais teve como lema \u201cMem\u00f3ria, Profecia e Esperan\u00e7a\u201d. Na oportunidade, Dom Vicente de Paula Ferreira realizou a apresenta\u00e7\u00e3o dos temas inspiradores da A\u00e7\u00e3o Pastoral 2025 (10 anos Laudato si, CF 2025, Jubileu da Esperan\u00e7a, COP 30) e como estas tem\u00e1ticas dialogam entre si, e contribuem para uma a\u00e7\u00e3o articulada das pastorais sociais no Regional NE3 em 2025.<\/p>\n<p style=\"text-align: justify;\">\u201cTivemos mais de 80 pessoas refletindo aqui sobre o reino de Deus, que \u00e9 um reino de justi\u00e7a e de paz. Foi um encontro de muita partilha e de bons encaminhamentos, que prop\u00f5em a nossa caminhada de Igreja atrav\u00e9s da Laudato Si\u2019, Laudate Deum, Fratelli Tutti, do Magist\u00e9rio do Papa Francisco. Ser de fato essa Igreja em sa\u00edda, comprometida com um mundo mais justo, mais fraterno, como irm\u00e3os e irm\u00e3s guardi\u00e3es da casa comum. Uma experi\u00eancia realmente muito renovadora para o Nordeste 3\u201d, explicou Dom Vicente.<\/p>\n<p style=\"text-align: justify;\">Integrante da Comiss\u00e3o Pastoral da Terra do Nordeste 3 e da equipe de organiza\u00e7\u00e3o do F\u00f3rum, T\u00e2nia (sobrenome) destacou a import\u00e2ncia deste espa\u00e7o para a caminhada das pastorais sociais. \u201cEst\u00e1 sendo um momento muito significativo para as caminhadas das pastorais do Regional, fazendo tamb\u00e9m o nosso planejamento. Estamos acreditando que, com essa articula\u00e7\u00e3o, com esse f\u00f3rum, temos um fortalecimento de toda a caminhada da Igreja, principalmente a partir desta convoca\u00e7\u00e3o do Papa Francisco para sermos cada vez mais uma igreja em sa\u00edda\u201d, avaliou ap\u00f3s a conclus\u00e3o do evento.<\/p>\n<h5 style=\"text-align: justify;\">O que \u00e9 o F\u00f3rum?<\/h5>\n<p style=\"text-align: justify;\">O F\u00f3rum das Pastorais Sociais \u00e9 um espa\u00e7o de integra\u00e7\u00e3o das pastorais sociais. Tem por finalidade desenvolver um trabalho org\u00e2nico das Pastorais e Organismos Sociais, como forma de entrosamento, por meio da realiza\u00e7\u00e3o de atividades comuns em defesa da vida, da partilha dos servi\u00e7os realizados, com seus frutos e dificuldades, e da forma\u00e7\u00e3o e capacita\u00e7\u00e3o das lideran\u00e7as que atuam nos meios populares, de modo que a dimens\u00e3o social da f\u00e9 seja compreendida e assumida por todos, na Igreja.<\/p>\n<p>&nbsp;<\/p>\n<pre style=\"text-align: justify;\"><a href=\"https:\/\/cnbbne3.org.br\/1-forum-das-pastorais-sociais-reune-liderancas-para-reavivar-a-profecia-crista-de-um-mundo-mais-justo-e-fraterno\/\" target=\"_blank\" rel=\"noopener\">Texto<\/a> e fotos: Leonardo \/ Arquidiocese de Feira de Santana<\/pre>\n","protected":false},"excerpt":{"rendered":"<p>O Centro de Forma\u00e7\u00e3o Dom Itamar Vian, em Feira de Santana (BA), foi sede do 1\u00b0 F\u00f3rum das Pastorais Sociais do regional Nordeste 3, realizado pela Comiss\u00e3o para a A\u00e7\u00e3o Sociotransformadora (CEPAST), entre os 21 e 23 de fevereiro, com a participa\u00e7\u00e3o de cerca de 80 lideran\u00e7as. O F\u00f3rum teve como principal objetivo o fortalecimento &hellip;<\/p>\n<p class=\"read-more\"> <a class=\"\" href=\"https:\/\/www.cnbb.org.br\/1-forum-das-pastorais-sociais-reune-liderancas-para-reavivar-a-profecia-crista-de-um-mundo-mais-justo-e-fraterno\/\"> <span class=\"screen-reader-text\">1\u00b0 F\u00f3rum das Pastorais Sociais re\u00fane lideran\u00e7as \u2018para reavivar a profecia crist\u00e3 de um mundo mais justo e fraterno\u2019<\/span> Leia mais &raquo;<\/a><\/p>\n","protected":false},"author":141,"featured_media":978034,"comment_status":"closed","ping_status":"closed","sticky":false,"template":"","format":"standard","meta":{"site-sidebar-layout":"default","site-content-layout":"default","ast-global-header-display":"","ast-banner-title-visibility":"","ast-main-header-display":"","ast-hfb-above-header-display":"","ast-hfb-below-header-display":"","ast-hfb-mobile-header-display":"","site-post-title":"","ast-breadcrumbs-content":"","ast-featured-img":"","footer-sml-layout":"","theme-transparent-header-meta":"default","adv-header-id-meta":"","stick-header-meta":"","header-above-stick-meta":"","header-main-stick-meta":"","header-below-stick-meta":""},"categories":[789],"tags":[],"acf":[],"_links":{"self":[{"href":"https:\/\/www.cnbb.org.br\/cnbb-app\/wp\/v2\/posts\/978033"}],"collection":[{"href":"https:\/\/www.cnbb.org.br\/cnbb-app\/wp\/v2\/posts"}],"about":[{"href":"https:\/\/www.cnbb.org.br\/cnbb-app\/wp\/v2\/types\/post"}],"author":[{"embeddable":true,"href":"https:\/\/www.cnbb.org.br\/cnbb-app\/wp\/v2\/users\/141"}],"replies":[{"embeddable":true,"href":"https:\/\/www.cnbb.org.br\/cnbb-app\/wp\/v2\/comments?post=978033"}],"version-history":[{"count":2,"href":"https:\/\/www.cnbb.org.br\/cnbb-app\/wp\/v2\/posts\/978033\/revisions"}],"predecessor-version":[{"id":978036,"href":"https:\/\/www.cnbb.org.br\/cnbb-app\/wp\/v2\/posts\/978033\/revisions\/978036"}],"wp:featuredmedia":[{"embeddable":true,"href":"https:\/\/www.cnbb.org.br\/cnbb-app\/wp\/v2\/media\/978034"}],"wp:attachment":[{"href":"https:\/\/www.cnbb.org.br\/cnbb-app\/wp\/v2\/media?parent=978033"}],"wp:term":[{"taxonomy":"category","embeddable":true,"href":"https:\/\/www.cnbb.org.br\/cnbb-app\/wp\/v2\/categories?post=978033"},{"taxonomy":"post_tag","embeddable":true,"href":"https:\/\/www.cnbb.org.br\/cnbb-app\/wp\/v2\/tags?post=978033"}],"curies":[{"name":"wp","href":"https:\/\/api.w.org\/{rel}","templated":true}]}}