{"id":978065,"date":"2025-02-28T08:46:07","date_gmt":"2025-02-28T11:46:07","guid":{"rendered":"https:\/\/www.cnbb.org.br\/?p=978065"},"modified":"2025-02-28T08:46:42","modified_gmt":"2025-02-28T11:46:42","slug":"misericordia-amor-e-esperanca","status":"publish","type":"post","link":"https:\/\/www.cnbb.org.br\/misericordia-amor-e-esperanca\/","title":{"rendered":"Miseric\u00f3rdia, amor e esperan\u00e7a\u00a0"},"content":{"rendered":"<p style=\"text-align: right;\"><strong>Dom Jos\u00e9 Gislon<br \/>\nBispo de Caxias do Sul (RS)<\/strong><\/p>\n<p>&nbsp;<\/p>\n<p style=\"text-align: justify;\"><span data-ccp-props=\"{&quot;201341983&quot;:0,&quot;335551550&quot;:2,&quot;335551620&quot;:2,&quot;335559739&quot;:0,&quot;335559740&quot;:240}\">\u00a0<\/span><\/p>\n<p style=\"text-align: justify;\"><span data-contrast=\"auto\">Estimados irm\u00e3os e irm\u00e3s em Cristo Jesus! Com a Quarta-Feira de Cinzas iniciaremos o sagrado tempo da Quaresma. \u00c9 um tempo especial para deixarmos a miseric\u00f3rdia do Senhor tocar o nosso cora\u00e7\u00e3o e curar as nossas feridas, abertas pelo pecado. A Quaresma \u00e9 um tempo marcado pela gra\u00e7a do Senhor, no qual cada um de n\u00f3s e em comunidade somos convidados a refletir sobre a nossa vida espiritual, a nossa comunh\u00e3o com o Senhor e o nosso compromisso com os irm\u00e3os, como manifesta\u00e7\u00e3o concreta da nossa vida de f\u00e9. A Quaresma \u00e9 um tempo sagrado que iniciamos recebendo as cinzas em nossas cabe\u00e7as, como sinal\u00a0 da nossa disponibilidade interior de fazermos penit\u00eancia e vivermos essa peregrina\u00e7\u00e3o de purifica\u00e7\u00e3o espiritual, atrav\u00e9s da ora\u00e7\u00e3o, do jejum e praticando a caridade, mas tamb\u00e9m com a mente e o cora\u00e7\u00e3o abertos \u00e0 escuta da Palavra de Deus.<\/span><span data-ccp-props=\"{&quot;201341983&quot;:0,&quot;335551550&quot;:6,&quot;335551620&quot;:6,&quot;335559739&quot;:0,&quot;335559740&quot;:240}\">\u00a0<\/span><\/p>\n<p style=\"text-align: justify;\"><span data-contrast=\"auto\">Como crist\u00e3os cat\u00f3licos queremos, em sintonia com toda a Igreja, viver intensamente este sagrado tempo da Quaresma como um momento especial para a nossa vida espiritual em prepara\u00e7\u00e3o \u00e0 celebra\u00e7\u00e3o da P\u00e1scoa de Jesus. \u00c9 um tempo que nos ajuda a redescobrir os valores da f\u00e9 em Jesus Cristo, nosso Salvador, que se alimenta na Palavra de Deus e na Eucaristia. Nele, <\/span><span data-contrast=\"auto\">recordamos tamb\u00e9m do amor de Deus Pai, manifestado por cada um de n\u00f3s na paix\u00e3o de seu Filhos Jesus. Esse amor tem algo de diferente: n\u00e3o se extingue no tempo e na hist\u00f3ria, n\u00e3o cai no vazio e na indiferen\u00e7a, n\u00e3o faz promessas que caem no esquecimento. Esse amor, que est\u00e1 ao alcance do cora\u00e7\u00e3o humano, \u00e9 divino, pois atrav\u00e9s dele podemos perceber a presen\u00e7a de Deus agindo no mundo, nos reconciliando com a sua miseric\u00f3rdia.<\/span><span data-ccp-props=\"{&quot;201341983&quot;:0,&quot;335551550&quot;:6,&quot;335551620&quot;:6,&quot;335559739&quot;:0,&quot;335559740&quot;:240}\">\u00a0<\/span><\/p>\n<p style=\"text-align: justify;\"><span data-contrast=\"auto\">Quando deixamos a miseric\u00f3rdia invadir o nosso cora\u00e7\u00e3o, podemos perceber a presen\u00e7a e o amor de Deus na nossa vida. \u00c9 o momento em que a gra\u00e7a de Deus nos ajuda a olhar o caminho percorrido e nos faz perceber que talvez tenhamos vivido longe do Criador e da sua casa. Podemos ter perdido o sentido da vida, a dignidade de ser humano e, \u00e0s vezes, at\u00e9 a coragem de recome\u00e7ar, porque n\u00e3o sabemos mais quem somos.\u00a0 Foi na mais profunda desola\u00e7\u00e3o, depois de ter dissipado toda a heran\u00e7a que recebera, que o filho pr\u00f3digo se lembrou do Pai, do aconchego da usa casa. Mas precisou primeiro olhar para dentro de si mesmo, tomar consci\u00eancia da sua situa\u00e7\u00e3o de abandono, para depois criar coragem e retomar o caminho que o conduziria novamente \u00e0 casa do Pai. O Pai de longe v\u00ea o filho chegando e vai ao seu encontro, o acolhe na sua miseric\u00f3rdia com um abra\u00e7o de ternura, alegre pelo seu retorno. N\u00e3o pediu quanto restava da heran\u00e7a ou no que tinha sido gasta; o Pai estava feliz porque o filho tinha voltado. Ao voltar para a casa do Pai, o filho pr\u00f3digo recuperou sua dignidade, percebeu que o Pai sempre esteve \u00e0 sua espera, amando-o como filho.<\/span><span data-ccp-props=\"{&quot;201341983&quot;:0,&quot;335551550&quot;:6,&quot;335551620&quot;:6,&quot;335559739&quot;:0,&quot;335559740&quot;:240}\">\u00a0<\/span><\/p>\n<p style=\"text-align: justify;\"><span data-contrast=\"auto\">A Igreja Cat\u00f3lica no Brasil, durante o sagrado tempo da Quaresma, tem promovido a Campanha da Fraternidade. Nos \u00faltimos 61 anos, ela abordou temas que tocam a vida do Povo de Deus, na nossa sociedade brasileira, mas tamb\u00e9m a vida da nossa Casa Comum, onde Deus escreve a sua hist\u00f3ria de amor com cada um de n\u00f3s. <\/span><span data-contrast=\"auto\">Para este ano o tema da Campanha \u00e9 \u201cFraternidade e Ecologia Integral\u201d e o lema: \u201c<\/span><i><span data-contrast=\"auto\">Deus viu que tudo era muito bom<\/span><\/i><span data-contrast=\"auto\">!\u201d (Gn 1,31). Que na viv\u00eancia deste sagrado tempo da Quaresma possamos fazer um caminho de convers\u00e3o para podermos \u201cver\u201d a nossa Casa Comum com o olhar de Deus.<\/span><span data-ccp-props=\"{&quot;201341983&quot;:0,&quot;335551550&quot;:6,&quot;335551620&quot;:6,&quot;335559739&quot;:0,&quot;335559740&quot;:240}\">\u00a0<\/span><\/p>\n<p style=\"text-align: justify;\"><span data-ccp-props=\"{&quot;201341983&quot;:0,&quot;335551550&quot;:6,&quot;335551620&quot;:6,&quot;335559739&quot;:0,&quot;335559740&quot;:240}\">\u00a0<\/span><\/p>\n<p style=\"text-align: justify;\"><span data-ccp-props=\"{&quot;201341983&quot;:0,&quot;335551550&quot;:6,&quot;335551620&quot;:6,&quot;335559739&quot;:0,&quot;335559740&quot;:240}\">\u00a0<\/span><\/p>\n<p style=\"text-align: justify;\">\n","protected":false},"excerpt":{"rendered":"<p>Dom Jos\u00e9 Gislon Bispo de Caxias do Sul (RS) &nbsp; \u00a0 Estimados irm\u00e3os e irm\u00e3s em Cristo Jesus! Com a Quarta-Feira de Cinzas iniciaremos o sagrado tempo da Quaresma. \u00c9 um tempo especial para deixarmos a miseric\u00f3rdia do Senhor tocar o nosso cora\u00e7\u00e3o e curar as nossas feridas, abertas pelo pecado. A Quaresma \u00e9 um &hellip;<\/p>\n<p class=\"read-more\"> <a class=\"\" href=\"https:\/\/www.cnbb.org.br\/misericordia-amor-e-esperanca\/\"> <span class=\"screen-reader-text\">Miseric\u00f3rdia, amor e esperan\u00e7a\u00a0<\/span> Leia mais &raquo;<\/a><\/p>\n","protected":false},"author":20,"featured_media":0,"comment_status":"closed","ping_status":"closed","sticky":false,"template":"","format":"standard","meta":{"site-sidebar-layout":"default","site-content-layout":"default","ast-global-header-display":"","ast-banner-title-visibility":"","ast-main-header-display":"","ast-hfb-above-header-display":"","ast-hfb-below-header-display":"","ast-hfb-mobile-header-display":"","site-post-title":"","ast-breadcrumbs-content":"","ast-featured-img":"","footer-sml-layout":"","theme-transparent-header-meta":"default","adv-header-id-meta":"","stick-header-meta":"","header-above-stick-meta":"","header-main-stick-meta":"","header-below-stick-meta":""},"categories":[758],"tags":[],"acf":[],"_links":{"self":[{"href":"https:\/\/www.cnbb.org.br\/cnbb-app\/wp\/v2\/posts\/978065"}],"collection":[{"href":"https:\/\/www.cnbb.org.br\/cnbb-app\/wp\/v2\/posts"}],"about":[{"href":"https:\/\/www.cnbb.org.br\/cnbb-app\/wp\/v2\/types\/post"}],"author":[{"embeddable":true,"href":"https:\/\/www.cnbb.org.br\/cnbb-app\/wp\/v2\/users\/20"}],"replies":[{"embeddable":true,"href":"https:\/\/www.cnbb.org.br\/cnbb-app\/wp\/v2\/comments?post=978065"}],"version-history":[{"count":1,"href":"https:\/\/www.cnbb.org.br\/cnbb-app\/wp\/v2\/posts\/978065\/revisions"}],"predecessor-version":[{"id":978066,"href":"https:\/\/www.cnbb.org.br\/cnbb-app\/wp\/v2\/posts\/978065\/revisions\/978066"}],"wp:attachment":[{"href":"https:\/\/www.cnbb.org.br\/cnbb-app\/wp\/v2\/media?parent=978065"}],"wp:term":[{"taxonomy":"category","embeddable":true,"href":"https:\/\/www.cnbb.org.br\/cnbb-app\/wp\/v2\/categories?post=978065"},{"taxonomy":"post_tag","embeddable":true,"href":"https:\/\/www.cnbb.org.br\/cnbb-app\/wp\/v2\/tags?post=978065"}],"curies":[{"name":"wp","href":"https:\/\/api.w.org\/{rel}","templated":true}]}}