{"id":978164,"date":"2025-03-05T13:19:34","date_gmt":"2025-03-05T16:19:34","guid":{"rendered":"https:\/\/www.cnbb.org.br\/?p=978164"},"modified":"2025-03-05T13:20:05","modified_gmt":"2025-03-05T16:20:05","slug":"tempo-de-confissao-2","status":"publish","type":"post","link":"https:\/\/www.cnbb.org.br\/tempo-de-confissao-2\/","title":{"rendered":"Tempo de confiss\u00e3o"},"content":{"rendered":"<p style=\"text-align: right;\"><strong>Cardeal Orani Jo\u00e3o Tempesta<\/strong><br \/>\n<strong>Arcebispo do Rio de Janeiro (RJ)<\/strong><\/p>\n<p>&nbsp;<\/p>\n<p>&nbsp;<\/p>\n<p style=\"text-align: justify;\">A Igreja recomenda que, ao menos uma vez ao ano, realizemos nossa confiss\u00e3o sacramental por ocasi\u00e3o da P\u00e1scoa da Ressurrei\u00e7\u00e3o. \u00c9 claro que, se sentirmos a necessidade, devemos nos confessar mais vezes ao longo do ano. O per\u00edodo da Quaresma tem por caracter\u00edstica um apelo forte \u00e0 convers\u00e3o e \u00e0 mudan\u00e7a de vida. \u00c9 um tempo que nos convida a fazermos penit\u00eancia. Acrescentemos tamb\u00e9m que estamos no tempo do jubileu que sup\u00f5e a confiss\u00e3o, entre outras pr\u00e1ticas, para obter a indulg\u00eancia plen\u00e1ria.<\/p>\n<p style=\"text-align: justify;\">Por meio da ora\u00e7\u00e3o, do jejum e da caridade \u2014 tr\u00eas pr\u00e1ticas espirituais desse tempo quaresmal \u2014, \u00e9 poss\u00edvel sustentar a nossa penit\u00eancia. Essas tr\u00eas pr\u00e1ticas espirituais est\u00e3o intimamente ligadas umas \u00e0s outras. O que sustentar\u00e1 o nosso jejum \u00e9 a ora\u00e7\u00e3o, e a caridade \u00e9 o gesto concreto do jejum que realizamos. A caridade poderemos tamb\u00e9m concretizar na coleta da solidariedade no Domingo de Ramos. Do mesmo modo, se vivermos bem essas tr\u00eas pr\u00e1ticas espirituais, estaremos prontos para realizar nossa confiss\u00e3o sacramental.<\/p>\n<p style=\"text-align: justify;\">A Igreja oferece meios, ao longo do tempo quaresmal, para que realizemos a nossa confiss\u00e3o sacramental. Trata-se da confiss\u00e3o individual auricular. Uma das formas \u00e9 possibilitar aos fi\u00e9is a participa\u00e7\u00e3o na celebra\u00e7\u00e3o penitencial. Nessa celebra\u00e7\u00e3o, s\u00e3o meditados textos de car\u00e1ter penitencial, o sacerdote profere a homilia e faz reflex\u00f5es para que todos os fi\u00e9is examinem suas consci\u00eancias e, depois, se confessem. A celebra\u00e7\u00e3o continua com as preces e a ora\u00e7\u00e3o do Pai-Nosso. Ap\u00f3s a ora\u00e7\u00e3o, o sacerdote se dirige ao confession\u00e1rio e aguarda os fi\u00e9is para a confiss\u00e3o auricular, pois, em geral, n\u00e3o se pode dar a absolvi\u00e7\u00e3o geral.<\/p>\n<p style=\"text-align: justify;\">Meus irm\u00e3os, ao longo desse tempo quaresmal, as par\u00f3quias costumam realizar o \u201cmutir\u00e3o\u201d de confiss\u00f5es, com o intuito de possibilitar que um n\u00famero maior de fi\u00e9is busque o sacramento da confiss\u00e3o, pois, no mutir\u00e3o, os padres das par\u00f3quias vizinhas ajudam no atendimento. Assim temos tamb\u00e9m a oportunidade de confessores extraordin\u00e1rios. Procure se informar em sua par\u00f3quia sobre quando acontecer\u00e1 o mutir\u00e3o de confiss\u00e3o e busque o sacramento para a P\u00e1scoa.<\/p>\n<p style=\"text-align: justify;\">Ao contr\u00e1rio do que alguns pensam, o tempo da Quaresma n\u00e3o \u00e9 um per\u00edodo triste ou de luto, mas um per\u00edodo de recolhimento e penit\u00eancia. N\u00e3o podemos confundir penit\u00eancia e recolhimento com tristeza, mas, principalmente ap\u00f3s a confiss\u00e3o, o nosso cora\u00e7\u00e3o deve se encher de alegria. Ao longo do per\u00edodo quaresmal, somos convidados a ir ao deserto com Jesus e a vencer as tenta\u00e7\u00f5es. Recordamos tamb\u00e9m os quarenta anos em<\/p>\n<p style=\"text-align: justify;\">que o povo de Deus peregrinou no deserto at\u00e9 chegar \u00e0 Terra Prometida, tendo a Arca da Alian\u00e7a \u00e0 frente.<\/p>\n<p style=\"text-align: justify;\">O sentido de irmos ao deserto \u00e9 penitencial: um tempo para nos encontrarmos com Deus, e \u00e9 isso que fazemos no tempo quaresmal. Quando realizamos a prociss\u00e3o ao longo desse tempo da Quaresma, recordamos o que o povo de Deus fez no deserto e nos colocamos a caminho, ao encontro do Senhor. A prociss\u00e3o tem um sentido penitencial; tenhamos isso em mente ao longo desse tempo quaresmal e nos preparemos a cada dia para a P\u00e1scoa do Senhor, pedindo o perd\u00e3o de nossos pecados, buscando a confiss\u00e3o e rezando uns pelos outros.<\/p>\n<p style=\"text-align: justify;\">Por isso, a confiss\u00e3o \u00e9 um passo importante para celebrarmos a P\u00e1scoa, pois, na Vig\u00edlia Pascal, no S\u00e1bado Santo, renovamos as promessas do Batismo e somos purificados completamente de todos os pecados. Somos convidados a iniciar a Quaresma de uma maneira e chegar \u00e0 P\u00e1scoa de outra. Temos que &#8220;morrer&#8221; para o pecado e &#8220;ressurgir&#8221; para uma vida nova na P\u00e1scoa. Dessa forma, a Igreja recomenda que, ao menos uma vez por ano, por ocasi\u00e3o da P\u00e1scoa do Senhor, realizemos nossa confiss\u00e3o sacramental.<\/p>\n<p style=\"text-align: justify;\">A confiss\u00e3o nos ajuda a celebrarmos com alegria a P\u00e1scoa do Senhor. \u00c9 preciso, a cada ano, nos confessarmos para n\u00e3o acumular os pecados e cumprir aquilo que a Igreja nos orienta. Quando o sacerdote nos acolhe na confiss\u00e3o, \u00e9 como se o pr\u00f3prio Cristo estivesse nos acolhendo, pois o padre, naquele momento do sacramento, \u00e9 o representante de Cristo. Ele vai nos acolher com miseric\u00f3rdia e dar o seu perd\u00e3o. Aproveitemos que ainda estamos no Ano Jubilar da Esperan\u00e7a e da Miseric\u00f3rdia e nos confiemos \u00e0 miseric\u00f3rdia do Senhor.<\/p>\n<p style=\"text-align: justify;\">Busquemos a confiss\u00e3o sacramental em vista da prepara\u00e7\u00e3o para a P\u00e1scoa. Procuremos, ao longo desse tempo da Quaresma, os hor\u00e1rios de confiss\u00e3o na par\u00f3quia e informemo-nos do dia e hor\u00e1rios do mutir\u00e3o de confiss\u00e3o. Sobretudo, se faz bastante tempo que n\u00e3o se confessam, eis o tempo oportuno para procurar a reconcilia\u00e7\u00e3o com Deus. Eis o tempo de convers\u00e3o, eis o dia da salva\u00e7\u00e3o. Dias 28 e 29 de mar\u00e7o teremos tamb\u00e9m a oportunidade das \u201c24 horas para o Senhor\u201d, como tema \u201cTu \u00e9s minha esperan\u00e7a\u201d que conta com momentos de confiss\u00f5es e ora\u00e7\u00f5es nos ajudando a chegar ao domingo Laetare, da alegria, deste tempo da Quaresma.<\/p>\n<p>&nbsp;<\/p>\n<p>&nbsp;<\/p>\n","protected":false},"excerpt":{"rendered":"<p>Cardeal Orani Jo\u00e3o Tempesta Arcebispo do Rio de Janeiro (RJ) &nbsp; &nbsp; A Igreja recomenda que, ao menos uma vez ao ano, realizemos nossa confiss\u00e3o sacramental por ocasi\u00e3o da P\u00e1scoa da Ressurrei\u00e7\u00e3o. \u00c9 claro que, se sentirmos a necessidade, devemos nos confessar mais vezes ao longo do ano. O per\u00edodo da Quaresma tem por caracter\u00edstica &hellip;<\/p>\n<p class=\"read-more\"> <a class=\"\" href=\"https:\/\/www.cnbb.org.br\/tempo-de-confissao-2\/\"> <span class=\"screen-reader-text\">Tempo de confiss\u00e3o<\/span> Leia mais &raquo;<\/a><\/p>\n","protected":false},"author":31,"featured_media":0,"comment_status":"closed","ping_status":"closed","sticky":false,"template":"","format":"standard","meta":{"site-sidebar-layout":"default","site-content-layout":"default","ast-global-header-display":"","ast-banner-title-visibility":"","ast-main-header-display":"","ast-hfb-above-header-display":"","ast-hfb-below-header-display":"","ast-hfb-mobile-header-display":"","site-post-title":"","ast-breadcrumbs-content":"","ast-featured-img":"","footer-sml-layout":"","theme-transparent-header-meta":"default","adv-header-id-meta":"","stick-header-meta":"","header-above-stick-meta":"","header-main-stick-meta":"","header-below-stick-meta":""},"categories":[758],"tags":[],"acf":[],"_links":{"self":[{"href":"https:\/\/www.cnbb.org.br\/cnbb-app\/wp\/v2\/posts\/978164"}],"collection":[{"href":"https:\/\/www.cnbb.org.br\/cnbb-app\/wp\/v2\/posts"}],"about":[{"href":"https:\/\/www.cnbb.org.br\/cnbb-app\/wp\/v2\/types\/post"}],"author":[{"embeddable":true,"href":"https:\/\/www.cnbb.org.br\/cnbb-app\/wp\/v2\/users\/31"}],"replies":[{"embeddable":true,"href":"https:\/\/www.cnbb.org.br\/cnbb-app\/wp\/v2\/comments?post=978164"}],"version-history":[{"count":3,"href":"https:\/\/www.cnbb.org.br\/cnbb-app\/wp\/v2\/posts\/978164\/revisions"}],"predecessor-version":[{"id":978167,"href":"https:\/\/www.cnbb.org.br\/cnbb-app\/wp\/v2\/posts\/978164\/revisions\/978167"}],"wp:attachment":[{"href":"https:\/\/www.cnbb.org.br\/cnbb-app\/wp\/v2\/media?parent=978164"}],"wp:term":[{"taxonomy":"category","embeddable":true,"href":"https:\/\/www.cnbb.org.br\/cnbb-app\/wp\/v2\/categories?post=978164"},{"taxonomy":"post_tag","embeddable":true,"href":"https:\/\/www.cnbb.org.br\/cnbb-app\/wp\/v2\/tags?post=978164"}],"curies":[{"name":"wp","href":"https:\/\/api.w.org\/{rel}","templated":true}]}}