{"id":978171,"date":"2025-03-05T15:47:42","date_gmt":"2025-03-05T18:47:42","guid":{"rendered":"https:\/\/www.cnbb.org.br\/?p=978171"},"modified":"2025-03-06T10:09:31","modified_gmt":"2025-03-06T13:09:31","slug":"conteudos-educacioinais-exclusivos-cf-2024","status":"publish","type":"post","link":"https:\/\/www.cnbb.org.br\/conteudos-educacioinais-exclusivos-cf-2024\/","title":{"rendered":"Em parceria, CNBB, Maristas de todo o Brasil e FTD Educa\u00e7\u00e3o criam conte\u00fados exclusivos para a CF 2025"},"content":{"rendered":"<p style=\"text-align: justify;\">A Campanha da Fraternidade 2025 tem como tema central \u201cFraternidade e Ecologia Integral\u201d, alinhando-se \u00e0 crescente preocupa\u00e7\u00e3o da Igreja Cat\u00f3lica com as quest\u00f5es ambientais e sociais.<\/p>\n<p style=\"text-align: justify;\">Inspirada na publica\u00e7\u00e3o da Carta Enc\u00edclica Laudato Si\u2019, nos 800 anos da composi\u00e7\u00e3o do C\u00e2ntico das Criaturas de S\u00e3o Francisco de Assis, na recente Exorta\u00e7\u00e3o Apost\u00f3lica Laudate Deum, nos 10 anos de cria\u00e7\u00e3o da Rede Eclesial PanAmaz\u00f4nica (REPAM) e na realiza\u00e7\u00e3o da COP 30 \u2013 a primeira na Amaz\u00f4nia, em Bel\u00e9m (PA) \u2013, a campanha acolhe ainda a sugest\u00e3o da Comiss\u00e3o Episcopal Especial para a Minera\u00e7\u00e3o e a Ecologia Integral.<\/p>\n<p style=\"text-align: justify;\">Para ampliar o debate e aprofundar as reflex\u00f5es sobre o tema da CF 2025, uma p\u00e1gina especial j\u00e1 est\u00e1 dispon\u00edvel online, direcionada a comunidades e escolas confessionais. Esta plataforma destaca o lema \u201cDeus viu que tudo era muito bom\u201d (Gn 1,31) e re\u00fane conte\u00fados que facilitam a compreens\u00e3o e a aplica\u00e7\u00e3o dos princ\u00edpios da Ecologia Integral.<\/p>\n<p style=\"text-align: justify;\">A p\u00e1gina especial foi elaborada pelos Maristas do Brasil por meio da articula\u00e7\u00e3o da Prov\u00edncia Brasil Centro-Sul e apoio da UMBRASIL, Prov\u00edncia Marista Brasil Centro-Norte e Prov\u00edncia Marista Brasil Sul-Amaz\u00f4nia. A Campanha da Fraternidade 2025 \u00e9 uma realiza\u00e7\u00e3o da Confer\u00eancia Nacional dos Bispos do Brasil (CNBB).<\/p>\n<p style=\"text-align: justify;\">Um dos conte\u00fados dispon\u00edveis na p\u00e1gina \u00e9 o curso gratuito e online de \u201cEcologia Integral\u201d, disponibilizado pelo portal educativo Farol 1817, em parceria com a CNBB. O curso busca capacitar os participantes a vivenciarem de forma profunda e concreta os valores do Evangelho, inspirados pelo tema central da campanha.<\/p>\n<p style=\"text-align: justify;\">Com dura\u00e7\u00e3o total de 20 horas e certificado, o curso est\u00e1 estruturado em 6 m\u00f3dulos e foi constru\u00eddo com a colabora\u00e7\u00e3o de diversos atores \u2013 desde a concep\u00e7\u00e3o do projeto, passando pela grava\u00e7\u00e3o das aulas, escolha das atividades pr\u00e1ticas e sele\u00e7\u00e3o de professores(as) e formadores(as) \u2013, proporcionando uma experi\u00eancia educativa que equilibra a densidade te\u00f3rica, teol\u00f3gica e social do tema com uma abordagem din\u00e2mica e agrad\u00e1vel. Ao longo do ano, novos conte\u00fados ser\u00e3o inclu\u00eddos na p\u00e1gina dos Maristas do Brasil.<\/p>\n<p style=\"text-align: justify;\">A FTD Educa\u00e7\u00e3o, editora integrante do Grupo Marista, refor\u00e7a o compromisso com a campanha ao oferecer tamb\u00e9m uma p\u00e1gina especial para a CF2025. Nela, um infogr\u00e1fico exclusivo foi desenvolvido para auxiliar a comunidade educativa na compreens\u00e3o e aplica\u00e7\u00e3o dos conceitos da Ecologia Integral no dia a dia das escolas. A p\u00e1gina pode ser acessada em: <a href=\"https:\/\/lp.ftd.com.br\/campanha-da-fraternidade\/\" target=\"_blank\" rel=\"noopener\">https:\/\/lp.ftd.com.br\/campanha-da-fraternidade<\/a><\/p>\n<p style=\"text-align: justify;\">Al\u00e9m disso, para fomentar a integra\u00e7\u00e3o entre os valores crist\u00e3os e as pr\u00e1ticas pedag\u00f3gicas voltadas para a responsabilidade socioambiental, a FTD Educa\u00e7\u00e3o lan\u00e7ou, com exclusividade para a campanha, dois livros que abordam os temas de cidadania, meio ambiente e protagonismo infantojuvenil:<\/p>\n<p style=\"text-align: justify;\"><strong>\u2022 Somos a voz da Terra \u2013 de Telma Guimar\u00e3es<img decoding=\"async\" loading=\"lazy\" class=\"wp-image-978191 alignleft\" src=\"https:\/\/www.cnbb.org.br\/wp-content\/uploads\/2025\/03\/FTD-somos-terra--240x300.jpg\" alt=\"\" width=\"125\" height=\"156\" srcset=\"https:\/\/www.cnbb.org.br\/wp-content\/uploads\/2025\/03\/FTD-somos-terra--240x300.jpg 240w, https:\/\/www.cnbb.org.br\/wp-content\/uploads\/2025\/03\/FTD-somos-terra-.jpg 317w\" sizes=\"(max-width: 125px) 100vw, 125px\" \/><\/strong><br \/>\nA obra narra a mobiliza\u00e7\u00e3o dos irm\u00e3os Paulinho e Clarice, que, ap\u00f3s os transtornos\u00a0provocados por uma chuva intensa e o alagamento de bairros, descobrem que a constru\u00e7\u00e3o e expans\u00e3o de uma f\u00e1brica sobre um c\u00f3rrego alterou o equil\u00edbrio da regi\u00e3o. Indicada a partir do 2\u00ba ano, a narrativa enfatiza a import\u00e2ncia de usar a pr\u00f3pria voz em defesa do planeta.<\/p>\n<p style=\"text-align: justify;\"><strong><img decoding=\"async\" loading=\"lazy\" class=\"wp-image-978190 alignleft\" src=\"https:\/\/www.cnbb.org.br\/wp-content\/uploads\/2025\/03\/FTD-sonhei-que-era-terra-252x300.jpg\" alt=\"\" width=\"162\" height=\"193\" srcset=\"https:\/\/www.cnbb.org.br\/wp-content\/uploads\/2025\/03\/FTD-sonhei-que-era-terra-252x300.jpg 252w, https:\/\/www.cnbb.org.br\/wp-content\/uploads\/2025\/03\/FTD-sonhei-que-era-terra.jpg 369w\" sizes=\"(max-width: 162px) 100vw, 162px\" \/>\u2022 Um dia sonhei que \u00e9ramos a Terra \u2013 de Ricardo Mariz<\/strong><br \/>\nNeste livro, Pedro e seus colegas se veem desafiados a escutar o que o planeta tem a dizer, encontrando caminhos para compreender e cuidar da Terra. Recomendado a partir do 6\u00ba ano, o livro estimula o protagonismo infantojuvenil na discuss\u00e3o sobre meio ambiente e cidadania.<\/p>\n<blockquote>\n<p style=\"text-align: justify;\">\u201cQue alegria ver a CNBB e os Maristas de todo o Brasil unidos na divulga\u00e7\u00e3o da Campanha da Fraternidade 2025! Esse ano, o tema da Ecologia Integral nos chama ainda mais para uma miss\u00e3o que j\u00e1 est\u00e1\u0301 no nosso cora\u00e7\u00e3o: cuidar da Casa Comum! O Papa Francisco fala muito sobre isso, e n\u00f3s, como fam\u00edlia marista, queremos continuar sendo presen\u00e7a viva da Igreja, promovendo a solidariedade e a consci\u00eancia ecol\u00f3gica. Sigamos juntos, como irm\u00e3os e irm\u00e3s, fazendo a diferen\u00e7a e espalhando o bem\u201d, destaca Ir. Vanderlei Siqueira, Superior Provincial da PMBCS &#8211; Prov\u00edncia Marista Brasil Centro-Sul.<\/p>\n<\/blockquote>\n<h3>\u00a0Conte\u00fados para as escolas<\/h3>\n<p style=\"text-align: justify;\">Para Cintia Lapa, diretora de Conte\u00fado e Performance Educacional da FTD Educa\u00e7\u00e3o, os materiais e recursos exclusivos disponibilizados pelo Brasil Marista e pela FTD Educa\u00e7\u00e3o convidam a refletir sobre a import\u00e2ncia do tema da CF 2025. Tamb\u00e9m t\u00eam grande relev\u00e2ncia para as escolas confessionais, pois oferecem uma oportunidade de integrar valores crist\u00e3os com pr\u00e1ticas pedag\u00f3gicas voltadas para a responsabilidade socioambiental.<\/p>\n<p style=\"text-align: justify;\">\u201cCom o tema da Ecologia Integral, as escolas s\u00e3o incentivadas a desenvolver projetos educativos que promovam a consci\u00eancia cr\u00edtica sobre o cuidado com a casa comum. Al\u00e9m disso, a campanha estimula a viv\u00eancia da f\u00e9 em sintonia com a sustentabilidade, preparando as novas gera\u00e7\u00f5es para enfrentar os desafios ecol\u00f3gicos de forma respons\u00e1vel e compassiva. As escolas confessionais, ao abra\u00e7arem essa proposta, refor\u00e7am seu papel na constru\u00e7\u00e3o de uma sociedade mais justa e comprometida com o bem comum\u201d, refor\u00e7a Cintia Lapa.<\/p>\n<p style=\"text-align: justify;\">A Campanha da Fraternidade 2025, ao unir iniciativas digitais, cursos gratuitos e materiais pedag\u00f3gicos exclusivos, reafirma o compromisso com a promo\u00e7\u00e3o de uma ecologia integral que conjugue f\u00e9, responsabilidade social e consci\u00eancia ambiental. As a\u00e7\u00f5es e recursos disponibilizados visam n\u00e3o somente informar, mas transformar a pr\u00e1tica educativa e incentivar a constru\u00e7\u00e3o de um futuro mais sustent\u00e1vel e solid\u00e1rio.<\/p>\n<p style=\"text-align: justify;\">Para mais informa\u00e7\u00f5es, acesse a p\u00e1gina especial da campanha: <a href=\"https:\/\/conteudo.marista.org.br\/campanha-da-fraternidade-2025\" target=\"_blank\" rel=\"noopener\">https:\/\/conteudo.marista.org.br\/campanha-da-fraternidade-2025<\/a>.<\/p>\n<p style=\"text-align: justify;\"><strong>Sobre a FTD Educa\u00e7\u00e3o\u202f\u202f- <\/strong><a href=\"https:\/\/ftd.com.br\/\" target=\"_blank\" rel=\"noopener\">Ftd.com.br\u202f<\/a><\/p>\n<p style=\"text-align: justify;\">H\u00e1 mais de 120 anos, a FTD Educa\u00e7\u00e3o tem como miss\u00e3o transformar o futuro por meio da Educa\u00e7\u00e3o, pensando al\u00e9m e inspirando a descoberta, a escolha, a liberdade e a cidadania. Reconhecida como uma empresa inovadora, parceira, flex\u00edvel e humana, \u00e9 movida pelo slogan \u201cConectamos hist\u00f3rias. Constru\u00edmos futuros\u201d. Sua proposta \u00e9 integrada para escolas, estudantes, professores e sociedade e conta com: materiais did\u00e1ticos e de literatura; solu\u00e7\u00f5es educacionais (com suporte para escolas, consultoria educacional, forma\u00e7\u00e3o de professores, entre outros); novas tecnologias (ferramentas que ampliam possibilidades de ensino dentro e fora da sala de aula); obras e servi\u00e7os que envolvem a fam\u00edlia na busca por uma Educa\u00e7\u00e3o completa.<\/p>\n","protected":false},"excerpt":{"rendered":"<p>Materiais digitais e curso gratuito aproximam tema \u201cFraternidade e Ecologia Integral\u201d das comunidades e das escolas. A Campanha da Fraternidade 2025 tem como tema central \u201cFraternidade e Ecologia Integral\u201d, alinhando-se \u00e0 crescente preocupa\u00e7\u00e3o da Igreja Cat\u00f3lica com as quest\u00f5es ambientais e sociais<\/p>\n","protected":false},"author":142,"featured_media":978189,"comment_status":"closed","ping_status":"closed","sticky":false,"template":"","format":"standard","meta":{"site-sidebar-layout":"default","site-content-layout":"default","ast-global-header-display":"","ast-banner-title-visibility":"","ast-main-header-display":"","ast-hfb-above-header-display":"","ast-hfb-below-header-display":"","ast-hfb-mobile-header-display":"","site-post-title":"","ast-breadcrumbs-content":"","ast-featured-img":"","footer-sml-layout":"","theme-transparent-header-meta":"default","adv-header-id-meta":"","stick-header-meta":"","header-above-stick-meta":"","header-main-stick-meta":"","header-below-stick-meta":""},"categories":[759,50],"tags":[5522,5918],"acf":[],"_links":{"self":[{"href":"https:\/\/www.cnbb.org.br\/cnbb-app\/wp\/v2\/posts\/978171"}],"collection":[{"href":"https:\/\/www.cnbb.org.br\/cnbb-app\/wp\/v2\/posts"}],"about":[{"href":"https:\/\/www.cnbb.org.br\/cnbb-app\/wp\/v2\/types\/post"}],"author":[{"embeddable":true,"href":"https:\/\/www.cnbb.org.br\/cnbb-app\/wp\/v2\/users\/142"}],"replies":[{"embeddable":true,"href":"https:\/\/www.cnbb.org.br\/cnbb-app\/wp\/v2\/comments?post=978171"}],"version-history":[{"count":5,"href":"https:\/\/www.cnbb.org.br\/cnbb-app\/wp\/v2\/posts\/978171\/revisions"}],"predecessor-version":[{"id":978206,"href":"https:\/\/www.cnbb.org.br\/cnbb-app\/wp\/v2\/posts\/978171\/revisions\/978206"}],"wp:featuredmedia":[{"embeddable":true,"href":"https:\/\/www.cnbb.org.br\/cnbb-app\/wp\/v2\/media\/978189"}],"wp:attachment":[{"href":"https:\/\/www.cnbb.org.br\/cnbb-app\/wp\/v2\/media?parent=978171"}],"wp:term":[{"taxonomy":"category","embeddable":true,"href":"https:\/\/www.cnbb.org.br\/cnbb-app\/wp\/v2\/categories?post=978171"},{"taxonomy":"post_tag","embeddable":true,"href":"https:\/\/www.cnbb.org.br\/cnbb-app\/wp\/v2\/tags?post=978171"}],"curies":[{"name":"wp","href":"https:\/\/api.w.org\/{rel}","templated":true}]}}