{"id":978384,"date":"2025-03-10T11:20:35","date_gmt":"2025-03-10T14:20:35","guid":{"rendered":"https:\/\/www.cnbb.org.br\/?p=978384"},"modified":"2025-03-10T11:35:05","modified_gmt":"2025-03-10T14:35:05","slug":"campanha-da-fraternidade-5","status":"publish","type":"post","link":"https:\/\/www.cnbb.org.br\/campanha-da-fraternidade-5\/","title":{"rendered":"Campanha da Fraternidade\u00a0"},"content":{"rendered":"<p style=\"text-align: right;\"><b><span data-contrast=\"auto\">Dom Carmo Jo\u00e3o Rhoden<\/span><\/b><span data-ccp-props=\"{&quot;201341983&quot;:0,&quot;335551550&quot;:2,&quot;335551620&quot;:2,&quot;335559739&quot;:160,&quot;335559740&quot;:259}\"><br \/>\n<\/span><b><span data-contrast=\"auto\">Bispo Em\u00e9rito de Taubat\u00e9 (SP)<\/span><\/b><span data-ccp-props=\"{&quot;201341983&quot;:0,&quot;335551550&quot;:2,&quot;335551620&quot;:2,&quot;335559739&quot;:160,&quot;335559740&quot;:259}\">\u00a0<\/span><\/p>\n<p><span data-ccp-props=\"{&quot;201341983&quot;:0,&quot;335559739&quot;:160,&quot;335559740&quot;:259}\">\u00a0<\/span><\/p>\n<p><span data-contrast=\"auto\">\u201cDeus, viu que tudo era muito bom\u201d (Gn 1, 31)<\/span><span data-ccp-props=\"{&quot;201341983&quot;:0,&quot;335551550&quot;:2,&quot;335551620&quot;:2,&quot;335559739&quot;:160,&quot;335559740&quot;:259}\">\u00a0<\/span><\/p>\n<p style=\"text-align: justify;\"><span data-contrast=\"auto\">No Brasil, al\u00e9m da tem\u00e1tica quaresmal normal, a Igreja ainda apresenta a Campanha da Fraternidade, para intensificar ainda mais a dimens\u00e3o fraternal e social da vida crist\u00e3 ou seja do Evangelho.\u00a0 No ano de 2025 nos apresenta o tema \u201cFraternidade e ecologia integral\u201d com o tema, \u201cDeus viu que tudo era muito bom\u201d (Gn 1,31.\u00a0 Analisando o que est\u00e1 acontecendo ao nosso redor, constatamos que n\u00e3o somente \u00e9 oportuno, mas muito necess\u00e1rio e urgente. O tema ainda fica mais interessante, enquadrando-o na tem\u00e1tica do ano Jubilar, ou Ano Santo. (peregrino de esperan\u00e7a) pois a esperan\u00e7a n\u00e3o nos decepciona (cf. Rm 8,5), mas o que ouvimos ao nosso redor frequentemente? \u201ca vida n\u00e3o tem sentido\u201d ou \u201c\u00e9 um beco sem sa\u00edda\u201d. Mas n\u00e3o \u00e9 assim, pois estamos indo para casa do Pai. Nossa b\u00fassola \u00e9 a f\u00e9, e o caminho \u00e9 o amor. <\/span><span data-ccp-props=\"{&quot;201341983&quot;:0,&quot;335551550&quot;:6,&quot;335551620&quot;:6,&quot;335559739&quot;:160,&quot;335559740&quot;:259}\">\u00a0<\/span><\/p>\n<p style=\"text-align: justify;\"><span data-contrast=\"auto\">A p\u00f3s-modernidade \u00e9 tempo de crise e des\u00e2nimo: \u201co fim do mundo est\u00e1 a\u00ed\u201d dizem uns e outros apresentam \u201cas enchentes, inunda\u00e7\u00f5es de um lado e o calor, o aquecimento global no outro, n\u00e3o seriam sinais disto? Infelizmente os profetas do pessimismo crescem. Mas n\u00f3s temos explica\u00e7\u00f5es mais convincentes e exigentes mais concretas e realistas. Sim, somos realistas: vemos, ouvimos e somos amparados pela Palavra de Deus. Reagimos: redescobrindo a fraternidade, a import\u00e2ncia do meio ambiente e impulsionados pela esperan\u00e7a. N\u00e3o somos ing\u00eanuos, nem pessimistas, mas realistas. Defendemos a fraternidade, a esperan\u00e7a e o meio ambiente, entre outras realidades. Somos peregrinos da Esperan\u00e7a.<\/span><span data-ccp-props=\"{&quot;201341983&quot;:0,&quot;335551550&quot;:6,&quot;335551620&quot;:6,&quot;335559739&quot;:160,&quot;335559740&quot;:259}\">\u00a0<\/span><\/p>\n<p style=\"text-align: justify;\"><span data-contrast=\"auto\">Deus viu que tudo era muito bom (Gn 1, 31) e n\u00f3s hoje, como vemos as coisas? Como mudaram\u2026 a culpa, no entanto n\u00e3o \u00e9 de Deus, mas nossa.<\/span><span data-ccp-props=\"{&quot;201341983&quot;:0,&quot;335551550&quot;:6,&quot;335551620&quot;:6,&quot;335559739&quot;:160,&quot;335559740&quot;:259}\">\u00a0<\/span><\/p>\n<p style=\"text-align: justify;\"><span data-ccp-props=\"{&quot;201341983&quot;:0,&quot;335559739&quot;:160,&quot;335559740&quot;:259}\">\u00a0<\/span><\/p>\n<p><span data-ccp-props=\"{&quot;201341983&quot;:0,&quot;335559739&quot;:160,&quot;335559740&quot;:259}\">\u00a0<\/span><\/p>\n<p><span data-ccp-props=\"{&quot;201341983&quot;:0,&quot;335559739&quot;:160,&quot;335559740&quot;:259}\">\u00a0<\/span><\/p>\n","protected":false},"excerpt":{"rendered":"<p>Dom Carmo Jo\u00e3o Rhoden Bispo Em\u00e9rito de Taubat\u00e9 (SP)\u00a0 \u00a0 \u201cDeus, viu que tudo era muito bom\u201d (Gn 1, 31)\u00a0 No Brasil, al\u00e9m da tem\u00e1tica quaresmal normal, a Igreja ainda apresenta a Campanha da Fraternidade, para intensificar ainda mais a dimens\u00e3o fraternal e social da vida crist\u00e3 ou seja do Evangelho.\u00a0 No ano de 2025 &hellip;<\/p>\n<p class=\"read-more\"> <a class=\"\" href=\"https:\/\/www.cnbb.org.br\/campanha-da-fraternidade-5\/\"> <span class=\"screen-reader-text\">Campanha da Fraternidade\u00a0<\/span> Leia mais &raquo;<\/a><\/p>\n","protected":false},"author":132,"featured_media":0,"comment_status":"closed","ping_status":"closed","sticky":false,"template":"","format":"standard","meta":{"site-sidebar-layout":"default","site-content-layout":"default","ast-global-header-display":"","ast-banner-title-visibility":"","ast-main-header-display":"","ast-hfb-above-header-display":"","ast-hfb-below-header-display":"","ast-hfb-mobile-header-display":"","site-post-title":"","ast-breadcrumbs-content":"","ast-featured-img":"","footer-sml-layout":"","theme-transparent-header-meta":"default","adv-header-id-meta":"","stick-header-meta":"","header-above-stick-meta":"","header-main-stick-meta":"","header-below-stick-meta":""},"categories":[758,1837],"tags":[],"acf":[],"_links":{"self":[{"href":"https:\/\/www.cnbb.org.br\/cnbb-app\/wp\/v2\/posts\/978384"}],"collection":[{"href":"https:\/\/www.cnbb.org.br\/cnbb-app\/wp\/v2\/posts"}],"about":[{"href":"https:\/\/www.cnbb.org.br\/cnbb-app\/wp\/v2\/types\/post"}],"author":[{"embeddable":true,"href":"https:\/\/www.cnbb.org.br\/cnbb-app\/wp\/v2\/users\/132"}],"replies":[{"embeddable":true,"href":"https:\/\/www.cnbb.org.br\/cnbb-app\/wp\/v2\/comments?post=978384"}],"version-history":[{"count":4,"href":"https:\/\/www.cnbb.org.br\/cnbb-app\/wp\/v2\/posts\/978384\/revisions"}],"predecessor-version":[{"id":978396,"href":"https:\/\/www.cnbb.org.br\/cnbb-app\/wp\/v2\/posts\/978384\/revisions\/978396"}],"wp:attachment":[{"href":"https:\/\/www.cnbb.org.br\/cnbb-app\/wp\/v2\/media?parent=978384"}],"wp:term":[{"taxonomy":"category","embeddable":true,"href":"https:\/\/www.cnbb.org.br\/cnbb-app\/wp\/v2\/categories?post=978384"},{"taxonomy":"post_tag","embeddable":true,"href":"https:\/\/www.cnbb.org.br\/cnbb-app\/wp\/v2\/tags?post=978384"}],"curies":[{"name":"wp","href":"https:\/\/api.w.org\/{rel}","templated":true}]}}