{"id":978525,"date":"2025-03-14T09:04:30","date_gmt":"2025-03-14T12:04:30","guid":{"rendered":"https:\/\/www.cnbb.org.br\/?p=978525"},"modified":"2025-03-14T09:05:26","modified_gmt":"2025-03-14T12:05:26","slug":"escada-de-jaco","status":"publish","type":"post","link":"https:\/\/www.cnbb.org.br\/escada-de-jaco\/","title":{"rendered":"Escada de Jac\u00f3"},"content":{"rendered":"<p style=\"text-align: right;\"><strong>Dom Alberto Taveira Corr\u00eaa\u00a0<\/strong><br \/>\n<strong>Arcebispo de Bel\u00e9m do Par\u00e1 (PA)<\/strong><\/p>\n<p>&nbsp;<\/p>\n<p>&nbsp;<\/p>\n<p style=\"text-align: justify;\"><span data-contrast=\"auto\">Jesus subiu ao Tabor com seus tr\u00eas disc\u00edpulos (cf. Lc 9,28-36) para rezar! Ali ele se transfigurou, apareceram testemunhas qualificadas, Mois\u00e9s e Elias, e fez-se ouvir a voz do Pai, quando estavam envolvidos na nuvem, apontando para o Esp\u00edrito Santo! Imenso valor dado por Deus \u00e0queles tr\u00eas homens e a todos n\u00f3s, um presente para n\u00e3o nos escandalizarmos com o mist\u00e9rio da Cruz, pela qual Jesus e todos n\u00f3s chegamos \u00e0 gl\u00f3ria e \u00e0 vit\u00f3ria.<\/span><span data-ccp-props=\"{&quot;335551550&quot;:6,&quot;335551620&quot;:6,&quot;335559731&quot;:720}\">\u00a0<\/span><\/p>\n<p style=\"text-align: justify;\"><span data-contrast=\"auto\">Entretanto, desta feita o Segundo Domingo da Quaresma, com o qual aprendemos a fidelidade de Jesus e a nossa \u00e0s consequ\u00eancias da Encarna\u00e7\u00e3o, fazendo-nos vislumbrar os efeitos da gra\u00e7a batismal, suscitou uma lembran\u00e7a da escada de Jac\u00f3 (Gn 28,10-22), em cujo sonho subiam e desciam os Anjos de Deus. Ali ele experimentou estar na Casa de Deus e Porta do C\u00e9u, e Jac\u00f3 chamou de Betel aquele lugar! No encontro com Natanael (Jo 1,51), Jesus se reporta a esta escada, anunciando a profunda comunh\u00e3o entre o C\u00e9u e a Terra, cujo an\u00fancio e realiza\u00e7\u00e3o nele mesmo acontecem!\u00a0<\/span><span data-ccp-props=\"{&quot;335551550&quot;:6,&quot;335551620&quot;:6,&quot;335559731&quot;:720}\">\u00a0<\/span><\/p>\n<p style=\"text-align: justify;\"><span data-contrast=\"auto\">De fato, quando Jesus e seus disc\u00edpulos sobem ao Monte para rezar, o C\u00e9u desce \u00e0 terra, com a manifesta\u00e7\u00e3o da gl\u00f3ria de Deus, a voz do Pai, que assegura aos amigos temerosos ser ele o Filho, o Escolhido, cuja Palavra h\u00e1 de ser ouvida e plenamente acolhida. No plano de Deus, h\u00e1 de existir comunh\u00e3o profunda entre o C\u00e9u e a Terra, e a acolhida a Jesus Cristo e sua Palavra estabelece a estrada para esta desejada aproxima\u00e7\u00e3o, de modo que os crit\u00e9rios do C\u00e9u aqui se estabele\u00e7am! E \u00e9 bom recordar que o Senhor, quando nos deu o \u201cseu\u201d mandamento trouxe exatamente estes crit\u00e9rios: \u201cEste \u00e9 o meu mandamento: amai-vos uns aos outros, assim como eu vos amei\u201d (Jo 15,12). O modo de viver na Sant\u00edssima Trindade desceu \u00e0 terra e se transformou em mandamento para os que creem.\u00a0<\/span><span data-ccp-props=\"{&quot;335551550&quot;:6,&quot;335551620&quot;:6,&quot;335559731&quot;:720}\">\u00a0<\/span><\/p>\n<p style=\"text-align: justify;\"><span data-contrast=\"auto\">Na cria\u00e7\u00e3o do mundo, segundo a narrativa do Livro do G\u00eanesis, Deus vem do alto, cria o mundo e nele estabelece a presen\u00e7a humana. Aos homens e mulheres cabe cuidar da magn\u00edfica obra, vinda da arte eterna e criativa de Deus: \u201cDeus os aben\u00e7oou e lhes disse: \u2018Sede fecundos e multiplicai-vos, enchei a terra e submetei-a! Dominai sobre os peixes do mar, as aves do c\u00e9u e todos os animais que se movem pelo ch\u00e3o\u2019. Deus disse: \u2018Eis que vos dou, sobre toda a terra, todas as plantas que d\u00e3o semente e todas as \u00e1rvores que produzem seu fruto com sua semente, para vos servirem de alimento. E a todos os animais da terra, a todas as aves do c\u00e9u e a todos os animais que se movem pelo ch\u00e3o, eu lhes dou todos os vegetais para alimento\u2019. E assim se fez. E Deus viu tudo quanto havia feito, e era muito bom. Houve uma tarde e uma manh\u00e3: o sexto dia\u201d (Gn 1,28-31). N\u00e3o h\u00e1 semente de maldade na cria\u00e7\u00e3o de Deus. Tudo o que pensou e fez \u00e9 muito bom!<\/span><span data-ccp-props=\"{&quot;335551550&quot;:6,&quot;335551620&quot;:6,&quot;335559731&quot;:720}\">\u00a0<\/span><\/p>\n<p style=\"text-align: justify;\"><span data-contrast=\"auto\">Reportamo-nos \u00e0 Enc\u00edclica Laudado si\u2019, do Papa Francisco, onde recolhemos o ensinamento sobre o cuidado com a natureza: \u201cN\u00e3o somos Deus. A terra existe antes de n\u00f3s e foi-nos dada. Isto permite responder a uma acusa\u00e7\u00e3o lan\u00e7ada contra o pensamento judaico-crist\u00e3o: foi dito que a narra\u00e7\u00e3o do G\u00eanesis, que convida a \u2018dominar\u2019 a terra (cf. Gn 1, 28), favoreceria a explora\u00e7\u00e3o selvagem da natureza, apresentando uma imagem do ser humano como dominador e devastador. Mas esta n\u00e3o \u00e9 uma interpreta\u00e7\u00e3o correta da B\u00edblia, como a entende a Igreja. Se \u00e9 verdade que n\u00f3s, crist\u00e3os, algumas vezes interpretamos de forma incorreta as Escrituras, hoje devemos decididamente rejeitar que, do fato de ser criados \u00e0 imagem de Deus e do mandato de dominar a terra, se deduza um dom\u00ednio absoluto sobre as outras criaturas. \u00c9 importante ler os textos b\u00edblicos no seu contexto, com uma justa hermen\u00eautica, e lembrar que nos convidam a \u2018cultivar e guardar\u2019 o jardim do mundo (cf. Gn 2, 15). Enquanto \u2018cultivar\u2019 quer dizer lavrar ou trabalhar um terreno, \u2018guardar\u2019 significa proteger, cuidar, preservar, velar. Isto implica uma rela\u00e7\u00e3o de reciprocidade respons\u00e1vel entre o ser humano e a natureza. Cada comunidade pode tomar da bondade da terra aquilo de que necessita para a sua sobreviv\u00eancia, mas tem tamb\u00e9m o dever de a proteger e garantir a continuidade da sua fertilidade para as gera\u00e7\u00f5es futuras. Em \u00faltima an\u00e1lise, \u2018ao Senhor pertence a terra\u2019 (Sl 24, 1), a Ele pertence \u2018a terra e tudo o que nela existe\u2019 (Dt 10, 14). Por isso, Deus pro\u00edbe-nos toda a pretens\u00e3o de posse absoluta: \u2018Nenhuma terra ser\u00e1 vendida definitivamente, porque a terra me pertence, e v\u00f3s sois apenas estrangeiros e meus h\u00f3spedes\u2019\u201d (Lv 25, 23) (LS 67).<\/span><span data-ccp-props=\"{&quot;335551550&quot;:6,&quot;335551620&quot;:6,&quot;335559731&quot;:720}\">\u00a0<\/span><\/p>\n<p style=\"text-align: justify;\"><span data-contrast=\"auto\">Cabe-nos entrar na din\u00e2mica da Transfigura\u00e7\u00e3o, coerentes em tudo com a gra\u00e7a batismal recebida, cuidando com o amor que desce do C\u00e9u de tudo o que existe. Podemos ir ao encontro das sementes de bondade que existem no cora\u00e7\u00e3o das pessoas, superando julgamentos e condena\u00e7\u00f5es. Uma pessoa bem amada n\u00e3o se desfigura, mas se transfigura! Acolhamos ainda do plano de Deus o olhar positivo e otimista diante da cria\u00e7\u00e3o. Saber admirar a natureza, a arte com que Deus a pensou, atrav\u00e9s dos mist\u00e9rios nela mesma escondidos, isso nos far\u00e1 mais alegres e nos possibilitar\u00e1 identificar os tra\u00e7os do C\u00e9u na Terra. E nas\u00e7a em n\u00f3s o gosto pela harmonia, a capacidade de olhar ao redor para aproveitar todos os elementos poss\u00edveis para que o mundo seja bem cuidado. Arrumar a casa, vestir-se com gosto, falar coisas boas, elogiar a beleza e o bem! Atos de amor correspondentes ao plano de Deus!<\/span><span data-ccp-props=\"{&quot;335551550&quot;:6,&quot;335551620&quot;:6,&quot;335559731&quot;:720}\">\u00a0<\/span><\/p>\n<p style=\"text-align: justify;\"><span data-contrast=\"auto\">A Campanha da Fraternidade de 2025, com tema t\u00e3o desafiador quanto importante, \u201cFraternidade e Ecologia Integral\u201d, sugere pr\u00e1ticas de cuidado com a cria\u00e7\u00e3o de Deus que, em si \u00e9 boa, mas muitas vezes maltratada por aqueles que receberam de Deus a responsabilidade de \u201ccuidar\u201d. \u00c9 bom acolher o convite \u00e0quilo que tem sido chamado de \u201cConvers\u00e3o Ecol\u00f3gica\u201d, assumindo pr\u00e1ticas sustent\u00e1veis. \u00c9 convers\u00e3o por se tratar de um processo, lento, mas seguro e fundamental, no qual todos somos chamados a nos comprometer. Aqui, podemos abrir os olhos e assumir pr\u00e1ticas diferentes, por exemplo, no modo de recolher o lixo e todos os res\u00edduos, com a poss\u00edvel coleta seletiva e tratamento adequado, a diminui\u00e7\u00e3o do uso do pl\u00e1stico, a alimenta\u00e7\u00e3o mais adequada, com pr\u00e1ticas e cuidados sustent\u00e1veis e mais saud\u00e1veis.<\/span><span data-ccp-props=\"{&quot;335551550&quot;:6,&quot;335551620&quot;:6,&quot;335559731&quot;:720}\">\u00a0<\/span><\/p>\n<p style=\"text-align: justify;\"><span data-contrast=\"auto\">A n\u00f3s cabe ajudar o mundo a se transfigurar! Entretanto, s\u00f3 com a convers\u00e3o a Deus e ao Evangelho entenderemos e nos comprometeremos com tais ideias e iniciativas!<\/span><span data-ccp-props=\"{&quot;335551550&quot;:6,&quot;335551620&quot;:6,&quot;335559731&quot;:720}\">\u00a0<\/span><\/p>\n","protected":false},"excerpt":{"rendered":"<p>Dom Alberto Taveira Corr\u00eaa\u00a0 Arcebispo de Bel\u00e9m do Par\u00e1 (PA) &nbsp; &nbsp; Jesus subiu ao Tabor com seus tr\u00eas disc\u00edpulos (cf. Lc 9,28-36) para rezar! Ali ele se transfigurou, apareceram testemunhas qualificadas, Mois\u00e9s e Elias, e fez-se ouvir a voz do Pai, quando estavam envolvidos na nuvem, apontando para o Esp\u00edrito Santo! Imenso valor dado &hellip;<\/p>\n<p class=\"read-more\"> <a class=\"\" href=\"https:\/\/www.cnbb.org.br\/escada-de-jaco\/\"> <span class=\"screen-reader-text\">Escada de Jac\u00f3<\/span> Leia mais &raquo;<\/a><\/p>\n","protected":false},"author":21,"featured_media":0,"comment_status":"closed","ping_status":"closed","sticky":false,"template":"","format":"standard","meta":{"site-sidebar-layout":"default","site-content-layout":"default","ast-global-header-display":"","ast-banner-title-visibility":"","ast-main-header-display":"","ast-hfb-above-header-display":"","ast-hfb-below-header-display":"","ast-hfb-mobile-header-display":"","site-post-title":"","ast-breadcrumbs-content":"","ast-featured-img":"","footer-sml-layout":"","theme-transparent-header-meta":"default","adv-header-id-meta":"","stick-header-meta":"","header-above-stick-meta":"","header-main-stick-meta":"","header-below-stick-meta":""},"categories":[758],"tags":[],"acf":[],"_links":{"self":[{"href":"https:\/\/www.cnbb.org.br\/cnbb-app\/wp\/v2\/posts\/978525"}],"collection":[{"href":"https:\/\/www.cnbb.org.br\/cnbb-app\/wp\/v2\/posts"}],"about":[{"href":"https:\/\/www.cnbb.org.br\/cnbb-app\/wp\/v2\/types\/post"}],"author":[{"embeddable":true,"href":"https:\/\/www.cnbb.org.br\/cnbb-app\/wp\/v2\/users\/21"}],"replies":[{"embeddable":true,"href":"https:\/\/www.cnbb.org.br\/cnbb-app\/wp\/v2\/comments?post=978525"}],"version-history":[{"count":3,"href":"https:\/\/www.cnbb.org.br\/cnbb-app\/wp\/v2\/posts\/978525\/revisions"}],"predecessor-version":[{"id":978528,"href":"https:\/\/www.cnbb.org.br\/cnbb-app\/wp\/v2\/posts\/978525\/revisions\/978528"}],"wp:attachment":[{"href":"https:\/\/www.cnbb.org.br\/cnbb-app\/wp\/v2\/media?parent=978525"}],"wp:term":[{"taxonomy":"category","embeddable":true,"href":"https:\/\/www.cnbb.org.br\/cnbb-app\/wp\/v2\/categories?post=978525"},{"taxonomy":"post_tag","embeddable":true,"href":"https:\/\/www.cnbb.org.br\/cnbb-app\/wp\/v2\/tags?post=978525"}],"curies":[{"name":"wp","href":"https:\/\/api.w.org\/{rel}","templated":true}]}}