{"id":978562,"date":"2025-03-14T09:52:07","date_gmt":"2025-03-14T12:52:07","guid":{"rendered":"https:\/\/www.cnbb.org.br\/?p=978562"},"modified":"2025-03-14T09:52:48","modified_gmt":"2025-03-14T12:52:48","slug":"a-esperanca-em-deus-nos-transforma","status":"publish","type":"post","link":"https:\/\/www.cnbb.org.br\/a-esperanca-em-deus-nos-transforma\/","title":{"rendered":"A esperan\u00e7a em Deus nos transforma\u00a0"},"content":{"rendered":"<div style=\"text-align: right;\" data-olk-copy-source=\"MessageBody\"><strong>Dom Antonio Carlos Rossi Keller<\/strong><\/div>\n<div style=\"text-align: right;\"><strong>Bispo de Frederico Westphalen (RS)<\/strong><\/div>\n<p>&nbsp;<\/p>\n<p>&nbsp;<\/p>\n<p style=\"text-align: justify;\"><span data-contrast=\"auto\">Neste 2\u00ba Domingo da Quaresma, a liturgia nos convida a refletir sobre a transforma\u00e7\u00e3o que a f\u00e9 em Deus nos proporciona. A mensagem central deste domingo \u00e9 a revela\u00e7\u00e3o da gl\u00f3ria de Cristo e a promessa de que, atrav\u00e9s da f\u00e9 e da pr\u00e1tica da vida crist\u00e3, na Igreja, poderemos participar dessa gl\u00f3ria.\u00a0<\/span><span data-ccp-props=\"{&quot;201341983&quot;:0,&quot;335551550&quot;:6,&quot;335551620&quot;:6,&quot;335559739&quot;:140,&quot;335559740&quot;:360}\">\u00a0<\/span><\/p>\n<p style=\"text-align: justify;\"><span data-contrast=\"auto\">A Quaresma \u00e9 um tempo de prepara\u00e7\u00e3o, um convite \u00e0 convers\u00e3o e ao aprofundamento espiritual, preparando-nos para a celebra\u00e7\u00e3o da P\u00e1scoa, a qual \u00e9 o \u00e1pice da nossa vida de f\u00e9.\u00a0<\/span><span data-ccp-props=\"{&quot;201341983&quot;:0,&quot;335551550&quot;:6,&quot;335551620&quot;:6,&quot;335559739&quot;:0,&quot;335559740&quot;:360}\">\u00a0<\/span><\/p>\n<p style=\"text-align: justify;\"><span data-contrast=\"auto\">Na 1.a Leitura (G\u00eanesis 15,5-12.17-18), ouvimos como Deus faz uma alian\u00e7a com Abr\u00e3o, prometendo-lhe uma descend\u00eancia t\u00e3o numerosa quanto as estrelas. Este momento \u00e9 crucial n\u00e3o s\u00f3 para Abr\u00e3o, mas para toda a humanidade por revelar a fidelidade de Deus e a import\u00e2ncia da f\u00e9 e da fidelidade a Deus. Abr\u00e3o, ao acreditar na promessa divina, \u00e9 justificado: &#8220;<\/span><i><span data-contrast=\"auto\">Abr\u00e3o acreditou em Deus, e isso lhe foi contado como justi\u00e7a<\/span><\/i><span data-contrast=\"auto\">&#8220;. A alian\u00e7a realiza a rela\u00e7\u00e3o \u00edntima entre Deus e seu povo, que se estende at\u00e9 n\u00f3s, mostrando que a f\u00e9 operativa \u00e9 a chave para a realiza\u00e7\u00e3o das promessas de Deus em nossas vidas. A narrativa da alian\u00e7a tamb\u00e9m nos ensina sobre a import\u00e2ncia de confiar em Deus, mesmo quando as circunst\u00e2ncias parecem incertas.<\/span><span data-ccp-props=\"{&quot;201341983&quot;:0,&quot;335551550&quot;:6,&quot;335551620&quot;:6,&quot;335559739&quot;:0,&quot;335559740&quot;:360}\">\u00a0<\/span><\/p>\n<p style=\"text-align: justify;\"><span data-contrast=\"auto\">Na 2.a Leitura (Filipenses 3,17-4,1), S\u00e3o Paulo exorta os filipenses a seguirem seu exemplo e a se afastarem daqueles que vivem como inimigos da cruz de Cristo. Ele destaca a import\u00e2ncia de ter a mente e o cora\u00e7\u00e3o voltados para as coisas do c\u00e9u, em vez de se deixar levar por desejos terrenos: &#8220;<\/span><i><span data-contrast=\"auto\">Mas a nossa cidadania est\u00e1 nos c\u00e9us, de onde tamb\u00e9m esperamos o Salvador<\/span><\/i><span data-contrast=\"auto\">&#8220;. Essa passagem nos lembra que nossa verdadeira cidadania est\u00e1 no c\u00e9u e que devemos viver de acordo com essa realidade, buscando a transforma\u00e7\u00e3o que vem de Cristo. O Ap\u00f3stolo nos convida a refletir sobre nossas prioridades e a nos comprometer com uma vida que reflita os valores do Reino de Deus.<\/span><span data-ccp-props=\"{&quot;201341983&quot;:0,&quot;335551550&quot;:6,&quot;335551620&quot;:6,&quot;335559739&quot;:0,&quot;335559740&quot;:360}\">\u00a0<\/span><\/p>\n<p style=\"text-align: justify;\"><span data-contrast=\"auto\">O Evangelho (Lucas 9,28b-36) relata a Transfigura\u00e7\u00e3o de Jesus, onde Ele revela sua gl\u00f3ria aos disc\u00edpulos Pedro, Tiago e Jo\u00e3o. Este evento \u00e9 um vislumbre da ressurrei\u00e7\u00e3o e da gl\u00f3ria que vir\u00e1. A presen\u00e7a de Mois\u00e9s e Elias simboliza a continuidade da revela\u00e7\u00e3o de Deus atrav\u00e9s da hist\u00f3ria. A voz do Pai, que ordena ouvir o Filho, enfatiza a import\u00e2ncia de Jesus como o cumprimento das promessas: &#8220;<\/span><i><span data-contrast=\"auto\">Este \u00e9 o meu Filho amado; escutem-no<\/span><\/i><span data-contrast=\"auto\">&#8220;. A Transfigura\u00e7\u00e3o nos convida a reconhecer a divindade de Cristo e a nos prepararmos para a P\u00e1scoa atrav\u00e9s da ora\u00e7\u00e3o e da contempla\u00e7\u00e3o. Assim como os disc\u00edpulos, somos chamados a subir ao monte da ora\u00e7\u00e3o e a buscar a presen\u00e7a de Deus em nossas vidas.<\/span><span data-ccp-props=\"{&quot;201341983&quot;:0,&quot;335551550&quot;:6,&quot;335551620&quot;:6,&quot;335559739&quot;:0,&quot;335559740&quot;:360}\">\u00a0<\/span><\/p>\n<p style=\"text-align: justify;\"><span data-contrast=\"auto\">Para aplicar a Palavra de Deus deste domingo em nossa vida cotidiana, somos chamados a cultivar uma vida de ora\u00e7\u00e3o e de escuta atenta \u00e0 voz de Deus. Podemos dedicar momentos do nosso dia para refletir sobre as promessas de Deus e como elas se manifestam em nossas vidas. Al\u00e9m disso, devemos buscar viver em comunh\u00e3o com os outros, seguindo o exemplo de Cristo e promovendo a justi\u00e7a e a paz. A Quaresma \u00e9 um tempo prop\u00edcio para a convers\u00e3o e para nos aproximarmos mais de Deus, fortalecendo nossa f\u00e9 e nossa esperan\u00e7a. Como nos lembra o Papa S\u00e3o Jo\u00e3o Paulo II, a Transfigura\u00e7\u00e3o nos convida a uma jornada de ora\u00e7\u00e3o e penit\u00eancia, preparando-nos para acolher a luz divina que brilhar\u00e1 na P\u00e1scoa.<\/span><span data-ccp-props=\"{&quot;201341983&quot;:0,&quot;335551550&quot;:6,&quot;335551620&quot;:6,&quot;335559739&quot;:0,&quot;335559740&quot;:360}\">\u00a0<\/span><\/p>\n<p style=\"text-align: justify;\"><span data-contrast=\"auto\">Neste 2\u00ba Domingo da Quaresma, somos desafiados a olhar para a gl\u00f3ria de Cristo e a viver conforme as promessas de Deus. Que possamos, atrav\u00e9s da ora\u00e7\u00e3o, da reflex\u00e3o e especialmente do sacramento da Reconcilia\u00e7\u00e3o, nos preparar para a celebra\u00e7\u00e3o da P\u00e1scoa, renovando nossa f\u00e9 e nosso compromisso com o Senhor. Que Nossa Senhora nos guie em nossa jornada de f\u00e9.<\/span><span data-ccp-props=\"{&quot;201341983&quot;:0,&quot;335551550&quot;:6,&quot;335551620&quot;:6,&quot;335559739&quot;:0,&quot;335559740&quot;:360}\">\u00a0<\/span><\/p>\n","protected":false},"excerpt":{"rendered":"<p>Dom Antonio Carlos Rossi Keller Bispo de Frederico Westphalen (RS) &nbsp; &nbsp; Neste 2\u00ba Domingo da Quaresma, a liturgia nos convida a refletir sobre a transforma\u00e7\u00e3o que a f\u00e9 em Deus nos proporciona. A mensagem central deste domingo \u00e9 a revela\u00e7\u00e3o da gl\u00f3ria de Cristo e a promessa de que, atrav\u00e9s da f\u00e9 e da &hellip;<\/p>\n<p class=\"read-more\"> <a class=\"\" href=\"https:\/\/www.cnbb.org.br\/a-esperanca-em-deus-nos-transforma\/\"> <span class=\"screen-reader-text\">A esperan\u00e7a em Deus nos transforma\u00a0<\/span> Leia mais &raquo;<\/a><\/p>\n","protected":false},"author":1821,"featured_media":0,"comment_status":"closed","ping_status":"closed","sticky":false,"template":"","format":"standard","meta":{"site-sidebar-layout":"default","site-content-layout":"default","ast-global-header-display":"","ast-banner-title-visibility":"","ast-main-header-display":"","ast-hfb-above-header-display":"","ast-hfb-below-header-display":"","ast-hfb-mobile-header-display":"","site-post-title":"","ast-breadcrumbs-content":"","ast-featured-img":"","footer-sml-layout":"","theme-transparent-header-meta":"default","adv-header-id-meta":"","stick-header-meta":"","header-above-stick-meta":"","header-main-stick-meta":"","header-below-stick-meta":""},"categories":[758],"tags":[],"acf":[],"_links":{"self":[{"href":"https:\/\/www.cnbb.org.br\/cnbb-app\/wp\/v2\/posts\/978562"}],"collection":[{"href":"https:\/\/www.cnbb.org.br\/cnbb-app\/wp\/v2\/posts"}],"about":[{"href":"https:\/\/www.cnbb.org.br\/cnbb-app\/wp\/v2\/types\/post"}],"author":[{"embeddable":true,"href":"https:\/\/www.cnbb.org.br\/cnbb-app\/wp\/v2\/users\/1821"}],"replies":[{"embeddable":true,"href":"https:\/\/www.cnbb.org.br\/cnbb-app\/wp\/v2\/comments?post=978562"}],"version-history":[{"count":3,"href":"https:\/\/www.cnbb.org.br\/cnbb-app\/wp\/v2\/posts\/978562\/revisions"}],"predecessor-version":[{"id":978565,"href":"https:\/\/www.cnbb.org.br\/cnbb-app\/wp\/v2\/posts\/978562\/revisions\/978565"}],"wp:attachment":[{"href":"https:\/\/www.cnbb.org.br\/cnbb-app\/wp\/v2\/media?parent=978562"}],"wp:term":[{"taxonomy":"category","embeddable":true,"href":"https:\/\/www.cnbb.org.br\/cnbb-app\/wp\/v2\/categories?post=978562"},{"taxonomy":"post_tag","embeddable":true,"href":"https:\/\/www.cnbb.org.br\/cnbb-app\/wp\/v2\/tags?post=978562"}],"curies":[{"name":"wp","href":"https:\/\/api.w.org\/{rel}","templated":true}]}}