{"id":978812,"date":"2025-03-19T12:50:48","date_gmt":"2025-03-19T15:50:48","guid":{"rendered":"https:\/\/www.cnbb.org.br\/?p=978812"},"modified":"2025-03-19T14:40:31","modified_gmt":"2025-03-19T17:40:31","slug":"conselho-permanente-discute-diretrizes-evangelizadoras-e-cop-30-em-segundo-dia-de-reuniao","status":"publish","type":"post","link":"https:\/\/www.cnbb.org.br\/conselho-permanente-discute-diretrizes-evangelizadoras-e-cop-30-em-segundo-dia-de-reuniao\/","title":{"rendered":"Conselho Permanente discute Diretrizes Evangelizadoras e COP 30 em segundo dia de reuni\u00e3o"},"content":{"rendered":"<p style=\"text-align: justify;\"><span data-contrast=\"auto\">Na quarta-feira, 19 de mar\u00e7o, o Conselho Permanente da Confer\u00eancia Nacional dos Bispos do Brasil (CNBB) deu continuidade a sua reuni\u00e3o deliberando e discutindo temas importantes para a Igreja no Brasil. Um dos momentos significativos da manh\u00e3 foi a aprova\u00e7\u00e3o de uma <a href=\"https:\/\/www.cnbb.org.br\/conselho-permanente-envia-carta-ao-papa-francisco-mar2025\/\">carta destinada ao Papa Francisco<\/a>, manifestando o carinho e a proximidade do episcopado brasileiro em rela\u00e7\u00e3o ao Sumo Pont\u00edfice, especialmente neste momento de enfermidade e prova\u00e7\u00e3o que ele atravessa. A carta expressa a solidariedade dos bispos brasileiros, ressaltando sua ora\u00e7\u00e3o constante e apoio incondicional ao Papa, em um gesto de afeto e comunh\u00e3o.<\/span><span data-ccp-props=\"{&quot;134233117&quot;:false,&quot;134233118&quot;:false,&quot;335551550&quot;:0,&quot;335551620&quot;:0,&quot;335559738&quot;:240,&quot;335559739&quot;:240}\">\u00a0<\/span><\/p>\n<p style=\"text-align: justify;\"><span data-contrast=\"auto\">Na sequ\u00eancia, o arcebispo de Santa Maria (RS), dom Leomar Ant\u00f4nio Brustolin, apresentou aos membros do Conselho Permanente, para aprecia\u00e7\u00e3o e acr\u00e9scimos, a d\u00e9cima nona vers\u00e3o do texto das &#8220;Diretrizes Gerais da A\u00e7\u00e3o Evangelizadora da Igreja no Brasil&#8221;, um documento que est\u00e1 sendo trabalhado com base em um processo de escuta e reflex\u00e3o das dioceses e dos diversos organismos do povo de Deus. Dom Leomar destacou a import\u00e2ncia da escuta como princ\u00edpio central deste processo, algo que permeou toda a constru\u00e7\u00e3o das Diretrizes ao longo dos tr\u00eas anos e meio.<\/span><span data-ccp-props=\"{&quot;134233117&quot;:false,&quot;134233118&quot;:false,&quot;335551550&quot;:0,&quot;335551620&quot;:0,&quot;335559738&quot;:240,&quot;335559739&quot;:240}\">\u00a0<\/span><\/p>\n<p style=\"text-align: justify;\"><span data-contrast=\"auto\">A proposta \u00e9 que o texto seja avaliado e aprovado na pr\u00f3xima Assembleia Geral da CNBB, que ir\u00e1 ocorrer de 30 de abril a 9 de maio, em Aparecida, S\u00e3o Paulo. A aprova\u00e7\u00e3o e o aprofundamento deste texto representam um passo importante para a Igreja no Brasil, mostrando a disposi\u00e7\u00e3o dos bispos em promover uma evangeliza\u00e7\u00e3o que seja fiel ao Evangelho e sens\u00edvel \u00e0s realidades contempor\u00e2neas.<\/span><span data-ccp-props=\"{&quot;134233117&quot;:false,&quot;134233118&quot;:false,&quot;335551550&quot;:0,&quot;335551620&quot;:0,&quot;335559738&quot;:240,&quot;335559739&quot;:240}\">\u00a0<\/span><\/p>\n<h3 style=\"text-align: justify;\">Principais aspectos das Diretrizes<\/h3>\n<p style=\"text-align: justify;\"><span data-contrast=\"auto\">Segundo dom Leomar, o objetivo geral das Diretrizes \u00e9 evangelizar, anunciando Jesus Cristo como Igreja peregrina e sinodal, fundamentada na Palavra e nos Sacramentos, e orientada pelo testemunho de f\u00e9, esperan\u00e7a e caridade. A proposta, de acordo com ele, \u00e9 que o texto busque tamb\u00e9m dar visibilidade \u00e0 forma\u00e7\u00e3o de comunidades de disc\u00edpulos mission\u00e1rios.<\/span><\/p>\n<p style=\"text-align: justify;\"><span data-contrast=\"auto\"><img decoding=\"async\" loading=\"lazy\" class=\"wp-image-978844 alignright\" src=\"https:\/\/www.cnbb.org.br\/wp-content\/uploads\/2025\/03\/54396826096_b0d6ac41c1_o-1024x683.jpg\" alt=\"\" width=\"366\" height=\"244\" srcset=\"https:\/\/www.cnbb.org.br\/wp-content\/uploads\/2025\/03\/54396826096_b0d6ac41c1_o-1024x683.jpg 1024w, https:\/\/www.cnbb.org.br\/wp-content\/uploads\/2025\/03\/54396826096_b0d6ac41c1_o-300x200.jpg 300w, https:\/\/www.cnbb.org.br\/wp-content\/uploads\/2025\/03\/54396826096_b0d6ac41c1_o-768x512.jpg 768w, https:\/\/www.cnbb.org.br\/wp-content\/uploads\/2025\/03\/54396826096_b0d6ac41c1_o-1536x1024.jpg 1536w, https:\/\/www.cnbb.org.br\/wp-content\/uploads\/2025\/03\/54396826096_b0d6ac41c1_o-500x333.jpg 500w, https:\/\/www.cnbb.org.br\/wp-content\/uploads\/2025\/03\/54396826096_b0d6ac41c1_o.jpg 2048w\" sizes=\"(max-width: 366px) 100vw, 366px\" \/>O texto das Diretrizes ser\u00e1 estruturado em v\u00e1rios pontos, sendo que um dos mais importantes \u00e9 a &#8220;escuta dos sinais&#8221;. <\/span><span data-contrast=\"auto\">O documento pretende seguir com a proposta de um discernimento cont\u00ednuo e uma convers\u00e3o pastoral para responder aos desafios atuais, al\u00e9m de orientar as pr\u00e1ticas evangelizadoras da Igreja. As Diretrizes sugerem que a Igreja, como uma comunidade sinodal, deve estar atenta aos sinais dos tempos, buscando sempre uma renova\u00e7\u00e3o em seu compromisso pastoral.<\/span><span data-ccp-props=\"{&quot;134233117&quot;:false,&quot;134233118&quot;:false,&quot;335551550&quot;:0,&quot;335551620&quot;:0,&quot;335559738&quot;:240,&quot;335559739&quot;:240}\">\u00a0<\/span><\/p>\n<blockquote><p>&#8220;Temos uma acolhida muito grande \u00e0s contribui\u00e7\u00f5es que nos tem chegado. Existem percep\u00e7\u00f5es que os senhores trazem e que s\u00e3o muito importantes&#8221;, disse dom Leomar.<\/p><\/blockquote>\n<h3 class=\"\" data-start=\"1812\" data-end=\"1849\">Evangeliza\u00e7\u00e3o no meio empresarial<\/h3>\n<p class=\"\" style=\"text-align: justify;\" data-start=\"1851\" data-end=\"2325\">Outro tema abordado foi a evangeliza\u00e7\u00e3o no meio empresarial. A Comiss\u00e3o Episcopal para a Cultura e a Educa\u00e7\u00e3o da CNBB refor\u00e7ou a import\u00e2ncia de integrar os valores do Ensino Social Crist\u00e3o nas atividades econ\u00f4micas. Por isso, convidou representantes da Associa\u00e7\u00e3o de Dirigentes Crist\u00e3os de Empresa (ADCE), uma organiza\u00e7\u00e3o sem fins lucrativos, ecum\u00eanica e de di\u00e1logo interreligioso, para apresentar suas estrat\u00e9gias no sentido de aplicar esses valores nas empresas, com o intuito de promover uma \u00e9tica empresarial mais humana e respons\u00e1vel.<\/p>\n<p class=\"\" style=\"text-align: justify;\" data-start=\"1851\" data-end=\"2325\"><img decoding=\"async\" loading=\"lazy\" class=\"wp-image-978843 alignleft\" src=\"https:\/\/www.cnbb.org.br\/wp-content\/uploads\/2025\/03\/54395936762_0974184f90_b-1.jpg\" alt=\"\" width=\"478\" height=\"319\" srcset=\"https:\/\/www.cnbb.org.br\/wp-content\/uploads\/2025\/03\/54395936762_0974184f90_b-1.jpg 1024w, https:\/\/www.cnbb.org.br\/wp-content\/uploads\/2025\/03\/54395936762_0974184f90_b-1-300x200.jpg 300w, https:\/\/www.cnbb.org.br\/wp-content\/uploads\/2025\/03\/54395936762_0974184f90_b-1-768x512.jpg 768w, https:\/\/www.cnbb.org.br\/wp-content\/uploads\/2025\/03\/54395936762_0974184f90_b-1-500x333.jpg 500w\" sizes=\"(max-width: 478px) 100vw, 478px\" \/><\/p>\n<p style=\"text-align: justify;\">A Associa\u00e7\u00e3o tem como objetivo principal\u00a0 promover entre os l\u00edderes empresariais, dirigentes de empresas e empreendedores a forma\u00e7\u00e3o e a implementa\u00e7\u00e3o de uma economia que sirva em primeiro lugar \u00e0s pessoas e o bem comum de toda a humanidade.<\/p>\n<p class=\"\" style=\"text-align: justify;\" data-start=\"2327\" data-end=\"2657\">Tamb\u00e9m foram apresentados, por parte da Associa\u00e7\u00e3o, a realiza\u00e7\u00e3o de congressos, simp\u00f3sios e encontros de di\u00e1logo entre bispos e empres\u00e1rios. Esses eventos s\u00e3o uma oportunidade para aprofundar a reflex\u00e3o sobre o papel da Igreja no mundo dos neg\u00f3cios e seu compromisso com a justi\u00e7a social e econ\u00f4mica.<\/p>\n<h3 class=\"\" data-start=\"2659\" data-end=\"2683\">Igreja rumo \u00e0 COP 30<\/h3>\n<p class=\"\" style=\"text-align: justify;\" data-start=\"2685\" data-end=\"3244\">A COP 30, que ser\u00e1 realizada no Brasil, foi tamb\u00e9m tema central das discuss\u00f5es. Os membros que comp\u00f5em o projeto &#8220;Igreja no Brasil rumo \u00e0 COP 30&#8221; expuseram como est\u00e1 a prepara\u00e7\u00e3o para fortalecer o compromisso da Igreja no Brasil com a justi\u00e7a socioambiental, como solicitado pelo Papa Francisco, e como a equipe tem fortalecido esse processo.<\/p>\n<p style=\"text-align: justify;\" data-start=\"2685\" data-end=\"3244\"><img decoding=\"async\" loading=\"lazy\" class=\"alignleft wp-image-978841 \" src=\"https:\/\/www.cnbb.org.br\/wp-content\/uploads\/2025\/03\/54397003994_7314045e3a_b.jpg\" alt=\"\" width=\"498\" height=\"332\" srcset=\"https:\/\/www.cnbb.org.br\/wp-content\/uploads\/2025\/03\/54397003994_7314045e3a_b.jpg 1024w, https:\/\/www.cnbb.org.br\/wp-content\/uploads\/2025\/03\/54397003994_7314045e3a_b-300x200.jpg 300w, https:\/\/www.cnbb.org.br\/wp-content\/uploads\/2025\/03\/54397003994_7314045e3a_b-768x512.jpg 768w, https:\/\/www.cnbb.org.br\/wp-content\/uploads\/2025\/03\/54397003994_7314045e3a_b-500x333.jpg 500w\" sizes=\"(max-width: 498px) 100vw, 498px\" \/>Na ocasi\u00e3o, foi apresentado um v\u00eddeo com a explica\u00e7\u00e3o da identidade visual que ser\u00e1 utilizada pela Igreja no Brasil rumo \u00e0 COP 30, reafirmando seu compromisso com a prote\u00e7\u00e3o do meio ambiente e com a den\u00fancia das falsas solu\u00e7\u00f5es clim\u00e1ticas que surgem no debate global. O foco est\u00e1 na prote\u00e7\u00e3o dos territ\u00f3rios dos povos origin\u00e1rios e tradicionais, na promo\u00e7\u00e3o da igualdade, no combate ao desmatamento e na transforma\u00e7\u00e3o do sistema econ\u00f4mico para garantir um futuro mais sustent\u00e1vel.<\/p>\n<p class=\"\" style=\"text-align: justify;\" data-start=\"3246\" data-end=\"3529\">Com a palavra, dom Jaime Spengler, presidente da CNBB, reafirmou a necessidade de uma presen\u00e7a forte e prof\u00e9tica da Igreja, especialmente no contexto de urg\u00eancia clim\u00e1tica. Para isso, disse que \u00e9 fundamental construir uma narrativa s\u00f3lida e engajada, alinhada com os apelos papais.<\/p>\n<h3 class=\"\" data-start=\"3531\" data-end=\"3564\">Pr\u00e9-COPs e forma\u00e7\u00e3o ecol\u00f3gica<\/h3>\n<p class=\"\" style=\"text-align: justify;\" data-start=\"3566\" data-end=\"3933\">O grupo explicou, ainda, que a Igreja no Brasil est\u00e1 organizando uma s\u00e9rie de Pr\u00e9-COPs em todo o Brasil, com o objetivo de formar lideran\u00e7as eclesiais e motivar a mobiliza\u00e7\u00e3o local em prol da preserva\u00e7\u00e3o ambiental. Esses encontros preparat\u00f3rios, divididos por macrorregi\u00e3o, visam aprofundar o entendimento sobre a crise clim\u00e1tica e suas implica\u00e7\u00f5es para o futuro, al\u00e9m de garantir um impacto local efetivo.\u00a0 <img decoding=\"async\" loading=\"lazy\" class=\"size-medium wp-image-978842 alignleft\" src=\"https:\/\/www.cnbb.org.br\/wp-content\/uploads\/2025\/03\/WhatsApp-Image-2025-03-19-at-11.02.01-225x300.jpeg\" alt=\"\" width=\"225\" height=\"300\" srcset=\"https:\/\/www.cnbb.org.br\/wp-content\/uploads\/2025\/03\/WhatsApp-Image-2025-03-19-at-11.02.01-225x300.jpeg 225w, https:\/\/www.cnbb.org.br\/wp-content\/uploads\/2025\/03\/WhatsApp-Image-2025-03-19-at-11.02.01-768x1024.jpeg 768w, https:\/\/www.cnbb.org.br\/wp-content\/uploads\/2025\/03\/WhatsApp-Image-2025-03-19-at-11.02.01-1152x1536.jpeg 1152w, https:\/\/www.cnbb.org.br\/wp-content\/uploads\/2025\/03\/WhatsApp-Image-2025-03-19-at-11.02.01-1536x2048.jpeg 1536w, https:\/\/www.cnbb.org.br\/wp-content\/uploads\/2025\/03\/WhatsApp-Image-2025-03-19-at-11.02.01-500x667.jpeg 500w, https:\/\/www.cnbb.org.br\/wp-content\/uploads\/2025\/03\/WhatsApp-Image-2025-03-19-at-11.02.01-scaled.jpeg 1920w\" sizes=\"(max-width: 225px) 100vw, 225px\" \/><\/p>\n<p class=\"\" style=\"text-align: justify;\" data-start=\"3935\" data-end=\"4295\"><strong data-start=\"3935\" data-end=\"3957\">Convite \u00e0 reflex\u00e3o<\/strong> \u2013 Em sua interven\u00e7\u00e3o, dom Pedro Brito, arcebispo de Palmas, recordou que h\u00e1 uma cartilha produzida pela Rede Eclesial Pan-Amaz\u00f4nica &#8220;ABC das COPS&#8221; que <span style=\"font-size: 16px;\">destaca a relev\u00e2ncia da COP 30 para a Amaz\u00f4nia e para os povos da regi\u00e3o, lembrando a import\u00e2ncia da Igreja se envolver ativamente nesse processo.<\/span><\/p>\n<p class=\"\" style=\"text-align: justify;\" data-start=\"3935\" data-end=\"4295\">Na sequ\u00eancia, dom Vicente Ferreira, bispo de Livramento de Nossa Senhora, na Bahia, refor\u00e7ou ainda a necessidade dos bispos de divulgar artigos de opini\u00e3o e outros materiais sobre o tema, para estimular o debate e a reflex\u00e3o nos regionais da CNBB.<\/p>\n<p data-start=\"3935\" data-end=\"4295\">Confira mais foto desse segundo dia (<a href=\"https:\/\/www.flickr.com\/photos\/cnbbnacional\/albums\/72177720324535709\/with\/54396826096\/\" target=\"_blank\" rel=\"noopener\">aqui<\/a>).<\/p>\n<p>&nbsp;<\/p>\n<p>&nbsp;<\/p>\n<p>&nbsp;<\/p>\n<p>&nbsp;<\/p>\n","protected":false},"excerpt":{"rendered":"<p>Na quarta-feira, 19 de mar\u00e7o, o Conselho Permanente da CNBB deu continuidade a sua reuni\u00e3o deliberando e discutindo temas importantes para a Igreja no Brasil. Alguns dos momentos significativos da manh\u00e3 foram a aprova\u00e7\u00e3o de uma carta destinada ao Papa, a discuss\u00e3o das Diretrizes Gerais da A\u00e7\u00e3o Evangelizadora e a articula\u00e7\u00e3o da Igreja no Brasil rumo \u00e0 COP 30<\/p>\n","protected":false},"author":138,"featured_media":978839,"comment_status":"closed","ping_status":"closed","sticky":false,"template":"","format":"standard","meta":{"site-sidebar-layout":"default","site-content-layout":"default","ast-global-header-display":"","ast-banner-title-visibility":"","ast-main-header-display":"","ast-hfb-above-header-display":"","ast-hfb-below-header-display":"","ast-hfb-mobile-header-display":"","site-post-title":"","ast-breadcrumbs-content":"","ast-featured-img":"","footer-sml-layout":"","theme-transparent-header-meta":"default","adv-header-id-meta":"","stick-header-meta":"","header-above-stick-meta":"","header-main-stick-meta":"","header-below-stick-meta":""},"categories":[834,50],"tags":[3053],"acf":[],"_links":{"self":[{"href":"https:\/\/www.cnbb.org.br\/cnbb-app\/wp\/v2\/posts\/978812"}],"collection":[{"href":"https:\/\/www.cnbb.org.br\/cnbb-app\/wp\/v2\/posts"}],"about":[{"href":"https:\/\/www.cnbb.org.br\/cnbb-app\/wp\/v2\/types\/post"}],"author":[{"embeddable":true,"href":"https:\/\/www.cnbb.org.br\/cnbb-app\/wp\/v2\/users\/138"}],"replies":[{"embeddable":true,"href":"https:\/\/www.cnbb.org.br\/cnbb-app\/wp\/v2\/comments?post=978812"}],"version-history":[{"count":33,"href":"https:\/\/www.cnbb.org.br\/cnbb-app\/wp\/v2\/posts\/978812\/revisions"}],"predecessor-version":[{"id":978860,"href":"https:\/\/www.cnbb.org.br\/cnbb-app\/wp\/v2\/posts\/978812\/revisions\/978860"}],"wp:featuredmedia":[{"embeddable":true,"href":"https:\/\/www.cnbb.org.br\/cnbb-app\/wp\/v2\/media\/978839"}],"wp:attachment":[{"href":"https:\/\/www.cnbb.org.br\/cnbb-app\/wp\/v2\/media?parent=978812"}],"wp:term":[{"taxonomy":"category","embeddable":true,"href":"https:\/\/www.cnbb.org.br\/cnbb-app\/wp\/v2\/categories?post=978812"},{"taxonomy":"post_tag","embeddable":true,"href":"https:\/\/www.cnbb.org.br\/cnbb-app\/wp\/v2\/tags?post=978812"}],"curies":[{"name":"wp","href":"https:\/\/api.w.org\/{rel}","templated":true}]}}