{"id":978824,"date":"2025-03-19T11:29:15","date_gmt":"2025-03-19T14:29:15","guid":{"rendered":"https:\/\/www.cnbb.org.br\/?p=978824"},"modified":"2025-03-19T14:46:55","modified_gmt":"2025-03-19T17:46:55","slug":"conselho-permanente-envia-carta-ao-papa-francisco-mar2025","status":"publish","type":"post","link":"https:\/\/www.cnbb.org.br\/conselho-permanente-envia-carta-ao-papa-francisco-mar2025\/","title":{"rendered":"Conselho Permanente envia carta ao Papa Francisco: afeto e proximidade neste per\u00edodo de enfermidade e prova\u00e7\u00e3o"},"content":{"rendered":"<p><span data-contrast=\"auto\">O Conselho Permanente da Confer\u00eancia Nacional dos Bispos do Brasil (CNBB) aprovou, nesta quarta-feira, uma carta ao Papa Francisco, recordando os doze anos do in\u00edcio de seu pontificado. N<\/span><span data-contrast=\"auto\">a mensagem, os bispos expressam afeto e proximidade neste per\u00edodo em que o pont\u00edfice est\u00e1 internado no hospital Gemelli, em Roma. \u00a0<\/span><span data-ccp-props=\"{}\">\u00a0<\/span><\/p>\n<p><span data-contrast=\"auto\">Segundo o Conselho Permanente, este momento, &#8220;oferecido pelo bem da Igreja e da humanidade, tem sido um significativo testemunho de doa\u00e7\u00e3o e solidariedade para com os que sofrem&#8221;. Os bispos ainda destacam que a sensibilidade pastoral do Papa e a sua ternura o t\u00eam mantido &#8220;profundamente em sintonia com os problemas e sofrimentos do nosso tempo&#8221;.<\/span><\/p>\n<p><span data-ccp-props=\"{}\">Confira o texto na \u00edntegra:\u00a0<\/span><\/p>\n<p>&nbsp;<\/p>\n<blockquote><p><span data-ccp-props=\"{}\">Bras\u00edlia \u2013 DF, 19 de mar\u00e7o de 2025<\/span><\/p>\n<p><span data-ccp-props=\"{}\">Solenidade de S\u00e3o Jos\u00e9, esposo da Bem-Aventurada Virgem Maria<\/span><\/p>\n<p><span data-ccp-props=\"{}\"><br \/>\nV. S.<br \/>\nPAPA FRANCISCO<\/span><\/p>\n<p><span data-ccp-props=\"{}\">Ref.: Carta de apoio e solidariedade ao Papa Francisco <\/span><span data-ccp-props=\"{}\">do Conselho Permanente da CNBB.<\/span><\/p>\n<p><span data-ccp-props=\"{}\">Querido Papa Francisco,<br \/>\nNa Solenidade de S\u00e3o Jos\u00e9, patrono universal da Igreja, na qual comemoramos o 12\u00ba ano do in\u00edcio do seu minist\u00e9rio petrino, n\u00f3s bispos, reunidos no Conselho Permanente da CNBB, queremos expressar o nosso afeto e proximidade neste per\u00edodo de sua enfermidade e prova\u00e7\u00e3o.<\/span><\/p>\n<p><span data-ccp-props=\"{}\">Este momento, oferecido pelo bem da Igreja e da humanidade, tem sido um significativo testemunho de doa\u00e7\u00e3o e solidariedade para com os que sofrem. Sua sensibilidade pastoral e sua ternura o t\u00eam mantido profundamente em sintonia com os problemas e os sofrimentos do nosso tempo.<\/span><\/p>\n<p><span data-ccp-props=\"{}\">Estamos gratos por ser testemunha dos sofrimentos de Cristo que se prolongam no seu corpo que \u00e9 a Igreja, e que atingem agora aquele que a preside na caridade e na unidade. Cremos que se realiza em sua vida o que professa S\u00e3o Paulo: \u201c<em>Completo na minha carne o que falta aos sofrimentos de Cristo<\/em>\u201d (Cl 1,24). Tamb\u00e9m, estamos comovidos pela sua decis\u00e3o de n\u00e3o ocultar aos olhos do mundo seu processo de adoecimento e recupera\u00e7\u00e3o.<\/span><\/p>\n<p><span data-ccp-props=\"{}\">O povo brasileiro, manifestando unidade e comunh\u00e3o com o Bispo de Roma, sempre reza por Vossa Santidade. Nesses \u00faltimos dias nossa gente tem intensificado ora\u00e7\u00f5es e s\u00faplicas por suas inten\u00e7\u00f5es. Unidos numa mesma prece em cada celebra\u00e7\u00e3o, manifestamos nosso desejo por sua pronta recupera\u00e7\u00e3o, para continuar nos confirmando na f\u00e9 e na esperan\u00e7a.\u00a0<\/span><\/p>\n<p>Suplicamos a intercess\u00e3o bondosa da Virgem Aparecida, nossa m\u00e3e e sa\u00fade dos enfermos, que lhe seja favor\u00e1vel e lhe alcance a gra\u00e7a de uma completa recupera\u00e7\u00e3o.<\/p>\n<p>Com votos de sa\u00fade e paz, expressamos nossa estima e comunh\u00e3o. Caminhamos juntos, como peregrinos da esperan\u00e7a, com o Sucessor de Pedro e o acompanhamos nesta fase de sua vida.<\/p>\n<p style=\"text-align: center;\"><strong>Confer\u00eancia Nacional dos Bispos do Brasil<\/strong><br \/>\n&#8211; Conselho Permanente &#8211;<\/p>\n<\/blockquote>\n","protected":false},"excerpt":{"rendered":"<p>O Conselho Permanente da Confer\u00eancia Nacional dos Bispos do Brasil (CNBB) aprovou, nesta quarta-feira, uma carta ao Papa Francisco, recordando os doze anos do in\u00edcio de seu pontificado. Na mensagem, os bispos expressam afeto e proximidade neste per\u00edodo em que o pont\u00edfice est\u00e1 internado no hospital Gemelli, em Roma<\/p>\n","protected":false},"author":38,"featured_media":916116,"comment_status":"closed","ping_status":"closed","sticky":false,"template":"","format":"standard","meta":{"site-sidebar-layout":"default","site-content-layout":"default","ast-global-header-display":"","ast-banner-title-visibility":"","ast-main-header-display":"","ast-hfb-above-header-display":"","ast-hfb-below-header-display":"","ast-hfb-mobile-header-display":"","site-post-title":"","ast-breadcrumbs-content":"","ast-featured-img":"","footer-sml-layout":"","theme-transparent-header-meta":"default","adv-header-id-meta":"","stick-header-meta":"","header-above-stick-meta":"","header-main-stick-meta":"","header-below-stick-meta":""},"categories":[834,1841,989],"tags":[3053,1199],"acf":[],"_links":{"self":[{"href":"https:\/\/www.cnbb.org.br\/cnbb-app\/wp\/v2\/posts\/978824"}],"collection":[{"href":"https:\/\/www.cnbb.org.br\/cnbb-app\/wp\/v2\/posts"}],"about":[{"href":"https:\/\/www.cnbb.org.br\/cnbb-app\/wp\/v2\/types\/post"}],"author":[{"embeddable":true,"href":"https:\/\/www.cnbb.org.br\/cnbb-app\/wp\/v2\/users\/38"}],"replies":[{"embeddable":true,"href":"https:\/\/www.cnbb.org.br\/cnbb-app\/wp\/v2\/comments?post=978824"}],"version-history":[{"count":5,"href":"https:\/\/www.cnbb.org.br\/cnbb-app\/wp\/v2\/posts\/978824\/revisions"}],"predecessor-version":[{"id":978865,"href":"https:\/\/www.cnbb.org.br\/cnbb-app\/wp\/v2\/posts\/978824\/revisions\/978865"}],"wp:featuredmedia":[{"embeddable":true,"href":"https:\/\/www.cnbb.org.br\/cnbb-app\/wp\/v2\/media\/916116"}],"wp:attachment":[{"href":"https:\/\/www.cnbb.org.br\/cnbb-app\/wp\/v2\/media?parent=978824"}],"wp:term":[{"taxonomy":"category","embeddable":true,"href":"https:\/\/www.cnbb.org.br\/cnbb-app\/wp\/v2\/categories?post=978824"},{"taxonomy":"post_tag","embeddable":true,"href":"https:\/\/www.cnbb.org.br\/cnbb-app\/wp\/v2\/tags?post=978824"}],"curies":[{"name":"wp","href":"https:\/\/api.w.org\/{rel}","templated":true}]}}