{"id":978923,"date":"2025-03-21T09:16:07","date_gmt":"2025-03-21T12:16:07","guid":{"rendered":"https:\/\/www.cnbb.org.br\/?p=978923"},"modified":"2025-03-21T09:17:11","modified_gmt":"2025-03-21T12:17:11","slug":"um-chamado-para-a-conversao-e-a-misericordia-de-deus","status":"publish","type":"post","link":"https:\/\/www.cnbb.org.br\/um-chamado-para-a-conversao-e-a-misericordia-de-deus\/","title":{"rendered":"Um chamado para a convers\u00e3o e \u00e0 miseric\u00f3rdia de Deus!\u00a0"},"content":{"rendered":"<p style=\"text-align: right;\"><b><span data-contrast=\"auto\">Dom Anuar Battisti<\/span><\/b><br \/>\n<b><span data-contrast=\"auto\">Arcebispo Em\u00e9rito de Maring\u00e1 (PR)<\/span><\/b><span data-ccp-props=\"{&quot;201341983&quot;:0,&quot;335551550&quot;:2,&quot;335551620&quot;:2,&quot;335559739&quot;:160,&quot;335559740&quot;:278}\">\u00a0<\/span><\/p>\n<p><span data-ccp-props=\"{&quot;201341983&quot;:0,&quot;335551550&quot;:2,&quot;335551620&quot;:2,&quot;335559739&quot;:160,&quot;335559740&quot;:278}\">\u00a0<\/span><\/p>\n<p style=\"text-align: justify;\"><span data-contrast=\"auto\">Amados irm\u00e3os e irm\u00e3s em Cristo,<\/span><span data-ccp-props=\"{&quot;201341983&quot;:0,&quot;335559739&quot;:160,&quot;335559740&quot;:278}\">\u00a0<\/span><\/p>\n<p style=\"text-align: justify;\"><span data-contrast=\"auto\">A liturgia deste terceiro domingo da Quaresma nos faz um forte apelo \u00e0 convers\u00e3o e \u00e0 miseric\u00f3rdia de Deus. A Quaresma \u00e9 um tempo de renova\u00e7\u00e3o interior, um chamado para que deixemos de lado o que nos afasta do Senhor e produzamos frutos de uma vida nova.<\/span><span data-ccp-props=\"{&quot;201341983&quot;:0,&quot;335551550&quot;:6,&quot;335551620&quot;:6,&quot;335559731&quot;:709,&quot;335559739&quot;:160,&quot;335559740&quot;:278}\">\u00a0<\/span><\/p>\n<p style=\"text-align: justify;\"><span data-contrast=\"auto\">Na primeira leitura (\u00cax 3,1-8a.13-15), vemos o epis\u00f3dio da sar\u00e7a ardente, onde Deus se manifesta a Mois\u00e9s e revela Seu nome: <\/span><i><span data-contrast=\"auto\">\u201cEu sou aquele que sou\u201d.<\/span><\/i><span data-contrast=\"auto\"> Este \u00e9 um dos momentos mais importantes da hist\u00f3ria da salva\u00e7\u00e3o, pois Deus se mostra como um Deus pr\u00f3ximo, que escuta o clamor do povo e age para libert\u00e1-lo da escravid\u00e3o.<\/span><span data-ccp-props=\"{&quot;201341983&quot;:0,&quot;335551550&quot;:6,&quot;335551620&quot;:6,&quot;335559731&quot;:709,&quot;335559739&quot;:160,&quot;335559740&quot;:278}\">\u00a0<\/span><\/p>\n<p style=\"text-align: justify;\"><span data-contrast=\"auto\">Deus continua a se revelar a n\u00f3s hoje. Ele nos chama pelo nome e deseja nos libertar de nossas pr\u00f3prias escravid\u00f5es: o pecado, o des\u00e2nimo, a falta de f\u00e9. Assim como chamou Mois\u00e9s para libertar o povo, Deus nos convida a sermos instrumentos de liberta\u00e7\u00e3o em nosso tempo, ajudando aqueles que sofrem e trazendo esperan\u00e7a ao mundo.<\/span><span data-ccp-props=\"{&quot;201341983&quot;:0,&quot;335551550&quot;:6,&quot;335551620&quot;:6,&quot;335559731&quot;:709,&quot;335559739&quot;:160,&quot;335559740&quot;:278}\">\u00a0<\/span><\/p>\n<p style=\"text-align: justify;\"><span data-contrast=\"auto\">No Evangelho (Lc 13,1-9), Jesus nos ensina que todos precisamos de convers\u00e3o. Ele fala sobre dois acontecimentos tr\u00e1gicos de sua \u00e9poca \u2013 a morte de galileus por ordem de Pilatos e a queda de uma torre que matou v\u00e1rias pessoas. Muitos pensavam que essas mortes eram castigos divinos, mas Jesus corrige essa ideia: a trag\u00e9dia n\u00e3o \u00e9 um castigo, mas um alerta.<\/span><span data-ccp-props=\"{&quot;201341983&quot;:0,&quot;335551550&quot;:6,&quot;335551620&quot;:6,&quot;335559731&quot;:709,&quot;335559739&quot;:160,&quot;335559740&quot;:278}\">\u00a0<\/span><\/p>\n<p style=\"text-align: justify;\"><span data-contrast=\"auto\">Jesus ent\u00e3o diz claramente: <\/span><i><span data-contrast=\"auto\">\u201cSe n\u00e3o vos converterdes, ireis morrer todos do mesmo modo\u201d<\/span><\/i><span data-contrast=\"auto\"> (Lc 13,5). Isso n\u00e3o significa que Deus nos pune, mas que precisamos aproveitar o tempo que temos para mudar de vida.<\/span><span data-ccp-props=\"{&quot;201341983&quot;:0,&quot;335551550&quot;:6,&quot;335551620&quot;:6,&quot;335559731&quot;:709,&quot;335559739&quot;:160,&quot;335559740&quot;:278}\">\u00a0<\/span><\/p>\n<p style=\"text-align: justify;\"><span data-contrast=\"auto\">Ele completa com a par\u00e1bola da figueira est\u00e9ril, que simboliza cada um de n\u00f3s. O dono da vinha quer cort\u00e1-la porque n\u00e3o d\u00e1 frutos, mas o agricultor pede mais tempo para cuidar dela e tentar faz\u00ea-la produzir. Esse agricultor representa a paci\u00eancia e a miseric\u00f3rdia de Deus, que nos d\u00e1 oportunidades para nos arrependermos e vivermos segundo sua vontade.<\/span><span data-ccp-props=\"{&quot;201341983&quot;:0,&quot;335551550&quot;:6,&quot;335551620&quot;:6,&quot;335559731&quot;:709,&quot;335559739&quot;:160,&quot;335559740&quot;:278}\">\u00a0<\/span><\/p>\n<p style=\"text-align: justify;\"><span data-contrast=\"auto\">S\u00e3o Paulo, na segunda leitura (1Cor 10,1-6.10-12), nos lembra que o povo de Israel, apesar de ter experimentado a gra\u00e7a de Deus no deserto, caiu na infidelidade. Isso \u00e9 um alerta para n\u00f3s: n\u00e3o basta dizer que somos crist\u00e3os, \u00e9 preciso viver como crist\u00e3os.<\/span><span data-ccp-props=\"{&quot;201341983&quot;:0,&quot;335551550&quot;:6,&quot;335551620&quot;:6,&quot;335559731&quot;:709,&quot;335559739&quot;:160,&quot;335559740&quot;:278}\">\u00a0<\/span><\/p>\n<p style=\"text-align: justify;\"><span data-contrast=\"auto\">Muitas vezes adiamos nossa convers\u00e3o, achando que sempre haver\u00e1 tempo. Mas o Evangelho nos lembra que a vida \u00e9 breve e que precisamos dar frutos hoje, n\u00e3o amanh\u00e3.<\/span><span data-ccp-props=\"{&quot;201341983&quot;:0,&quot;335551550&quot;:6,&quot;335551620&quot;:6,&quot;335559731&quot;:709,&quot;335559739&quot;:160,&quot;335559740&quot;:278}\">\u00a0<\/span><\/p>\n<p style=\"text-align: justify;\"><span data-contrast=\"auto\">Queridos irm\u00e3os e irm\u00e3s, este tempo quaresmal \u00e9 um presente de Deus para que renovemos nosso cora\u00e7\u00e3o. Se ainda n\u00e3o produzimos frutos, o Senhor nos d\u00e1 mais uma chance.<\/span><span data-ccp-props=\"{&quot;201341983&quot;:0,&quot;335551550&quot;:6,&quot;335551620&quot;:6,&quot;335559731&quot;:709,&quot;335559739&quot;:160,&quot;335559740&quot;:278}\">\u00a0<\/span><\/p>\n<p style=\"text-align: justify;\"><span data-contrast=\"auto\">Que possamos responder a esse chamado com humildade e decis\u00e3o, confiando na miseric\u00f3rdia de Deus, mas sem abusar de Sua paci\u00eancia. Que nossa vida seja como uma figueira que d\u00e1 bons frutos de amor, justi\u00e7a e perd\u00e3o.<\/span><span data-ccp-props=\"{&quot;201341983&quot;:0,&quot;335551550&quot;:6,&quot;335551620&quot;:6,&quot;335559731&quot;:709,&quot;335559739&quot;:160,&quot;335559740&quot;:278}\">\u00a0<\/span><\/p>\n<p style=\"text-align: justify;\"><span data-contrast=\"auto\">Pe\u00e7amos a intercess\u00e3o da Virgem Maria, para que nos ajude a acolher a gra\u00e7a da convers\u00e3o e viver cada dia mais perto do Senhor.<\/span><span data-ccp-props=\"{&quot;201341983&quot;:0,&quot;335551550&quot;:6,&quot;335551620&quot;:6,&quot;335559731&quot;:709,&quot;335559739&quot;:160,&quot;335559740&quot;:278}\">\u00a0<\/span><\/p>\n<p style=\"text-align: justify;\"><span data-contrast=\"auto\">Am\u00e9m!<\/span><span data-ccp-props=\"{&quot;201341983&quot;:0,&quot;335559739&quot;:160,&quot;335559740&quot;:278}\">\u00a0<\/span><\/p>\n<p>&nbsp;<\/p>\n<p><span data-ccp-props=\"{&quot;201341983&quot;:0,&quot;335559739&quot;:160,&quot;335559740&quot;:278}\">\u00a0<\/span><\/p>\n","protected":false},"excerpt":{"rendered":"<p>Dom Anuar Battisti Arcebispo Em\u00e9rito de Maring\u00e1 (PR)\u00a0 \u00a0 Amados irm\u00e3os e irm\u00e3s em Cristo,\u00a0 A liturgia deste terceiro domingo da Quaresma nos faz um forte apelo \u00e0 convers\u00e3o e \u00e0 miseric\u00f3rdia de Deus. A Quaresma \u00e9 um tempo de renova\u00e7\u00e3o interior, um chamado para que deixemos de lado o que nos afasta do Senhor &hellip;<\/p>\n<p class=\"read-more\"> <a class=\"\" href=\"https:\/\/www.cnbb.org.br\/um-chamado-para-a-conversao-e-a-misericordia-de-deus\/\"> <span class=\"screen-reader-text\">Um chamado para a convers\u00e3o e \u00e0 miseric\u00f3rdia de Deus!\u00a0<\/span> Leia mais &raquo;<\/a><\/p>\n","protected":false},"author":41,"featured_media":0,"comment_status":"closed","ping_status":"closed","sticky":false,"template":"","format":"standard","meta":{"site-sidebar-layout":"default","site-content-layout":"default","ast-global-header-display":"","ast-banner-title-visibility":"","ast-main-header-display":"","ast-hfb-above-header-display":"","ast-hfb-below-header-display":"","ast-hfb-mobile-header-display":"","site-post-title":"","ast-breadcrumbs-content":"","ast-featured-img":"","footer-sml-layout":"","theme-transparent-header-meta":"default","adv-header-id-meta":"","stick-header-meta":"","header-above-stick-meta":"","header-main-stick-meta":"","header-below-stick-meta":""},"categories":[758],"tags":[],"acf":[],"_links":{"self":[{"href":"https:\/\/www.cnbb.org.br\/cnbb-app\/wp\/v2\/posts\/978923"}],"collection":[{"href":"https:\/\/www.cnbb.org.br\/cnbb-app\/wp\/v2\/posts"}],"about":[{"href":"https:\/\/www.cnbb.org.br\/cnbb-app\/wp\/v2\/types\/post"}],"author":[{"embeddable":true,"href":"https:\/\/www.cnbb.org.br\/cnbb-app\/wp\/v2\/users\/41"}],"replies":[{"embeddable":true,"href":"https:\/\/www.cnbb.org.br\/cnbb-app\/wp\/v2\/comments?post=978923"}],"version-history":[{"count":1,"href":"https:\/\/www.cnbb.org.br\/cnbb-app\/wp\/v2\/posts\/978923\/revisions"}],"predecessor-version":[{"id":978924,"href":"https:\/\/www.cnbb.org.br\/cnbb-app\/wp\/v2\/posts\/978923\/revisions\/978924"}],"wp:attachment":[{"href":"https:\/\/www.cnbb.org.br\/cnbb-app\/wp\/v2\/media?parent=978923"}],"wp:term":[{"taxonomy":"category","embeddable":true,"href":"https:\/\/www.cnbb.org.br\/cnbb-app\/wp\/v2\/categories?post=978923"},{"taxonomy":"post_tag","embeddable":true,"href":"https:\/\/www.cnbb.org.br\/cnbb-app\/wp\/v2\/tags?post=978923"}],"curies":[{"name":"wp","href":"https:\/\/api.w.org\/{rel}","templated":true}]}}