{"id":978933,"date":"2025-03-21T09:31:59","date_gmt":"2025-03-21T12:31:59","guid":{"rendered":"https:\/\/www.cnbb.org.br\/?p=978933"},"modified":"2025-03-21T09:44:01","modified_gmt":"2025-03-21T12:44:01","slug":"vivencias-em-ecologia-integral-curso-promove-formacao-e-praticas-alinhadas-a-campanha-da-fraternidade-2025","status":"publish","type":"post","link":"https:\/\/www.cnbb.org.br\/vivencias-em-ecologia-integral-curso-promove-formacao-e-praticas-alinhadas-a-campanha-da-fraternidade-2025\/","title":{"rendered":"Viv\u00eancias em ecologia integral: curso promove forma\u00e7\u00e3o e pr\u00e1ticas alinhadas \u00e0 Campanha da Fraternidade 2025"},"content":{"rendered":"<p style=\"text-align: justify;\"><span data-contrast=\"auto\">Em sintonia com a Campanha da Fraternidade 2025, que tem como tema &#8220;Fraternidade e Ecologia Integral&#8221;, a Confer\u00eancia Nacional dos Institutos Seculares do Brasil (CNISB), em parceria com a Universidade Franciscana, as Pastorais Universit\u00e1ria e da Educa\u00e7\u00e3o e o Instituto Franciscano de Espiritualidades e Humanidades, lan\u00e7a o Curso de Extens\u00e3o &#8220;Viv\u00eancias em Ecologia Integral&#8221;.<\/span><span data-ccp-props=\"{&quot;201341983&quot;:0,&quot;335551550&quot;:6,&quot;335551620&quot;:6,&quot;335559738&quot;:120,&quot;335559739&quot;:120,&quot;335559740&quot;:300}\">\u00a0<\/span><\/p>\n<p style=\"text-align: justify;\"><span data-contrast=\"auto\">O curso tem como proposta integrar forma\u00e7\u00e3o te\u00f3rica e viv\u00eancias pr\u00e1ticas, oferecendo uma experi\u00eancia transformadora que inspire a\u00e7\u00f5es concretas em prol da ecologia integral, alinhadas aos valores evang\u00e9licos e ao cuidado com a Casa Comum.<\/span><span data-ccp-props=\"{&quot;201341983&quot;:0,&quot;335551550&quot;:6,&quot;335551620&quot;:6,&quot;335559738&quot;:120,&quot;335559739&quot;:120,&quot;335559740&quot;:300}\">\u00a0<\/span><\/p>\n<p style=\"text-align: justify;\"><span data-contrast=\"auto\">Viv\u00eancias em Ecologia Integral \u00e9 uma iniciativa que combina atividades formativas e momentos de contempla\u00e7\u00e3o, conduzidos por especialistas, mestres e doutores, com base nos princ\u00edpios das enc\u00edclicas Laudato Si&#8217; e Laudate Deum, do Papa Francisco. O objetivo \u00e9 promover uma compreens\u00e3o profunda da rela\u00e7\u00e3o do ser humano com o meio ambiente, destacando a import\u00e2ncia da integralidade da vida e do respeito \u00e0 cria\u00e7\u00e3o.<\/span><span data-ccp-props=\"{&quot;201341983&quot;:0,&quot;335551550&quot;:6,&quot;335551620&quot;:6,&quot;335559738&quot;:120,&quot;335559739&quot;:120,&quot;335559740&quot;:300}\">\u00a0<\/span><\/p>\n<p style=\"text-align: justify;\"><span data-contrast=\"auto\">O curso \u00e9 <\/span>gratuito<span data-contrast=\"auto\">, com carga hor\u00e1ria de 25 horas, e ser\u00e1 realizado na modalidade online, proporcionando flexibilidade para os participantes. As aulas ocorrer\u00e3o entre 28 de mar\u00e7o e 30 de outubro de 2025, sendo voltadas para todos que desejam aprofundar seus conhecimentos e pr\u00e1ticas em ecologia integral. A proposta \u00e9 inspirar a\u00e7\u00f5es concretas alinhadas aos valores evang\u00e9licos, promovendo o respeito e a rever\u00eancia \u00e0 integralidade da vida e ao cuidado com a Casa Comum.<\/span><span data-ccp-props=\"{&quot;201341983&quot;:0,&quot;335551550&quot;:6,&quot;335551620&quot;:6,&quot;335559738&quot;:120,&quot;335559739&quot;:120,&quot;335559740&quot;:300}\">\u00a0<\/span><\/p>\n<h3 style=\"text-align: justify;\">Inscri\u00e7\u00f5es abertas!<\/h3>\n<p style=\"text-align: justify;\"><span data-contrast=\"auto\">Para mais informa\u00e7\u00f5es e inscri\u00e7\u00f5es, acesse o site da o curso [<\/span><a href=\"https:\/\/site.ufn.edu.br\/pagina\/vivencias-em-ecologia-integral\/\" target=\"_blank\" rel=\"noopener\"><span data-contrast=\"none\">AQUI<\/span><\/a><span data-contrast=\"auto\">] ou entre em contato atrav\u00e9s do e-mail <\/span><a href=\"mailto:extensao@ufn.edu.br\"><span data-contrast=\"none\">extensao@ufn.edu.br<\/span><\/a><span data-contrast=\"auto\"> e telefone: (55) 3220-1204.<\/span><span data-ccp-props=\"{&quot;201341983&quot;:0,&quot;335551550&quot;:6,&quot;335551620&quot;:6,&quot;335559738&quot;:120,&quot;335559739&quot;:120,&quot;335559740&quot;:300}\">\u00a0<\/span><\/p>\n<p>&nbsp;<\/p>\n<pre>Com informa\u00e7\u00f5es da CNISB<\/pre>\n<p style=\"text-align: justify;\"><span data-ccp-props=\"{&quot;201341983&quot;:0,&quot;335551550&quot;:6,&quot;335551620&quot;:6,&quot;335559738&quot;:120,&quot;335559739&quot;:120,&quot;335559740&quot;:300}\">\u00a0<\/span><\/p>\n<p style=\"text-align: justify;\"><span data-ccp-props=\"{&quot;201341983&quot;:0,&quot;335551550&quot;:6,&quot;335551620&quot;:6,&quot;335559739&quot;:0,&quot;335559740&quot;:240}\">\u00a0<\/span><\/p>\n","protected":false},"excerpt":{"rendered":"<p>Em sintonia com a CF 2025, que tem como tema &#8220;Fraternidade e Ecologia Integral&#8221;, a Confer\u00eancia Nacional dos Institutos Seculares do Brasil (CNISB), em parceria com a Universidade Franciscana, as Pastorais Universit\u00e1ria e da Educa\u00e7\u00e3o e o Instituto Franciscano de Espiritualidades e Humanidades, lan\u00e7a o Curso de Extens\u00e3o &#8220;Viv\u00eancias em Ecologia Integral&#8221;<\/p>\n","protected":false},"author":141,"featured_media":978941,"comment_status":"closed","ping_status":"closed","sticky":false,"template":"","format":"standard","meta":{"site-sidebar-layout":"default","site-content-layout":"default","ast-global-header-display":"","ast-banner-title-visibility":"","ast-main-header-display":"","ast-hfb-above-header-display":"","ast-hfb-below-header-display":"","ast-hfb-mobile-header-display":"","site-post-title":"","ast-breadcrumbs-content":"","ast-featured-img":"","footer-sml-layout":"","theme-transparent-header-meta":"default","adv-header-id-meta":"","stick-header-meta":"","header-above-stick-meta":"","header-main-stick-meta":"","header-below-stick-meta":""},"categories":[882,50],"tags":[3872],"acf":[],"_links":{"self":[{"href":"https:\/\/www.cnbb.org.br\/cnbb-app\/wp\/v2\/posts\/978933"}],"collection":[{"href":"https:\/\/www.cnbb.org.br\/cnbb-app\/wp\/v2\/posts"}],"about":[{"href":"https:\/\/www.cnbb.org.br\/cnbb-app\/wp\/v2\/types\/post"}],"author":[{"embeddable":true,"href":"https:\/\/www.cnbb.org.br\/cnbb-app\/wp\/v2\/users\/141"}],"replies":[{"embeddable":true,"href":"https:\/\/www.cnbb.org.br\/cnbb-app\/wp\/v2\/comments?post=978933"}],"version-history":[{"count":6,"href":"https:\/\/www.cnbb.org.br\/cnbb-app\/wp\/v2\/posts\/978933\/revisions"}],"predecessor-version":[{"id":978940,"href":"https:\/\/www.cnbb.org.br\/cnbb-app\/wp\/v2\/posts\/978933\/revisions\/978940"}],"wp:featuredmedia":[{"embeddable":true,"href":"https:\/\/www.cnbb.org.br\/cnbb-app\/wp\/v2\/media\/978941"}],"wp:attachment":[{"href":"https:\/\/www.cnbb.org.br\/cnbb-app\/wp\/v2\/media?parent=978933"}],"wp:term":[{"taxonomy":"category","embeddable":true,"href":"https:\/\/www.cnbb.org.br\/cnbb-app\/wp\/v2\/categories?post=978933"},{"taxonomy":"post_tag","embeddable":true,"href":"https:\/\/www.cnbb.org.br\/cnbb-app\/wp\/v2\/tags?post=978933"}],"curies":[{"name":"wp","href":"https:\/\/api.w.org\/{rel}","templated":true}]}}