{"id":978943,"date":"2025-03-21T11:22:04","date_gmt":"2025-03-21T14:22:04","guid":{"rendered":"https:\/\/www.cnbb.org.br\/?p=978943"},"modified":"2025-03-21T11:27:38","modified_gmt":"2025-03-21T14:27:38","slug":"papa-francisco-cada-vocacao-na-igreja-e-sinal-de-esperanca-que-deus-nutre-pelo-mundo","status":"publish","type":"post","link":"https:\/\/www.cnbb.org.br\/papa-francisco-cada-vocacao-na-igreja-e-sinal-de-esperanca-que-deus-nutre-pelo-mundo\/","title":{"rendered":"Mensagem para o 62\u00aa Mundial das Voca\u00e7\u00f5es: \u201ccada voca\u00e7\u00e3o na Igreja \u00e9 sinal de esperan\u00e7a que Deus nutre pelo mundo\u201d"},"content":{"rendered":"<div class=\"article__subTitle\" style=\"text-align: justify;\">\n<p>Em sua Mensagem para o 62\u00b0 Dia Mundial de Ora\u00e7\u00e3o pelas Voca\u00e7\u00f5es, que ser\u00e1 celebrado em 11 de maio pr\u00f3ximo, Francisco convida os jovens a &#8220;n\u00e3o ignorar o grito de tantos irm\u00e3os e irm\u00e3s que se sentem exclu\u00eddos, feridos e abandonados&#8221;. &#8220;Toda a voca\u00e7\u00e3o, sentida na profundidade do cora\u00e7\u00e3o, faz germinar uma resposta como impulso interior ao amor e ao servi\u00e7o, como fonte de esperan\u00e7a e caridade e n\u00e3o como busca de autoafirma\u00e7\u00e3o&#8221;, escreve o Papa.<\/p>\n<\/div>\n<p style=\"text-align: justify;\">Foi divulgada, nesta quarta-feira (19\/3), a mensagem do Papa Francisco para o <a href=\"https:\/\/www.vatican.va\/content\/francesco\/pt\/messages\/vocations\/documents\/20250319-messaggio-62-gm-vocazioni.html\" target=\"_blank\" rel=\"external noopener\">62\u00ba Dia Mundial de Ora\u00e7\u00e3o pelas Voca\u00e7\u00f5es<\/a>\u00a0que ser\u00e1 celebrado em 11 de maio pr\u00f3ximo, IV Domingo de P\u00e1scoa.<\/p>\n<p style=\"text-align: justify;\">A mensagem do Pont\u00edfice tem como tema &#8220;Peregrinos de esperan\u00e7a: o dom da vida&#8221; e nela o Papa afirma que &#8220;a voca\u00e7\u00e3o \u00e9 um dom precioso que Deus semeia nos cora\u00e7\u00f5es, um chamado a sair de si mesmo para trilhar um caminho de amor e servi\u00e7o&#8221;.<\/p>\n<h3 style=\"text-align: justify;\">Caminho vocacional das novas gera\u00e7\u00f5es<\/h3>\n<p style=\"text-align: justify;\">Segundo Francisco, &#8220;cada voca\u00e7\u00e3o na Igreja \u2013 seja laical, seja ao minist\u00e9rio ordenado, seja \u00e0 vida consagrada \u2013 \u00e9 sinal da esperan\u00e7a que Deus nutre pelo mundo e por cada um dos seus filhos&#8221;.<\/p>\n<p style=\"text-align: justify;\">&#8220;Neste nosso tempo, muitos jovens sentem-se perdidos em rela\u00e7\u00e3o ao futuro. Frequentemente vivem na incerteza quanto \u00e0s perspectivas de emprego e, l\u00e1 no fundo, experimentam uma crise de identidade que \u00e9 uma crise de sentido e de valores, que a confus\u00e3o digital torna ainda mais dif\u00edcil de atravessar&#8221;, escreve o Papa.<\/p>\n<p style=\"text-align: justify;\">&#8220;A injusti\u00e7a para com os fracos e os pobres, a indiferen\u00e7a do bem-estar ego\u00edsta e a viol\u00eancia da guerra amea\u00e7am os projetos de vida boa que cultivam no seu \u00edntimo&#8221;, sublinha Francisco. &#8220;Contudo, o Senhor, que conhece o cora\u00e7\u00e3o do homem, n\u00e3o nos abandona na inseguran\u00e7a; pelo contr\u00e1rio, quer suscitar em cada um a consci\u00eancia de ser amado, chamado e enviado como peregrino de esperan\u00e7a&#8221;, destaca.<\/p>\n<p style=\"text-align: justify;\">De acordo com o Papa, &#8220;os membros adultos da Igreja, especialmente os pastores&#8221;, s\u00e3o &#8220;convidados a acolher, discernir e acompanhar o caminho vocacional das novas gera\u00e7\u00f5es&#8221;, e &#8220;os jovens s\u00e3o chamados a ser nele protagonistas, ou melhor, coprotagonistas com o Esp\u00edrito Santo, que suscita&#8221; neles &#8220;o desejo de fazer da vida um dom de amor&#8221;.<\/p>\n<h3>O mundo precisa peregrinos de esperan\u00e7a<\/h3>\n<p style=\"text-align: justify;\">Em sua mensagem, o Papa se det\u00e9m em tr\u00eas pontos: o primeiro, acolher o pr\u00f3prio caminho vocacional. Citando um trecho da Exorta\u00e7\u00e3o Apost\u00f3lica p\u00f3s-sinodal Christus vivit, o Papa afirma que a vida dos jovens &#8220;n\u00e3o \u00e9 &#8220;entretanto&#8221; e que eles s\u00e3o &#8220;o agora de Deus&#8221;. &#8220;\u00c9 necess\u00e1rio tomar consci\u00eancia de que o dom da vida exige uma resposta generosa e fiel&#8221;, escreve Francisco, convidando os jovens a olharem &#8220;para os jovens santos e beatos que responderam com alegria ao chamado do Senhor: Santa Rosa de Lima, S\u00e3o Domingos S\u00e1vio, Santa Teresa do Menino Jesus, S\u00e3o Gabriel de Nossa Senhora das Dores, os Beatos \u2013 que em breve ser\u00e3o Santos \u2013 Carlo Acutis e Pier Giorgio Frassati, e muitos outros&#8221;. &#8220;Cada um deles&#8221;, ressalta o Pont\u00edfice, &#8220;viveu a voca\u00e7\u00e3o como um caminho para a felicidade plena, na rela\u00e7\u00e3o com Jesus vivo. Quando escutamos a sua palavra, o nosso cora\u00e7\u00e3o arde e sentimos o desejo de consagrar a vida a Deus! Desejamos descobrir de que modo, em que forma de vida \u00e9 poss\u00edvel retribuir o amor que Ele primeiro nos d\u00e1&#8221;.<\/p>\n<p style=\"text-align: justify;\">Segundo o Papa, &#8220;toda voca\u00e7\u00e3o, sentida na profundidade do cora\u00e7\u00e3o, faz germinar uma resposta como impulso interior ao amor e ao servi\u00e7o, como fonte de esperan\u00e7a e caridade e n\u00e3o como busca de autoafirma\u00e7\u00e3o. Voca\u00e7\u00e3o e esperan\u00e7a entrela\u00e7am-se, portanto, no projeto divino pela alegria de cada homem e mulher, todos eles chamados em primeira pessoa a oferecer a sua vida pelos outros&#8221;.<\/p>\n<p style=\"text-align: justify;\">O Papa recorda na mensagem que &#8220;s\u00e3o muitos os jovens que procuram conhecer o caminho que Deus os chama a percorrer: alguns constatam \u2013 muitas vezes com surpresa \u2013 a voca\u00e7\u00e3o ao sacerd\u00f3cio ou \u00e0 vida consagrada; outros descobrem a beleza do chamado ao matrim\u00f4nio e \u00e0 vida familiar, bem como ao compromisso com o bem comum e ao testemunho da f\u00e9 entre colegas e amigos&#8221;.<\/p>\n<p style=\"text-align: justify;\">\u201cToda voca\u00e7\u00e3o \u00e9 animada pela esperan\u00e7a, que se traduz em confian\u00e7a na Provid\u00eancia. Com efeito, para o crist\u00e3o, ter esperan\u00e7a \u00e9 mais do que um simples otimismo humano: \u00e9 antes uma certeza enraizada na f\u00e9 em Deus, que age na hist\u00f3ria de cada pessoa\u201d.<\/p>\n<blockquote>\n<p style=\"text-align: justify;\">&#8220;E, deste modo, a voca\u00e7\u00e3o amadurece atrav\u00e9s do compromisso quotidiano de fidelidade ao Evangelho, na ora\u00e7\u00e3o, no discernimento e no servi\u00e7o&#8221;, escreve Francisco.<\/p>\n<\/blockquote>\n<p style=\"text-align: justify;\">O Papa recorda aos jovens que &#8220;a esperan\u00e7a em Deus n\u00e3o engana, porque Ele guia os passos de quem a Ele se entrega. O mundo precisa de jovens peregrinos de esperan\u00e7a, corajosos em dedicar a sua vida a Cristo, cheios de alegria por serem seus disc\u00edpulos-mission\u00e1rios&#8221;.<\/p>\n<h3 style=\"text-align: justify;\">A voca\u00e7\u00e3o passa pelo discernimento<\/h3>\n<p style=\"text-align: justify;\">No segundo ponto, discernir o pr\u00f3prio caminho vocacional, Francisco escreve que &#8220;a descoberta da pr\u00f3pria voca\u00e7\u00e3o passa por um caminho de discernimento. Este percurso nunca \u00e9 solit\u00e1rio, mas desenvolve-se no seio da comunidade crist\u00e3 e com ela&#8221;.<\/p>\n<p style=\"text-align: justify;\">Segundo o Pont\u00edfice, o mundo induz os jovens &#8220;a fazer escolhas precipitadas e a encher os dias de barulho, impedindo a experi\u00eancia de um sil\u00eancio aberto a Deus, que fala ao cora\u00e7\u00e3o&#8221;. &#8220;Tenham a coragem de parar, de escutar dentro de voc\u00eas e de perguntar a Deus o que Ele sonha para voc\u00eas. O sil\u00eancio da ora\u00e7\u00e3o \u00e9 indispens\u00e1vel para \u201cinterpretar\u201d o chamado de Deus na pr\u00f3pria hist\u00f3ria e para dar uma resposta livre e consciente&#8221;, escreve Francisco.<\/p>\n<p style=\"text-align: justify;\">De acordo com o Papa, o recolhimento ajuda a &#8220;compreender que todos podemos ser peregrinos de esperan\u00e7a se fizermos da nossa vida um dom, especialmente a servi\u00e7o daqueles que habitam as periferias materiais e existenciais do mundo&#8221;.<\/p>\n<p style=\"text-align: justify;\">Segundo Francisco, &#8220;quem se p\u00f5e a escutar Deus que chama n\u00e3o pode ignorar o grito de tantos irm\u00e3os e irm\u00e3s que se sentem exclu\u00eddos, feridos e abandonados. Cada voca\u00e7\u00e3o abre para a miss\u00e3o de ser presen\u00e7a de Cristo onde mais se sente necessidade de luz e consola\u00e7\u00e3o. Em particular, os fi\u00e9is leigos s\u00e3o chamados a ser \u201csal, luz e fermento\u201d do Reino de Deus, atrav\u00e9s do compromisso social e profissional&#8221;.<\/p>\n<h3 style=\"text-align: justify;\">A voca\u00e7\u00e3o se fortalece na comunidade<\/h3>\n<p style=\"text-align: justify;\">No terceiro ponto, acompanhar o caminho vocacional, o Papa convida &#8220;os agentes pastorais e vocacionais, especialmente os conselheiros espirituais&#8221;, a n\u00e3o terem &#8220;medo de acompanhar os jovens com a esperan\u00e7osa e paciente confian\u00e7a da pedagogia divina. Trata-se de ser para eles pessoas capazes de escuta e acolhimento respeitoso; pessoas em quem podem confiar, guias s\u00e1bios, dispon\u00edveis para os ajudar e atentos a reconhecer os sinais de Deus no seu caminho&#8221;.<\/p>\n<p style=\"text-align: justify;\">Francisco exorta a promover &#8220;o cuidado da voca\u00e7\u00e3o crist\u00e3 nos v\u00e1rios campos da vida e da atividade humana, favorecendo a abertura espiritual de cada pessoa \u00e0 voz de Deus. Para este fim, \u00e9 importante que os itiner\u00e1rios educativos e pastorais contemplem espa\u00e7os adequados para o acompanhamento das voca\u00e7\u00f5es&#8221;.<\/p>\n<p style=\"text-align: justify;\">O Pont\u00edfice recorda que &#8220;a Igreja precisa de pastores, religiosos, mission\u00e1rios e esposos que, com confian\u00e7a e esperan\u00e7a, saibam dizer \u201csim\u201d ao Senhor. A voca\u00e7\u00e3o nunca \u00e9 um tesouro que fica fechado no cora\u00e7\u00e3o, mas cresce e se fortalece na comunidade que cr\u00ea, ama e espera. E como ningu\u00e9m pode responder sozinho ao chamado de Deus, todos temos necessidade da ora\u00e7\u00e3o e do apoio dos nossos irm\u00e3os e irm\u00e3s&#8221;.<\/p>\n<h3 style=\"text-align: justify;\">A Igreja fecunda em voca\u00e7\u00f5es<\/h3>\n<p style=\"text-align: justify;\">De acordo com Francisco, &#8220;a Igreja \u00e9 viva e fecunda quando gera novas voca\u00e7\u00f5es. E o mundo, muitas vezes inconscientemente, procura testemunhas de esperan\u00e7a que anunciem com a vida que seguir Cristo \u00e9 fonte de alegria. N\u00e3o nos cansemos de pedir ao Senhor novos oper\u00e1rios para a sua messe, certos de que Ele continua chamando com amor&#8221;.<\/p>\n<p style=\"text-align: justify;\">&#8220;Queridos jovens, confio o seu seguimento de Jesus \u00e0 intercess\u00e3o de Maria, M\u00e3e da Igreja e das voca\u00e7\u00f5es. Caminhem sempre como peregrinos da esperan\u00e7a no caminho do Evangelho&#8221;, conclui o Papa.<\/p>\n<pre>Com informa\u00e7\u00f5es <a href=\"https:\/\/www.vaticannews.va\/pt.html\" target=\"_blank\" rel=\"noopener\">VaticanNews<\/a><\/pre>\n","protected":false},"excerpt":{"rendered":"<p>Em sua Mensagem para o 62\u00b0 Dia Mundial de Ora\u00e7\u00e3o pelas Voca\u00e7\u00f5es, que ser\u00e1 celebrado em 11 de maio pr\u00f3ximo Papa escreve: &#8220;Toda a voca\u00e7\u00e3o, sentida na profundidade do cora\u00e7\u00e3o, faz germinar uma resposta como impulso interior ao amor e ao servi\u00e7o, como fonte de esperan\u00e7a e caridade e n\u00e3o como busca de autoafirma\u00e7\u00e3o&#8221;<\/p>\n","protected":false},"author":142,"featured_media":978944,"comment_status":"closed","ping_status":"closed","sticky":false,"template":"","format":"standard","meta":{"site-sidebar-layout":"default","site-content-layout":"default","ast-global-header-display":"","ast-banner-title-visibility":"","ast-main-header-display":"","ast-hfb-above-header-display":"","ast-hfb-below-header-display":"","ast-hfb-mobile-header-display":"","site-post-title":"","ast-breadcrumbs-content":"","ast-featured-img":"","footer-sml-layout":"","theme-transparent-header-meta":"default","adv-header-id-meta":"","stick-header-meta":"","header-above-stick-meta":"","header-main-stick-meta":"","header-below-stick-meta":""},"categories":[50,838],"tags":[5930],"acf":[],"_links":{"self":[{"href":"https:\/\/www.cnbb.org.br\/cnbb-app\/wp\/v2\/posts\/978943"}],"collection":[{"href":"https:\/\/www.cnbb.org.br\/cnbb-app\/wp\/v2\/posts"}],"about":[{"href":"https:\/\/www.cnbb.org.br\/cnbb-app\/wp\/v2\/types\/post"}],"author":[{"embeddable":true,"href":"https:\/\/www.cnbb.org.br\/cnbb-app\/wp\/v2\/users\/142"}],"replies":[{"embeddable":true,"href":"https:\/\/www.cnbb.org.br\/cnbb-app\/wp\/v2\/comments?post=978943"}],"version-history":[{"count":7,"href":"https:\/\/www.cnbb.org.br\/cnbb-app\/wp\/v2\/posts\/978943\/revisions"}],"predecessor-version":[{"id":978950,"href":"https:\/\/www.cnbb.org.br\/cnbb-app\/wp\/v2\/posts\/978943\/revisions\/978950"}],"wp:featuredmedia":[{"embeddable":true,"href":"https:\/\/www.cnbb.org.br\/cnbb-app\/wp\/v2\/media\/978944"}],"wp:attachment":[{"href":"https:\/\/www.cnbb.org.br\/cnbb-app\/wp\/v2\/media?parent=978943"}],"wp:term":[{"taxonomy":"category","embeddable":true,"href":"https:\/\/www.cnbb.org.br\/cnbb-app\/wp\/v2\/categories?post=978943"},{"taxonomy":"post_tag","embeddable":true,"href":"https:\/\/www.cnbb.org.br\/cnbb-app\/wp\/v2\/tags?post=978943"}],"curies":[{"name":"wp","href":"https:\/\/api.w.org\/{rel}","templated":true}]}}