{"id":978991,"date":"2025-03-24T08:55:34","date_gmt":"2025-03-24T11:55:34","guid":{"rendered":"https:\/\/www.cnbb.org.br\/?p=978991"},"modified":"2025-03-24T09:00:23","modified_gmt":"2025-03-24T12:00:23","slug":"amar-e-perseverar-no-caminho-de-conversao","status":"publish","type":"post","link":"https:\/\/www.cnbb.org.br\/amar-e-perseverar-no-caminho-de-conversao\/","title":{"rendered":"Amar e perseverar no caminho de convers\u00e3o\u00a0"},"content":{"rendered":"<p style=\"text-align: right;\"><strong>Dom Jos\u00e9 Gislon<\/strong><br \/>\n<strong>Bispo de Caxias do Sul (RS)<\/strong><\/p>\n<p>&nbsp;<\/p>\n<p>&nbsp;<\/p>\n<p style=\"text-align: justify;\"><span data-contrast=\"auto\">Estimados irm\u00e3os e irm\u00e3s em Cristo Jesus! No in\u00edcio da Quaresma, durante a imposi\u00e7\u00e3o das cinzas, ouvimos a frase: \u201c<\/span><i><span data-contrast=\"auto\">Convertei-vos e crede no Evangelho\u201d<\/span><\/i><span data-contrast=\"auto\">. Percorrer este caminho de convers\u00e3o, que passa pelo cora\u00e7\u00e3o do ser humano, \u00e9 um convite que est\u00e1 ao alcance de todos aqueles que acreditam no amor e na miseric\u00f3rdia de Deus.\u00a0<\/span><span data-ccp-props=\"{&quot;201341983&quot;:0,&quot;335551550&quot;:6,&quot;335551620&quot;:6,&quot;335559739&quot;:0,&quot;335559740&quot;:240}\">\u00a0<\/span><\/p>\n<p style=\"text-align: justify;\"><span data-contrast=\"auto\">O caminho que nos \u00e9 proposto no sagrado Tempo da Quaresma \u00e9 de convers\u00e3o, pelas pr\u00e1ticas do jejum, da ora\u00e7\u00e3o e da caridade. Mas n\u00e3o devemos fazer dicotomia ou separa\u00e7\u00e3o entre os tr\u00eas elementos que marcam a nossa caminhada espiritual no sagrado Tempo Quaresma. Porque, se assim o fizermos, estaremos correndo o risco de ficarmos na superficialidade, na hipocrisia de tentar apenas apaziguar a voz da consci\u00eancia, sem ouvir a voz do cora\u00e7\u00e3o que quer viver em profunda comunh\u00e3o com os irm\u00e3os, a partir da comunh\u00e3o espiritual com o Senhor Jesus.<\/span><span data-ccp-props=\"{&quot;201341983&quot;:0,&quot;335551550&quot;:6,&quot;335551620&quot;:6,&quot;335559740&quot;:240}\">\u00a0<\/span><\/p>\n<p style=\"text-align: justify;\"><span data-contrast=\"auto\">Nem sempre o nosso caminho quaresmal \u00e9 marcado por conquistas, podemos tamb\u00e9m experimentar as quedas e o fracasso de retroceder na nossa vida de f\u00e9 ou na caminhada de convers\u00e3o, depois de termos percorrido, de joelhos e entre l\u00e1grimas, um longo caminho. Isso pode acontecer porque talvez tenhamos apostado muito nas nossas pr\u00f3prias for\u00e7as e pouco na gra\u00e7a e na miseric\u00f3rdia de Deus. Preparamo-nos para fazer uma maratona quando o caminho de convers\u00e3o proposto, no sagrado Tempo da Quaresma, nos pede para dar um pequeno passo por dia, ou quem sabe por semana, para que os outros possam caminhar conosco e nos sustentar de forma fraterna e solid\u00e1ria na hora do cansa\u00e7o e do des\u00e2nimo.\u00a0<\/span><span data-ccp-props=\"{&quot;201341983&quot;:0,&quot;335551550&quot;:6,&quot;335551620&quot;:6,&quot;335559740&quot;:240}\">\u00a0<\/span><\/p>\n<p style=\"text-align: justify;\"><span data-contrast=\"auto\">Pode acontecer que depois das primeiras semanas da Quaresma comecemos a sentir o peso da cruz, que abra\u00e7amos com entusiasmo no in\u00edcio, como parte do nosso projeto pessoal de convers\u00e3o. E sentindo a cruz pesar, julgamos que seria mais f\u00e1cil abandon\u00e1-la, em vez de renovar as for\u00e7as com mais empenho na ora\u00e7\u00e3o, no jejum e na caridade, para manter acesa a chama de esperan\u00e7a e poder chegar ao final do caminho que nos propomos a percorrer, no in\u00edcio deste tempo sagrado.\u00a0<\/span><span data-ccp-props=\"{&quot;201341983&quot;:0,&quot;335551550&quot;:6,&quot;335551620&quot;:6,&quot;335559740&quot;:240}\">\u00a0<\/span><\/p>\n<p style=\"text-align: justify;\"><span data-contrast=\"auto\">Quem sabe, pessoalmente, fizeste este prop\u00f3sito de joelhos, em ora\u00e7\u00e3o; colocaste diante do Senhor uma inten\u00e7\u00e3o que era muito especial no teu cora\u00e7\u00e3o, e o Senhor acolheu tua ora\u00e7\u00e3o, tua dor, teu sil\u00eancio e teu prop\u00f3sito. Ele se disp\u00f4s a caminhar contigo e te sustentar com o seu amor e a sua miseric\u00f3rdia. Por que queres agora deixar a cruz que marca o teu caminho de convers\u00e3o, abandonando-a \u00e0 margem do caminho, sem chegar ao destino? O que te faz desistir? A falta de for\u00e7as? Ou est\u00e1s cedendo ao dom\u00ednio da pregui\u00e7a, do comodismo, do orgulho e da autossufici\u00eancia, que te leva a dispensar a companhia do Senhor Jesus?\u00a0<\/span><span data-ccp-props=\"{&quot;201341983&quot;:0,&quot;335551550&quot;:6,&quot;335551620&quot;:6,&quot;335559740&quot;:240}\">\u00a0<\/span><\/p>\n<p style=\"text-align: justify;\"><span data-contrast=\"auto\">\u00c0s vezes rejeitamos a \u201cluz do Senhor\u201d que ilumina o nosso caminhar, porque preferimos a companhia das trevas que est\u00e3o em n\u00f3s, e a elas estamos t\u00e3o apegados que preferimos abandonar as iniciativas para encontrar a \u2018luz\u2019. Mesmo assim, o Senhor n\u00e3o deixa de nos convidar para retomar a cruz e o caminho da convers\u00e3o. Ele est\u00e1 pr\u00f3ximo de n\u00f3s, com seu amor e sua miseric\u00f3rdia, no bem e na dor que marcam o nosso cora\u00e7\u00e3o e a nossa vida de \u201cPeregrinos de Esperan\u00e7a\u201d. Ele \u00e9 o b\u00e1lsamo da presen\u00e7a solid\u00e1ria que alivia as nossas dores e alimenta no nosso cora\u00e7\u00e3o a esperan\u00e7a, mesmo quando desistimos e deixamos a nossa cruz abandonada \u00e0 margem do caminho.<\/span><span data-ccp-props=\"{&quot;201341983&quot;:0,&quot;335551550&quot;:6,&quot;335551620&quot;:6,&quot;335559740&quot;:240}\">\u00a0<\/span><\/p>\n<p>&nbsp;<\/p>\n","protected":false},"excerpt":{"rendered":"<p>Dom Jos\u00e9 Gislon Bispo de Caxias do Sul (RS) &nbsp; &nbsp; Estimados irm\u00e3os e irm\u00e3s em Cristo Jesus! No in\u00edcio da Quaresma, durante a imposi\u00e7\u00e3o das cinzas, ouvimos a frase: \u201cConvertei-vos e crede no Evangelho\u201d. Percorrer este caminho de convers\u00e3o, que passa pelo cora\u00e7\u00e3o do ser humano, \u00e9 um convite que est\u00e1 ao alcance de &hellip;<\/p>\n<p class=\"read-more\"> <a class=\"\" href=\"https:\/\/www.cnbb.org.br\/amar-e-perseverar-no-caminho-de-conversao\/\"> <span class=\"screen-reader-text\">Amar e perseverar no caminho de convers\u00e3o\u00a0<\/span> Leia mais &raquo;<\/a><\/p>\n","protected":false},"author":20,"featured_media":0,"comment_status":"closed","ping_status":"closed","sticky":false,"template":"","format":"standard","meta":{"site-sidebar-layout":"default","site-content-layout":"default","ast-global-header-display":"","ast-banner-title-visibility":"","ast-main-header-display":"","ast-hfb-above-header-display":"","ast-hfb-below-header-display":"","ast-hfb-mobile-header-display":"","site-post-title":"","ast-breadcrumbs-content":"","ast-featured-img":"","footer-sml-layout":"","theme-transparent-header-meta":"default","adv-header-id-meta":"","stick-header-meta":"","header-above-stick-meta":"","header-main-stick-meta":"","header-below-stick-meta":""},"categories":[758],"tags":[],"acf":[],"_links":{"self":[{"href":"https:\/\/www.cnbb.org.br\/cnbb-app\/wp\/v2\/posts\/978991"}],"collection":[{"href":"https:\/\/www.cnbb.org.br\/cnbb-app\/wp\/v2\/posts"}],"about":[{"href":"https:\/\/www.cnbb.org.br\/cnbb-app\/wp\/v2\/types\/post"}],"author":[{"embeddable":true,"href":"https:\/\/www.cnbb.org.br\/cnbb-app\/wp\/v2\/users\/20"}],"replies":[{"embeddable":true,"href":"https:\/\/www.cnbb.org.br\/cnbb-app\/wp\/v2\/comments?post=978991"}],"version-history":[{"count":2,"href":"https:\/\/www.cnbb.org.br\/cnbb-app\/wp\/v2\/posts\/978991\/revisions"}],"predecessor-version":[{"id":978993,"href":"https:\/\/www.cnbb.org.br\/cnbb-app\/wp\/v2\/posts\/978991\/revisions\/978993"}],"wp:attachment":[{"href":"https:\/\/www.cnbb.org.br\/cnbb-app\/wp\/v2\/media?parent=978991"}],"wp:term":[{"taxonomy":"category","embeddable":true,"href":"https:\/\/www.cnbb.org.br\/cnbb-app\/wp\/v2\/categories?post=978991"},{"taxonomy":"post_tag","embeddable":true,"href":"https:\/\/www.cnbb.org.br\/cnbb-app\/wp\/v2\/tags?post=978991"}],"curies":[{"name":"wp","href":"https:\/\/api.w.org\/{rel}","templated":true}]}}