{"id":978998,"date":"2025-03-24T09:04:11","date_gmt":"2025-03-24T12:04:11","guid":{"rendered":"https:\/\/www.cnbb.org.br\/?p=978998"},"modified":"2025-03-24T09:05:10","modified_gmt":"2025-03-24T12:05:10","slug":"4o-domingo-da-quaresma-o-domingo-da-alegria","status":"publish","type":"post","link":"https:\/\/www.cnbb.org.br\/4o-domingo-da-quaresma-o-domingo-da-alegria\/","title":{"rendered":"4\u00ba Domingo da Quaresma: o domingo da Alegria\u00a0"},"content":{"rendered":"<p style=\"text-align: right;\"><b><span data-contrast=\"none\">Dom Anuar Battisti<\/span><\/b><span data-ccp-props=\"{&quot;201341983&quot;:0,&quot;335551550&quot;:2,&quot;335551620&quot;:2,&quot;335559731&quot;:708,&quot;335559739&quot;:160,&quot;335559740&quot;:278}\"><br \/>\n<\/span><b><span data-contrast=\"none\">Arcebispo Em\u00e9rito de Maring\u00e1 (PR)<\/span><\/b><span data-ccp-props=\"{&quot;201341983&quot;:0,&quot;335551550&quot;:2,&quot;335551620&quot;:2,&quot;335559731&quot;:708,&quot;335559739&quot;:160,&quot;335559740&quot;:278}\">\u00a0<\/span><\/p>\n<p><span data-ccp-props=\"{&quot;134233117&quot;:true,&quot;134233118&quot;:true,&quot;201341983&quot;:0,&quot;335551550&quot;:6,&quot;335551620&quot;:6,&quot;335559731&quot;:708,&quot;335559739&quot;:160,&quot;335559740&quot;:240}\">\u00a0<\/span><\/p>\n<p style=\"text-align: justify;\"><span data-contrast=\"none\">A caminhada quaresmal nos conduz, semana ap\u00f3s semana, a um profundo itiner\u00e1rio de convers\u00e3o e prepara\u00e7\u00e3o para a P\u00e1scoa. No 4\u00ba Domingo da Quaresma, celebramos o Domingo <\/span><b><i><span data-contrast=\"none\">Laetare,<\/span><\/i><\/b><span data-contrast=\"none\"> ou Domingo da Alegria, um momento especial em meio ao recolhimento e penit\u00eancia da Quaresma.<\/span><span data-ccp-props=\"{&quot;134233117&quot;:true,&quot;134233118&quot;:true,&quot;201341983&quot;:0,&quot;335551550&quot;:6,&quot;335551620&quot;:6,&quot;335559731&quot;:708,&quot;335559739&quot;:160,&quot;335559740&quot;:240}\">\u00a0<\/span><\/p>\n<p style=\"text-align: justify;\"><span data-contrast=\"none\">A palavra <\/span><b><i><span data-contrast=\"none\">\u201cLaetare\u201d<\/span><\/i><\/b><span data-contrast=\"none\"> vem do latim e significa \u201cAlegra-te\u201d, inspirada na ant\u00edfona de entrada da Missa:<\/span><span data-ccp-props=\"{&quot;134233117&quot;:true,&quot;134233118&quot;:true,&quot;201341983&quot;:0,&quot;335551550&quot;:6,&quot;335551620&quot;:6,&quot;335559731&quot;:708,&quot;335559739&quot;:160,&quot;335559740&quot;:240}\">\u00a0<\/span><\/p>\n<p style=\"text-align: justify;\"><i><span data-contrast=\"none\">\u201cAlegra-te, Jerusal\u00e9m! Reuni-vos, todos v\u00f3s que a amais; exultai de alegria, v\u00f3s que estais tristes, para que sejais saciados com a abund\u00e2ncia de suas consola\u00e7\u00f5es\u201d<\/span><\/i><span data-contrast=\"none\"> (cf. Is 66,10-11).<\/span><span data-ccp-props=\"{&quot;201341983&quot;:0,&quot;335551550&quot;:6,&quot;335551620&quot;:6,&quot;335559731&quot;:708,&quot;335559739&quot;:0,&quot;335559740&quot;:240}\">\u00a0<\/span><\/p>\n<p style=\"text-align: justify;\"><span data-contrast=\"none\">Esse domingo representa um respiro em meio ao tempo penitencial, um convite \u00e0 esperan\u00e7a, pois j\u00e1 vislumbramos a proximidade da P\u00e1scoa. O tom lit\u00fargico se suaviza, permitindo at\u00e9 o uso da cor rosa nas vestes sacerdotais, sinalizando a alegria que brota da certeza da reden\u00e7\u00e3o.<\/span><span data-ccp-props=\"{&quot;134233117&quot;:true,&quot;134233118&quot;:true,&quot;201341983&quot;:0,&quot;335551550&quot;:6,&quot;335551620&quot;:6,&quot;335559731&quot;:708,&quot;335559739&quot;:160,&quot;335559740&quot;:240}\">\u00a0<\/span><\/p>\n<p style=\"text-align: justify;\"><span data-contrast=\"none\">O Evangelho proclamado neste domingo \u00e9 uma das mais belas passagens das Escrituras: a par\u00e1bola do filho pr\u00f3digo (Lc 15,11-32) ou como o Papa Francisco gosta de chamar de \u201cPai misericordioso\u201d. Nela, Jesus revela a infinita miseric\u00f3rdia de Deus, que sempre espera o retorno de Seus filhos.<\/span><span data-ccp-props=\"{&quot;134233117&quot;:true,&quot;134233118&quot;:true,&quot;201341983&quot;:0,&quot;335551550&quot;:6,&quot;335551620&quot;:6,&quot;335559731&quot;:708,&quot;335559739&quot;:160,&quot;335559740&quot;:240}\">\u00a0<\/span><\/p>\n<p style=\"text-align: justify;\"><span data-contrast=\"none\">A par\u00e1bola nos apresenta tr\u00eas personagens centrais:<\/span><span data-ccp-props=\"{&quot;134233117&quot;:true,&quot;134233118&quot;:true,&quot;201341983&quot;:0,&quot;335551550&quot;:6,&quot;335551620&quot;:6,&quot;335559731&quot;:708,&quot;335559739&quot;:160,&quot;335559740&quot;:240}\">\u00a0<\/span><\/p>\n<ol style=\"text-align: justify;\">\n<li><b><span data-contrast=\"none\">1<\/span><\/b><span data-contrast=\"none\">. O filho mais novo, que abandona a casa do pai e desperdi\u00e7a sua heran\u00e7a, mas, arrependido, decide voltar.<\/span><\/li>\n<li><b><span data-contrast=\"none\">2<\/span><\/b><span data-contrast=\"none\">. O pai, que, cheio de amor e compaix\u00e3o, corre ao encontro do filho perdido e o recebe com festa.<\/span><\/li>\n<li><b><span data-contrast=\"none\">3<\/span><\/b><span data-contrast=\"none\">. O filho mais velho, que, mesmo estando sempre na casa do pai, tem dificuldade em compreender a alegria do perd\u00e3o.<\/span><\/li>\n<\/ol>\n<p style=\"text-align: justify;\"><span data-contrast=\"none\">Este relato nos ensina que Deus \u00e9 um Pai misericordioso, que n\u00e3o rejeita ningu\u00e9m e que nos chama sempre para o Seu abra\u00e7o de amor.<\/span><span data-ccp-props=\"{&quot;134233117&quot;:true,&quot;134233118&quot;:true,&quot;201341983&quot;:0,&quot;335551550&quot;:6,&quot;335551620&quot;:6,&quot;335559731&quot;:708,&quot;335559739&quot;:160,&quot;335559740&quot;:240}\">\u00a0<\/span><\/p>\n<p style=\"text-align: justify;\"><span data-contrast=\"none\">O 4\u00ba Domingo da Quaresma nos convida a refletir:<\/span><span data-ccp-props=\"{&quot;134233117&quot;:true,&quot;134233118&quot;:true,&quot;201341983&quot;:0,&quot;335551550&quot;:6,&quot;335551620&quot;:6,&quot;335559731&quot;:708,&quot;335559739&quot;:160,&quot;335559740&quot;:240}\">\u00a0<\/span><\/p>\n<ul style=\"text-align: justify;\">\n<li><span data-contrast=\"none\"> Tenho me afastado do Pai como o filho pr\u00f3digo?<\/span><\/li>\n<li><span data-contrast=\"none\"> Sou capaz de reconhecer minha necessidade de convers\u00e3o?<\/span><\/li>\n<li><span data-contrast=\"none\"> N\u00e3o sou autossuficiente, ou de cora\u00e7\u00e3o fechado e raivoso como o filho mais velho?<\/span><\/li>\n<li><span data-contrast=\"none\"> Tenho dificuldade em acolher a miseric\u00f3rdia de Deus para mim e para os outros?<\/span><\/li>\n<\/ul>\n<p style=\"text-align: justify;\"><span data-contrast=\"none\">Assim como o pai da par\u00e1bola, Deus nos espera de bra\u00e7os abertos. O Sacramento da Confiss\u00e3o, ou da Penit\u00eancia ou da Reconcilia\u00e7\u00e3o se torna um caminho privilegiado para experimentarmos essa gra\u00e7a restauradora, especialmente neste tempo quaresmal.<\/span><span data-ccp-props=\"{&quot;134233117&quot;:true,&quot;134233118&quot;:true,&quot;201341983&quot;:0,&quot;335551550&quot;:6,&quot;335551620&quot;:6,&quot;335559731&quot;:708,&quot;335559739&quot;:160,&quot;335559740&quot;:240}\">\u00a0<\/span><\/p>\n<p style=\"text-align: justify;\"><span data-contrast=\"none\">O Domingo da Alegria nos recorda que a Quaresma n\u00e3o \u00e9 apenas um tempo de penit\u00eancia, mas tamb\u00e9m de esperan\u00e7a. Caminhamos rumo \u00e0 P\u00e1scoa certos de que Cristo venceu o pecado e a morte, e que a miseric\u00f3rdia de Deus nos restaura e renova.<\/span><span data-ccp-props=\"{&quot;134233117&quot;:true,&quot;134233118&quot;:true,&quot;201341983&quot;:0,&quot;335551550&quot;:6,&quot;335551620&quot;:6,&quot;335559731&quot;:708,&quot;335559739&quot;:160,&quot;335559740&quot;:240}\">\u00a0<\/span><\/p>\n<p style=\"text-align: justify;\"><span data-contrast=\"none\">Que possamos, neste domingo, abrir o cora\u00e7\u00e3o ao Senhor, redescobrindo a alegria do Seu amor e nos preparando com fervor para celebrar a Ressurrei\u00e7\u00e3o de Cristo.<\/span><span data-ccp-props=\"{&quot;134233117&quot;:true,&quot;134233118&quot;:true,&quot;201341983&quot;:0,&quot;335551550&quot;:6,&quot;335551620&quot;:6,&quot;335559731&quot;:708,&quot;335559739&quot;:160,&quot;335559740&quot;:240}\">\u00a0<\/span><\/p>\n<p style=\"text-align: justify;\">\n","protected":false},"excerpt":{"rendered":"<p>Dom Anuar Battisti Arcebispo Em\u00e9rito de Maring\u00e1 (PR)\u00a0 \u00a0 A caminhada quaresmal nos conduz, semana ap\u00f3s semana, a um profundo itiner\u00e1rio de convers\u00e3o e prepara\u00e7\u00e3o para a P\u00e1scoa. No 4\u00ba Domingo da Quaresma, celebramos o Domingo Laetare, ou Domingo da Alegria, um momento especial em meio ao recolhimento e penit\u00eancia da Quaresma.\u00a0 A palavra \u201cLaetare\u201d &hellip;<\/p>\n<p class=\"read-more\"> <a class=\"\" href=\"https:\/\/www.cnbb.org.br\/4o-domingo-da-quaresma-o-domingo-da-alegria\/\"> <span class=\"screen-reader-text\">4\u00ba Domingo da Quaresma: o domingo da Alegria\u00a0<\/span> Leia mais &raquo;<\/a><\/p>\n","protected":false},"author":41,"featured_media":0,"comment_status":"closed","ping_status":"closed","sticky":false,"template":"","format":"standard","meta":{"site-sidebar-layout":"default","site-content-layout":"default","ast-global-header-display":"","ast-banner-title-visibility":"","ast-main-header-display":"","ast-hfb-above-header-display":"","ast-hfb-below-header-display":"","ast-hfb-mobile-header-display":"","site-post-title":"","ast-breadcrumbs-content":"","ast-featured-img":"","footer-sml-layout":"","theme-transparent-header-meta":"default","adv-header-id-meta":"","stick-header-meta":"","header-above-stick-meta":"","header-main-stick-meta":"","header-below-stick-meta":""},"categories":[758],"tags":[],"acf":[],"_links":{"self":[{"href":"https:\/\/www.cnbb.org.br\/cnbb-app\/wp\/v2\/posts\/978998"}],"collection":[{"href":"https:\/\/www.cnbb.org.br\/cnbb-app\/wp\/v2\/posts"}],"about":[{"href":"https:\/\/www.cnbb.org.br\/cnbb-app\/wp\/v2\/types\/post"}],"author":[{"embeddable":true,"href":"https:\/\/www.cnbb.org.br\/cnbb-app\/wp\/v2\/users\/41"}],"replies":[{"embeddable":true,"href":"https:\/\/www.cnbb.org.br\/cnbb-app\/wp\/v2\/comments?post=978998"}],"version-history":[{"count":2,"href":"https:\/\/www.cnbb.org.br\/cnbb-app\/wp\/v2\/posts\/978998\/revisions"}],"predecessor-version":[{"id":979000,"href":"https:\/\/www.cnbb.org.br\/cnbb-app\/wp\/v2\/posts\/978998\/revisions\/979000"}],"wp:attachment":[{"href":"https:\/\/www.cnbb.org.br\/cnbb-app\/wp\/v2\/media?parent=978998"}],"wp:term":[{"taxonomy":"category","embeddable":true,"href":"https:\/\/www.cnbb.org.br\/cnbb-app\/wp\/v2\/categories?post=978998"},{"taxonomy":"post_tag","embeddable":true,"href":"https:\/\/www.cnbb.org.br\/cnbb-app\/wp\/v2\/tags?post=978998"}],"curies":[{"name":"wp","href":"https:\/\/api.w.org\/{rel}","templated":true}]}}