{"id":979094,"date":"2025-03-26T09:10:45","date_gmt":"2025-03-26T12:10:45","guid":{"rendered":"https:\/\/www.cnbb.org.br\/?p=979094"},"modified":"2025-03-26T09:17:48","modified_gmt":"2025-03-26T12:17:48","slug":"caridade-amar-com-o-amor-de-cristo","status":"publish","type":"post","link":"https:\/\/www.cnbb.org.br\/caridade-amar-com-o-amor-de-cristo\/","title":{"rendered":"Caridade: amar com o amor de Cristo!"},"content":{"rendered":"<p style=\"text-align: right;\"><strong>Dom Carlos Jos\u00e9<br \/>\nBispo de Apucarana (PR)\u00a0<\/strong><\/p>\n<p><b><span data-contrast=\"none\"><\/p>\n<p><\/span><\/b><\/p>\n<p style=\"text-align: justify;\"><b><i><span data-contrast=\"auto\">\u201c\u00c9 agora o momento favor\u00e1vel, \u00e9 agora o dia da salva\u00e7\u00e3o\u201d. (2Cor 6,1-2)<\/span><\/i><\/b><span data-ccp-props=\"{&quot;201341983&quot;:0,&quot;335551550&quot;:6,&quot;335551620&quot;:6,&quot;335559739&quot;:0,&quot;335559740&quot;:240}\">\u00a0<\/span><\/p>\n<p style=\"text-align: justify;\"><span data-contrast=\"auto\">O per\u00edodo quaresmal \u00e9 o tempo favor\u00e1vel para nos indagarmos: como cumpro os mandamentos de Deus? Para onde a minha viv\u00eancia pessoal e comunit\u00e1ria est\u00e1 me levando? Rever os pr\u00f3prios passos, examinar atitudes pessoais e comunit\u00e1rias \u00e9 essencial para chegarmos \u00e0 P\u00e1scoa\u00a0 renovados na f\u00e9 e nas atitudes. Na Quaresma nos \u00e9 dada a oportunidade de vivermos um verdadeiro retiro espiritual, onde, sob a un\u00e7\u00e3o do Esp\u00edrito Santo, possamos nascer de novo para uma vida mais santa. Entre o saber o que devemos fazer e a pratica dessas atitudes h\u00e1 que se dar um passo corajoso para mudan\u00e7a de h\u00e1bitos. Jesus nos ensina a pr\u00e1tica da caridade e faz dela, a caridade, um novo mandamento de amor! Ele, o Filho de Deus, nos manifesta, caridosamente, o Amor do Pai que Ele recebeu! E, nos diz: \u201cAmai-vos uns aos outros como Eu vos amei\u201d (Jo 15,12). A caridade \u00e9 fruto do Esp\u00edrito Santo e da plenitude da lei. <\/span><i><span data-contrast=\"auto\">\u201cA caridade \u00e9 paciente, prestativa e n\u00e3o \u00e9 invejosa, n\u00e3o se ostenta nem se incha de orgulho. A caridade n\u00e3o procura seus pr\u00f3prios interesses e n\u00e3o guarda rancor. A caridade tudo desculpa, tudo cr\u00ea, tudo espera, tudo suporta\u201d<\/span><\/i><span data-contrast=\"auto\"> (1Cor 13,4-7). A pr\u00e1tica da Caridade implica em fazer ao outro o que gostar\u00edamos que fizessem conosco. N\u00e3o \u00e9 apenas dar algo ao outro, mas \u00e9 dar-se ao outro! \u00c9 olhar para o pr\u00f3ximo, entender quais s\u00e3o suas necessidades:\u00a0 materiais ou espirituais? \u00c9 muito f\u00e1cil dar algo: um dinheiro, uma comida ou roupas, por\u00e9m, o mais dif\u00edcil \u00e9 dar nosso tempo, nossa palavra e um pouco de aconchego. Caridade \u00e9 olhar nos olhos do mais necessitado e, com amor, dar-lhe um pouco de nossa ess\u00eancia. Ao olharmos para Jesus na Cruz, vemos que Ele se deu por inteiro a todos, Ele n\u00e3o selecionou alguns para serem beneficiados pela sua morte! Porque ent\u00e3o, n\u00f3s dever\u00edamos escolher a quem ajudar? Quaresma \u00e9 tempo de renova\u00e7\u00e3o, de autoavalia\u00e7\u00e3o e discernimento. O que eu aprendi de jesus, eu coloco em pr\u00e1tica? Ou simplesmente doo o que me sobra para aliviar minha consci\u00eancia? Aprender e exercitar a pr\u00e1tica da caridade neste tempo quaresmal, nos far\u00e1 chegarmos \u00e0 Pascoa definitiva, \u00e0 vida eterna, com as m\u00e3os carregadas daquilo que ofertamos aqui, aos nossos irm\u00e3os. <\/span><span data-contrast=\"none\">A ora\u00e7\u00e3o, o jejum, a penit\u00eancia e a caridade s\u00e3o meios de crescimento espiritual e convers\u00e3o. Olhemos para a Quaresma como uma excelente oportunidade de purifica\u00e7\u00e3o interior, para que fa\u00e7amos escolhas que favore\u00e7am a obra que Deus quer realizar em n\u00f3s e atrav\u00e9s de n\u00f3s. <\/span><i><span data-contrast=\"none\">\u201cPara onde irei, longe do vosso Esp\u00edrito? Para onde fugir, apartado de vosso olhar? \u201d\u00a0 <\/span><\/i><span data-contrast=\"none\">(Sal 138, 7<\/span><i><span data-contrast=\"none\">). <\/span><\/i><span data-contrast=\"none\">Caminhamos para onde dirigimos nossos passos. Que a Virgem Maria, M\u00e3e de Lourdes e\u00a0 Senhora da Quaresma interceda por nossa convers\u00e3o.<\/span><span data-ccp-props=\"{&quot;201341983&quot;:0,&quot;335551550&quot;:6,&quot;335551620&quot;:6,&quot;335559739&quot;:0,&quot;335559740&quot;:240}\">\u00a0<\/span><\/p>\n<p style=\"text-align: justify;\">\n","protected":false},"excerpt":{"rendered":"<p>Dom Carlos Jos\u00e9 Bispo de Apucarana (PR)\u00a0 \u201c\u00c9 agora o momento favor\u00e1vel, \u00e9 agora o dia da salva\u00e7\u00e3o\u201d. (2Cor 6,1-2)\u00a0 O per\u00edodo quaresmal \u00e9 o tempo favor\u00e1vel para nos indagarmos: como cumpro os mandamentos de Deus? Para onde a minha viv\u00eancia pessoal e comunit\u00e1ria est\u00e1 me levando? Rever os pr\u00f3prios passos, examinar atitudes pessoais e &hellip;<\/p>\n<p class=\"read-more\"> <a class=\"\" href=\"https:\/\/www.cnbb.org.br\/caridade-amar-com-o-amor-de-cristo\/\"> <span class=\"screen-reader-text\">Caridade: amar com o amor de Cristo!<\/span> Leia mais &raquo;<\/a><\/p>\n","protected":false},"author":101,"featured_media":0,"comment_status":"closed","ping_status":"closed","sticky":false,"template":"","format":"standard","meta":{"site-sidebar-layout":"default","site-content-layout":"default","ast-global-header-display":"","ast-banner-title-visibility":"","ast-main-header-display":"","ast-hfb-above-header-display":"","ast-hfb-below-header-display":"","ast-hfb-mobile-header-display":"","site-post-title":"","ast-breadcrumbs-content":"","ast-featured-img":"","footer-sml-layout":"","theme-transparent-header-meta":"default","adv-header-id-meta":"","stick-header-meta":"","header-above-stick-meta":"","header-main-stick-meta":"","header-below-stick-meta":""},"categories":[758,1837],"tags":[],"acf":[],"_links":{"self":[{"href":"https:\/\/www.cnbb.org.br\/cnbb-app\/wp\/v2\/posts\/979094"}],"collection":[{"href":"https:\/\/www.cnbb.org.br\/cnbb-app\/wp\/v2\/posts"}],"about":[{"href":"https:\/\/www.cnbb.org.br\/cnbb-app\/wp\/v2\/types\/post"}],"author":[{"embeddable":true,"href":"https:\/\/www.cnbb.org.br\/cnbb-app\/wp\/v2\/users\/101"}],"replies":[{"embeddable":true,"href":"https:\/\/www.cnbb.org.br\/cnbb-app\/wp\/v2\/comments?post=979094"}],"version-history":[{"count":2,"href":"https:\/\/www.cnbb.org.br\/cnbb-app\/wp\/v2\/posts\/979094\/revisions"}],"predecessor-version":[{"id":979096,"href":"https:\/\/www.cnbb.org.br\/cnbb-app\/wp\/v2\/posts\/979094\/revisions\/979096"}],"wp:attachment":[{"href":"https:\/\/www.cnbb.org.br\/cnbb-app\/wp\/v2\/media?parent=979094"}],"wp:term":[{"taxonomy":"category","embeddable":true,"href":"https:\/\/www.cnbb.org.br\/cnbb-app\/wp\/v2\/categories?post=979094"},{"taxonomy":"post_tag","embeddable":true,"href":"https:\/\/www.cnbb.org.br\/cnbb-app\/wp\/v2\/tags?post=979094"}],"curies":[{"name":"wp","href":"https:\/\/api.w.org\/{rel}","templated":true}]}}