{"id":979215,"date":"2025-03-27T16:08:38","date_gmt":"2025-03-27T19:08:38","guid":{"rendered":"https:\/\/www.cnbb.org.br\/?p=979215"},"modified":"2025-03-27T16:08:38","modified_gmt":"2025-03-27T19:08:38","slug":"pre-cop-norte-encerra-com-alertas-e-propostas-aos-chefes-de-estados-da-conferencia-da-onu-sobre-o-clima","status":"publish","type":"post","link":"https:\/\/www.cnbb.org.br\/pre-cop-norte-encerra-com-alertas-e-propostas-aos-chefes-de-estados-da-conferencia-da-onu-sobre-o-clima\/","title":{"rendered":"Pr\u00e9-COP Norte encerra com alertas e propostas aos chefes de estados da Confer\u00eancia da ONU sobre o Clima"},"content":{"rendered":"<p style=\"text-align: justify;\">O Regional Norte 2, em Bel\u00e9m (PA), recebeu nos \u00faltimos dois dias (25 e 26), o primeiro dos cinco encontros regionais preparat\u00f3rio para a COP30, a \u2018PRE-COP NORTE\u2019 do Projeto \u2018Igreja Rumo \u00e0 COP 30\u2019, realizado pela Confer\u00eancia Nacional dos Bispos do Brasil (CNBB), que atrav\u00e9s de forma\u00e7\u00f5es voltadas para lideran\u00e7as da Igreja, promoveu um entendimento mais profundo sobre as mudan\u00e7as clim\u00e1ticas e suas consequ\u00eancias.<\/p>\n<p style=\"text-align: justify;\">Durante a tarde de ontem foi trabalhado junto com os presentes os \u2018Eixos Tem\u00e1ticos da Confer\u00eancia do Clima\u2019 que foram debatidos por eixo tem\u00e1tico como desmatamento zero, converg\u00eancia entre clima e biodiversidade, transi\u00e7\u00e3o ecol\u00f3gica e energ\u00e9tica para uma economia de baixo carbono e financiamento.<\/p>\n<p style=\"text-align: justify;\">A professora Ima Vieira, pesquisadora do Museu Emilio Goeldi, revelou uma transforma\u00e7\u00e3o profunda e preocupante do maior bioma tropical do planeta durante o terceiro painel \u2018Crise clim\u00e1tica e eventos extremos no bioma amaz\u00f4nico e \u00e1rea litor\u00e2nea da macrorregi\u00e3o Norte\u2019, e fez uma panor\u00e2mica sobre a crise ambiental que a Amaz\u00f4nia enfrenta h\u00e1 mais de tr\u00eas d\u00e9cadas ap\u00f3s a C\u00fapula da Terra no Rio de Janeiro em 1992.<\/p>\n<p style=\"text-align: justify;\">\u201cAs mudan\u00e7as clim\u00e1ticas t\u00eam provocado altera\u00e7\u00f5es dram\u00e1ticas na regi\u00e3o com o aumento de temperatura que amplificam significativamente o risco de inc\u00eandios e provocam impactos devastadores na regi\u00e3o&#8221;, alertou.<\/p>\n<h3>Incid\u00eancia da Igreja na COP30<\/h3>\n<p style=\"text-align: justify;\">Divididos por grupos os participantes, ao final do dia, debateram sobre o \u2018Documento de Base e Subs\u00eddio para a Incid\u00eancia Pol\u00edtica da Igreja na COP 30 \u2013 Um chamado \u00e0 convers\u00e3o ecol\u00f3gica, forma\u00e7\u00e3o e resist\u00eancia \u00e0s falsas solu\u00e7\u00f5es clim\u00e1ticas\u2019 que exige, de todos, uma postura prof\u00e9tica, que denuncie falsas solu\u00e7\u00f5es clim\u00e1ticas e anuncie a esperan\u00e7a de uma nova sociedade, baseada na justi\u00e7a, na fraternidade universal com todas as criaturas e no cuidado com a Casa Comum, refletindo a esperan\u00e7a de que a COP 30 seja um marco de resist\u00eancia e transforma\u00e7\u00e3o, guiada pela for\u00e7a das comunidades e pela vis\u00e3o de uma igreja em sa\u00edda, comprometida com a justi\u00e7a socioambiental e a dignidade de todos os seres.<\/p>\n<p style=\"text-align: justify;\">Francisco Meireles, presidente do Conselho Nacional do Laicato no Brasil no Regional Norte 1 \u2013 CNLB N1 e membro do Conselho do Regional Norte 1 no Amazonas e Roraima, acredita ser importante a participa\u00e7\u00e3o de todos os meios e agentes sociais dentro da Igreja para refletir sobre a Pr\u00e9-COP.<\/p>\n<p style=\"text-align: justify;\">\u201cA import\u00e2ncia da PR\u00c9-COP para o Norte \u00e9 ter a participa\u00e7\u00e3o de todos os meios e agentes sociais envolvidos dentro da nossa Igreja Cat\u00f3lica, para que possamos refletir e trazer realmente as pautas que s\u00e3o de suma import\u00e2ncia para essa mudan\u00e7a clim\u00e1tica que est\u00e1 acontecendo nos \u00faltimos anos principalmente aqui no Brasil, na Amaz\u00f4nia. Que seja realmente frutuosa e que leve as nossas bases, as nossas comunidades, par\u00f3quias e \u00e1reas mission\u00e1rias, a reflex\u00e3o de um processo de mudan\u00e7a de atitude, de h\u00e1bito de cada pessoa\u201d, disse.<\/p>\n<h3>Propostas aos chefes de Estado da COP30<\/h3>\n<p style=\"text-align: justify;\">A Igreja do Norte do Brasil, reunida em Bel\u00e9m, coloca-se como porta-voz para ajudar os chefes de Estado a conhecerem a realidade da regi\u00e3o, como destacou o bispo da diocese de Carolina no Maranh\u00e3o, dom Francisco Lima Soares.\u00a0 &#8220;A Igreja se re\u00fane para propor e para lembrar que existem dificuldades nos povos ribeirinhos e nos povos da floresta, nas cidades, nas periferias das cidades e mostra que as mudan\u00e7as clim\u00e1ticas est\u00e3o corroborando para isso. Ent\u00e3o, \u00e9 importante que a Igreja tenha uma palavra no momento da COP 30&#8221;, afirmou.<\/p>\n<p style=\"text-align: justify;\">O encontro finalizou com uma Celebra\u00e7\u00e3o Eucar\u00edstica onde foi entregue um \u201cGuia para multiplica\u00e7\u00e3o\u201d e envio dos multiplicadores, sob a presid\u00eancia de dom Joaquim Hudson de Souza Ribeiro, bispo auxiliar da arquidiocese de Manaus, pertencente ao Regional Norte 1.<\/p>\n<p style=\"text-align: justify;\">O Pr\u00e9-COP Norte, foi o primeiro dos cinco encontros regionais preparat\u00f3rios para a COP30, a pr\u00f3xima reuni\u00e3o Pr\u00e9-COP Nordeste acontecer\u00e1 nos dias 11 e 12 de julho em Juazeiro (BA), seguido da Pr\u00e9-COP Sul de 18 a 20 de julho, em Governador Celso Ramos (SC), Pr\u00e9-COP Leste de 25 a 27 de julho, em Belo Horizonte (MG), finalizando com a Pr\u00e9-COP Centro-Oeste no dia 6 de agosto em Bonito (MS).<\/p>\n<p style=\"text-align: justify;\">A 30\u00aa Confer\u00eancia das Na\u00e7\u00f5es Unidas sobre as Mudan\u00e7as Clim\u00e1ticas de 2025, tamb\u00e9m chamada de COP30, acontecer\u00e1 na capital paraense no per\u00edodo de 10 a 21 de novembro.<\/p>\n<p><strong>Acesse neste link (aqui):<\/strong><br \/>\n<a href=\"https:\/\/cnbbn2.com.br\/pre-cop-norte-encerra-com-alertas-e-propostas-aos-chefes-de-estado-da-cop30-2\/\" target=\"_blank\" rel=\"noopener\">O documento base e subs\u00eddio sobre a incid\u00eancia da Igreja no COP-30<\/a><span class=\"screen-reader-text\"> (abrir em uma nova a<a style=\"font-size: 16px;\" href=\"https:\/\/cnbbn2.com.br\/pre-cop-norte-encerra-com-alertas-e-propostas-aos-chefes-de-estado-da-cop30-2\/\" target=\"_blank\" rel=\"noopener\">ncid\u00eancia da Igreja na COP30<\/a><\/span><\/p>\n<pre>Com informa\u00e7\u00f5es Vivian Marler - Comunica\u00e7\u00e3o Norte 2<\/pre>\n","protected":false},"excerpt":{"rendered":"<p>A pr\u00f3xima reuni\u00e3o Pr\u00e9-COP Nordeste acontecer\u00e1 nos dias 11 e 12 de julho em Juazeiro (BA), seguido da Pr\u00e9-COP Sul de 18 a 20 de julho, em Governador Celso Ramos (SC), Pr\u00e9-COP Leste de 25 a 27 de julho, em Belo Horizonte (MG), finalizando com a Pr\u00e9-COP Centro-Oeste no dia 6 de agosto em Bonito (MS)<\/p>\n","protected":false},"author":142,"featured_media":979216,"comment_status":"closed","ping_status":"closed","sticky":false,"template":"","format":"standard","meta":{"site-sidebar-layout":"default","site-content-layout":"default","ast-global-header-display":"","ast-banner-title-visibility":"","ast-main-header-display":"","ast-hfb-above-header-display":"","ast-hfb-below-header-display":"","ast-hfb-mobile-header-display":"","site-post-title":"","ast-breadcrumbs-content":"","ast-featured-img":"","footer-sml-layout":"","theme-transparent-header-meta":"default","adv-header-id-meta":"","stick-header-meta":"","header-above-stick-meta":"","header-main-stick-meta":"","header-below-stick-meta":""},"categories":[50,822],"tags":[5319],"acf":[],"_links":{"self":[{"href":"https:\/\/www.cnbb.org.br\/cnbb-app\/wp\/v2\/posts\/979215"}],"collection":[{"href":"https:\/\/www.cnbb.org.br\/cnbb-app\/wp\/v2\/posts"}],"about":[{"href":"https:\/\/www.cnbb.org.br\/cnbb-app\/wp\/v2\/types\/post"}],"author":[{"embeddable":true,"href":"https:\/\/www.cnbb.org.br\/cnbb-app\/wp\/v2\/users\/142"}],"replies":[{"embeddable":true,"href":"https:\/\/www.cnbb.org.br\/cnbb-app\/wp\/v2\/comments?post=979215"}],"version-history":[{"count":3,"href":"https:\/\/www.cnbb.org.br\/cnbb-app\/wp\/v2\/posts\/979215\/revisions"}],"predecessor-version":[{"id":979220,"href":"https:\/\/www.cnbb.org.br\/cnbb-app\/wp\/v2\/posts\/979215\/revisions\/979220"}],"wp:featuredmedia":[{"embeddable":true,"href":"https:\/\/www.cnbb.org.br\/cnbb-app\/wp\/v2\/media\/979216"}],"wp:attachment":[{"href":"https:\/\/www.cnbb.org.br\/cnbb-app\/wp\/v2\/media?parent=979215"}],"wp:term":[{"taxonomy":"category","embeddable":true,"href":"https:\/\/www.cnbb.org.br\/cnbb-app\/wp\/v2\/categories?post=979215"},{"taxonomy":"post_tag","embeddable":true,"href":"https:\/\/www.cnbb.org.br\/cnbb-app\/wp\/v2\/tags?post=979215"}],"curies":[{"name":"wp","href":"https:\/\/api.w.org\/{rel}","templated":true}]}}