{"id":979241,"date":"2025-03-28T11:17:54","date_gmt":"2025-03-28T14:17:54","guid":{"rendered":"https:\/\/www.cnbb.org.br\/?p=979241"},"modified":"2025-03-28T11:17:54","modified_gmt":"2025-03-28T14:17:54","slug":"cf-2025-conversao-superar-egoismo-e-consumismo","status":"publish","type":"post","link":"https:\/\/www.cnbb.org.br\/cf-2025-conversao-superar-egoismo-e-consumismo\/","title":{"rendered":"CF 2025 prop\u00f5e convers\u00e3o para superar as consequ\u00eancias do ego\u00edsmo e do consumismo"},"content":{"rendered":"<p>A tem\u00e1tica ambiental \u00e9 urgente e estamos numa \u00e9poca decisiva para o planeta. \u00c9 nesse contexto grave que a Campanha da Fraternidade (CF) 2025 afirma a necessidade de convers\u00e3o para que as atitudes individuais e coletivas n\u00e3o gerem um \u201ccolapso planet\u00e1rio\u201d. Para superar o ego\u00edsmo e o consumismo e outras atitudes prejudiciais \u00e0 cria\u00e7\u00e3o, \u00e9 proposto o conceito da Ecologia Integral, que diz respeito ao cuidado com a natureza e com as rela\u00e7\u00f5es que temos com as pessoas e o meio no qual estamos inseridos.<\/p>\n<p>&nbsp;<\/p>\n<h3>A Ecologia Integral<\/h3>\n<p>O texto-base da CF 2025 ensina que a Ecologia Integral n\u00e3o diz respeito somente \u00e0 preserva\u00e7\u00e3o do verde, mas \u201cde tudo que nos leva a uma vida de comunh\u00e3o, respeito e colabora\u00e7\u00e3o entre as pessoas e o mundo criado, no campo e na cidade\u201d.<\/p>\n<p>H\u00e1 tamb\u00e9m uma dimens\u00e3o espiritual da Ecologia Integral: &#8220;Professamos com alegria e gratid\u00e3o que Deus criou tudo com seu olhar amoroso. Todos os elementos materiais s\u00e3o bons, se orientados para a salva\u00e7\u00e3o dos seres humanos e de todas as criaturas\u201d, l\u00ea-se no n\u00famero 12 do texto. \u00c9 por isso que \u00e9 proposto o lema \u201cDeus viu que tudo era muito bom!\u201d (Gn 1, 31).<\/p>\n<p>&nbsp;<\/p>\n<h3>Convers\u00e3o<\/h3>\n<p>Como tempo de convers\u00e3o, a Quaresma \u00e9 oportunidade para rever e reestabelecer as rela\u00e7\u00f5es quebradas e \u201cintensificar o empenho no seguimento de Jesus, a rela\u00e7\u00e3o fraterna com as pessoas e com o mundo a nossa volta\u201d.<\/p>\n<p>A CF 2025 ensina que a exist\u00eancia humana se baseia sobre tr\u00eas rela\u00e7\u00f5es fundamentais intimamente ligadas: com Deus, entre os seres humanos e com a Terra. A convers\u00e3o, assim, \u00e9 o caminho para \u201cpara restabelecer a harmonia quebrada e continuamente amea\u00e7ada\u201d. A proposta da Igreja \u00e9 \u201csuperar a indiferen\u00e7a frente ao sofrimento da Terra e abandonar a idolatria dos desejos desordenados do consumismo e do materialismo\u201d.<\/p>\n<p>&nbsp;<\/p>\n<h3>Consumismo e do ego\u00edsmo<\/h3>\n<p>Na enc\u00edclica Laudato Si\u2019 &#8211; sobre o cuidado da casa comum, o Papa Francisco alerta para do \u201c<a href=\"https:\/\/www.vatican.va\/content\/francesco\/pt\/encyclicals\/documents\/papa-francesco_20150524_enciclica-laudato-si.html#:~:text=gastos%20sup%C3%A9rfluos.%20O-,consumismo,-obsessivo%20%C3%A9%20o\" target=\"_blank\" rel=\"noopener\">mecanismo consumista compulsivo<\/a>\u201d criado pelo mercado para a venda de seus produtos. Com essa artimanha, \u201cas pessoas acabam por ser arrastadas pelo turbilh\u00e3o das compras e gastos sup\u00e9rfluos\u201d.<\/p>\n<p>Soma-se a isso o \u201c<a href=\"https:\/\/www.vatican.va\/content\/francesco\/pt\/encyclicals\/documents\/papa-francesco_20150524_enciclica-laudato-si.html#:~:text=favorece%20formas%20de-,ego%C3%ADsmo,-colectivo%C2%BB.%5B145\" target=\"_blank\" rel=\"noopener\">ego\u00edsmo coletivo<\/a>\u201d, favorecido pelo \u201csentido de precariedade e inseguran\u00e7a do mundo atual. &#8220;Quando as pessoas se tornam autorreferenciais e se isolam na pr\u00f3pria consci\u00eancia, aumentam a sua voracidade: quanto mais vazio est\u00e1 o cora\u00e7\u00e3o da pessoa, tanto mais necessita de objetos para comprar, possuir e consumir\u201d, afirma o Papa Francisco.<\/p>\n<p>Nesse contexto de consumismo e ego\u00edsmo, como reflete o Papa, \u201cparece n\u00e3o ser poss\u00edvel, para uma pessoa, aceitar que a realidade lhe assinale limites; neste horizonte, n\u00e3o existe sequer um verdadeiro bem comum\u201d. Isso est\u00e1 relacionado, ent\u00e3o, \u00e0 possibilidade de \u201cterr\u00edveis fen\u00f4menos clim\u00e1ticos ou de grandes desastres naturais, mas tamb\u00e9m nas cat\u00e1strofes resultantes de crises sociais, porque a obsess\u00e3o por um estilo de vida consumista, sobretudo quando poucos t\u00eam possibilidades de o manter, s\u00f3 poder\u00e1 provocar viol\u00eancia e destrui\u00e7\u00e3o rec\u00edproca\u201d.<\/p>\n<p><img decoding=\"async\" loading=\"lazy\" class=\"aligncenter size-full wp-image-2316\" src=\"https:\/\/www.cnbb.org.br\/wp-content\/uploads\/2020\/02\/PapaFrancisco.jpg\" alt=\"\" width=\"666\" height=\"419\" srcset=\"https:\/\/www.cnbb.org.br\/wp-content\/uploads\/2020\/02\/PapaFrancisco.jpg 666w, https:\/\/www.cnbb.org.br\/wp-content\/uploads\/2020\/02\/PapaFrancisco-300x189.jpg 300w, https:\/\/www.cnbb.org.br\/wp-content\/uploads\/2020\/02\/PapaFrancisco-500x315.jpg 500w\" sizes=\"(max-width: 666px) 100vw, 666px\" \/><\/p>\n<p>&nbsp;<\/p>\n<h3>Supera\u00e7\u00e3o<\/h3>\n<p>Diante dessa realidade de degrada\u00e7\u00e3o, o mesmo Papa Francisco v\u00ea com esperan\u00e7a a possibilidade de a humanidade tamb\u00e9m se superar e &#8220;voltar a escolher o bem e regenerar-se, para al\u00e9m de qualquer condicionalismo psicol\u00f3gico e social que lhes seja imposto\u201d.<\/p>\n<blockquote><p>\u201cN\u00e3o h\u00e1 sistemas que anulem, por completo, a abertura ao bem, \u00e0 verdade e \u00e0 beleza, nem a capacidade de reagir que Deus continua a animar no mais fundo dos nossos cora\u00e7\u00f5es. A cada pessoa deste mundo, pe\u00e7o para n\u00e3o esquecer esta sua dignidade que ningu\u00e9m tem o direito de lhe tirar\u201d, motiva o Papa Francisco na Laudato Si\u2019.<\/p><\/blockquote>\n<p>O convite \u00e9 \u00e0 mudan\u00e7a nos estilos de vida. Retornando \u00e0 exorta\u00e7\u00e3o apost\u00f3lica Evangelii Gaudium, encontramos a motiva\u00e7\u00e3o para construir \u201crela\u00e7\u00f5es novas geradas por Jesus Cristo\u201d. A proposta \u00e9 \u201csair de si mesmo para se unir aos outros\u201d, pois \u201cfechar-se em si mesmo \u00e9 provar o veneno amargo da iman\u00eancia, e a humanidade perder\u00e1 com cada op\u00e7\u00e3o ego\u00edsta que fizermos\u201d.<\/p>\n<p>Na Laudato Si\u2019, o Papa retoma e motiva o desenvolvimento da capacidade de sair de si mesmo rumo ao outro: \u201cSem tal capacidade, n\u00e3o se reconhece \u00e0s outras criaturas o seu valor, n\u00e3o se sente interesse em cuidar de algo para os outros, n\u00e3o se consegue impor limites para evitar o sofrimento ou a degrada\u00e7\u00e3o do que nos rodeia\u201d.<\/p>\n<blockquote><p>\u201cQuando somos capazes de superar o individualismo, pode-se realmente desenvolver um estilo de vida alternativo e torna-se poss\u00edvel uma mudan\u00e7a relevante na sociedade\u201d, escreveu o Papa.<\/p><\/blockquote>\n<h3>A\u00e7\u00f5es pessoais<\/h3>\n<p>Essa supera\u00e7\u00e3o leva \u00e0s pequenas a\u00e7\u00f5es pessoais que geram mudan\u00e7as culturais: \u201co simples fato de mudar os h\u00e1bitos pessoais, familiares e comunit\u00e1rios alimenta a preocupa\u00e7\u00e3o e a indigna\u00e7\u00e3o contra o desinteresse dos poderosos\u201d, afirma o Papa na enc\u00edclica Laudate Deum.<\/p>\n<p>\u00c9 com essa motiva\u00e7\u00e3o que a Campanha da Fraternidade 2025 prop\u00f5e atitudes e iniciativas concretas nos \u00e2mbitos pessoal, comunit\u00e1rio e sociopol\u00edtico para realizar a Ecologia Integral a partir da nossa convers\u00e3o ecol\u00f3gica.<\/p>\n<p>No \u00e2mbito pessoal, a motiva\u00e7\u00e3o \u00e9 incrementar processos cont\u00ednuos de convers\u00e3o ecol\u00f3gica, reconhecendo-a como uma caminhada desafiadora, por\u00e9m essencial. A CF tamb\u00e9m sugere incluir nas atividades e a\u00e7\u00f5es pessoais a ora\u00e7\u00e3o e a contempla\u00e7\u00e3o, \u201cpermitindo-se experienciar momentos de reflex\u00e3o sobre nossa rela\u00e7\u00e3o com Deus, com os outros e toda a cria\u00e7\u00e3o\u201d.<\/p>\n<p>&nbsp;<\/p>\n<pre>Por Luiz Lopes Jr<\/pre>\n","protected":false},"excerpt":{"rendered":"<p>Diante da crise ambiental, Campanha da Fraternidade 2025 chama aten\u00e7\u00e3o para a urg\u00eancia de um novo estilo de vida baseado na ecologia integral: superar o ego\u00edsmo e o consumismo, contemplar a cria\u00e7\u00e3o e mudar h\u00e1bitos a partir de pequenas a\u00e7\u00f5es<\/p>\n","protected":false},"author":38,"featured_media":979242,"comment_status":"closed","ping_status":"closed","sticky":false,"template":"","format":"standard","meta":{"site-sidebar-layout":"default","site-content-layout":"default","ast-global-header-display":"","ast-banner-title-visibility":"","ast-main-header-display":"","ast-hfb-above-header-display":"","ast-hfb-below-header-display":"","ast-hfb-mobile-header-display":"","site-post-title":"","ast-breadcrumbs-content":"","ast-featured-img":"","footer-sml-layout":"","theme-transparent-header-meta":"default","adv-header-id-meta":"","stick-header-meta":"","header-above-stick-meta":"","header-main-stick-meta":"","header-below-stick-meta":""},"categories":[1840,760],"tags":[5522],"acf":[],"_links":{"self":[{"href":"https:\/\/www.cnbb.org.br\/cnbb-app\/wp\/v2\/posts\/979241"}],"collection":[{"href":"https:\/\/www.cnbb.org.br\/cnbb-app\/wp\/v2\/posts"}],"about":[{"href":"https:\/\/www.cnbb.org.br\/cnbb-app\/wp\/v2\/types\/post"}],"author":[{"embeddable":true,"href":"https:\/\/www.cnbb.org.br\/cnbb-app\/wp\/v2\/users\/38"}],"replies":[{"embeddable":true,"href":"https:\/\/www.cnbb.org.br\/cnbb-app\/wp\/v2\/comments?post=979241"}],"version-history":[{"count":1,"href":"https:\/\/www.cnbb.org.br\/cnbb-app\/wp\/v2\/posts\/979241\/revisions"}],"predecessor-version":[{"id":979243,"href":"https:\/\/www.cnbb.org.br\/cnbb-app\/wp\/v2\/posts\/979241\/revisions\/979243"}],"wp:featuredmedia":[{"embeddable":true,"href":"https:\/\/www.cnbb.org.br\/cnbb-app\/wp\/v2\/media\/979242"}],"wp:attachment":[{"href":"https:\/\/www.cnbb.org.br\/cnbb-app\/wp\/v2\/media?parent=979241"}],"wp:term":[{"taxonomy":"category","embeddable":true,"href":"https:\/\/www.cnbb.org.br\/cnbb-app\/wp\/v2\/categories?post=979241"},{"taxonomy":"post_tag","embeddable":true,"href":"https:\/\/www.cnbb.org.br\/cnbb-app\/wp\/v2\/tags?post=979241"}],"curies":[{"name":"wp","href":"https:\/\/api.w.org\/{rel}","templated":true}]}}