{"id":979345,"date":"2025-03-31T10:36:43","date_gmt":"2025-03-31T13:36:43","guid":{"rendered":"https:\/\/www.cnbb.org.br\/?p=979345"},"modified":"2025-03-31T10:37:18","modified_gmt":"2025-03-31T13:37:18","slug":"preservar-as-geleiras-essenciais-para-a-vida-2","status":"publish","type":"post","link":"https:\/\/www.cnbb.org.br\/preservar-as-geleiras-essenciais-para-a-vida-2\/","title":{"rendered":"Preservar as geleiras, essenciais para a vida\u00a0"},"content":{"rendered":"<p style=\"text-align: right;\"><strong>Dom Roberto Francisco Ferreria Paz\u00a0<\/strong><br \/>\n<strong>Bispo de Campos (RJ)<\/strong><\/p>\n<p style=\"text-align: justify;\"><span data-ccp-props=\"{&quot;201341983&quot;:0,&quot;335559739&quot;:240,&quot;335559740&quot;:240}\">\u00a0<\/span><\/p>\n<p style=\"text-align: justify;\"><span data-contrast=\"none\">O tema do dia mundial da \u00e1gua que se celebra no dia 22 de mar\u00e7o pela ONU desde 1993, conclama a preserva\u00e7\u00e3o das geleiras. A \u00e1gua de degelo\u202f \u00e9 de\u202f suma import\u00e2ncia para a \u00e1gua pot\u00e1vel, agricultura, ind\u00fastria, energia limpa e ecossistemas equilibrados e saud\u00e1veis.\u00a0<\/span><span data-ccp-props=\"{&quot;201341983&quot;:0,&quot;335551550&quot;:6,&quot;335551620&quot;:6,&quot;335559739&quot;:0,&quot;335559740&quot;:240}\">\u00a0<\/span><\/p>\n<p style=\"text-align: justify;\"><span data-contrast=\"none\">O r\u00e1pido e intenso processo de redu\u00e7\u00e3o e derretimento das geleiras \u00e9 um sinal inequ\u00edvoco do aquecimento global tornando o ciclo da \u00e1gua mais imprevis\u00edvel e externo. Outra constata\u00e7\u00e3o amea\u00e7adora \u00e9 que o recuo glacial causa devasta\u00e7\u00e3o, causando secas, inunda\u00e7\u00f5es, deslizamentos de terra e elevando o n\u00edvel do mar sendo um risco cada vez maior para popula\u00e7\u00f5es litor\u00e2neas e insulares que podem transformar-se rapidamente em refugiados clim\u00e1ticos.\u00a0<\/span><span data-ccp-props=\"{&quot;201341983&quot;:0,&quot;335551550&quot;:6,&quot;335551620&quot;:6,&quot;335559739&quot;:0,&quot;335559740&quot;:240}\">\u00a0<\/span><\/p>\n<p style=\"text-align: justify;\"><span data-contrast=\"none\">Torna-se necess\u00e1rio despertar a consci\u00eancia da gravidade do recuo glacial e trabalhar juntos em estrat\u00e9gias que reduzam efetivamente as emiss\u00f5es de gases de efeito estufa e gerenciar a \u00e1gua de degelo de forma mais sustent\u00e1vel para as pessoas e a Casa Comum.\u00a0<\/span><span data-ccp-props=\"{&quot;201341983&quot;:0,&quot;335551550&quot;:6,&quot;335551620&quot;:6,&quot;335559739&quot;:0,&quot;335559740&quot;:240}\">\u00a0<\/span><\/p>\n<p style=\"text-align: justify;\"><span data-contrast=\"none\">Este ano o tema da Campanha da Fraternidade nos convida a uma convers\u00e3o integral que nos leve a escutar o grito dos pobres e da Cria\u00e7\u00e3o, incluindo neste caso o grito da \u00e1gua nossa irm\u00e3 pura e casta que sustenta nossa vida. Nosso corpo \u00e9 constitu\u00eddo de 70% de \u00e1gua. Ao deixar de beber \u00e1gua, uma pessoa vive s\u00f3 tr\u00eas dias, porque perde 13 litros da \u00e1gua do corpo e morre. Por isso ela \u00e9 um bem p\u00fablico, um direito humano universal, que nenhuma criatura pode deixar de ter livre acesso.\u00a0<\/span><span data-ccp-props=\"{&quot;201341983&quot;:0,&quot;335551550&quot;:6,&quot;335551620&quot;:6,&quot;335559739&quot;:0,&quot;335559740&quot;:240}\">\u00a0<\/span><\/p>\n<p style=\"text-align: justify;\"><span data-contrast=\"none\">\u00c9 realmente perverso\u202f converte-la em ouro azul,\u202f mercadoria ou bem privado somente para quem possa pagar, violando o princ\u00edpio da destina\u00e7\u00e3o universal dos bens da terra. Cuidar da Casa Comum \u00e9 preservar as geleiras, defender a \u00e1gua para todas as pessoas e criaturas, nunca esque\u00e7amos que a \u00e1gua \u00e9 dom de Deus e fonte de vida, sinal da \u00e1gua viva que Jesus prometeu. Por um uso respons\u00e1vel e equitativo da \u00e1gua que respeite a justi\u00e7a e o bem comum da Cria\u00e7\u00e3o. Deus seja louvado!<\/span><span data-ccp-props=\"{&quot;201341983&quot;:0,&quot;335551550&quot;:6,&quot;335551620&quot;:6,&quot;335559739&quot;:0,&quot;335559740&quot;:240}\">\u00a0<\/span><\/p>\n","protected":false},"excerpt":{"rendered":"<p>Dom Roberto Francisco Ferreria Paz\u00a0 Bispo de Campos (RJ) \u00a0 O tema do dia mundial da \u00e1gua que se celebra no dia 22 de mar\u00e7o pela ONU desde 1993, conclama a preserva\u00e7\u00e3o das geleiras. A \u00e1gua de degelo\u202f \u00e9 de\u202f suma import\u00e2ncia para a \u00e1gua pot\u00e1vel, agricultura, ind\u00fastria, energia limpa e ecossistemas equilibrados e saud\u00e1veis.\u00a0\u00a0 &hellip;<\/p>\n<p class=\"read-more\"> <a class=\"\" href=\"https:\/\/www.cnbb.org.br\/preservar-as-geleiras-essenciais-para-a-vida-2\/\"> <span class=\"screen-reader-text\">Preservar as geleiras, essenciais para a vida\u00a0<\/span> Leia mais &raquo;<\/a><\/p>\n","protected":false},"author":23,"featured_media":0,"comment_status":"closed","ping_status":"closed","sticky":false,"template":"","format":"standard","meta":{"site-sidebar-layout":"default","site-content-layout":"default","ast-global-header-display":"","ast-banner-title-visibility":"","ast-main-header-display":"","ast-hfb-above-header-display":"","ast-hfb-below-header-display":"","ast-hfb-mobile-header-display":"","site-post-title":"","ast-breadcrumbs-content":"","ast-featured-img":"","footer-sml-layout":"","theme-transparent-header-meta":"default","adv-header-id-meta":"","stick-header-meta":"","header-above-stick-meta":"","header-main-stick-meta":"","header-below-stick-meta":""},"categories":[758],"tags":[],"acf":[],"_links":{"self":[{"href":"https:\/\/www.cnbb.org.br\/cnbb-app\/wp\/v2\/posts\/979345"}],"collection":[{"href":"https:\/\/www.cnbb.org.br\/cnbb-app\/wp\/v2\/posts"}],"about":[{"href":"https:\/\/www.cnbb.org.br\/cnbb-app\/wp\/v2\/types\/post"}],"author":[{"embeddable":true,"href":"https:\/\/www.cnbb.org.br\/cnbb-app\/wp\/v2\/users\/23"}],"replies":[{"embeddable":true,"href":"https:\/\/www.cnbb.org.br\/cnbb-app\/wp\/v2\/comments?post=979345"}],"version-history":[{"count":1,"href":"https:\/\/www.cnbb.org.br\/cnbb-app\/wp\/v2\/posts\/979345\/revisions"}],"predecessor-version":[{"id":979346,"href":"https:\/\/www.cnbb.org.br\/cnbb-app\/wp\/v2\/posts\/979345\/revisions\/979346"}],"wp:attachment":[{"href":"https:\/\/www.cnbb.org.br\/cnbb-app\/wp\/v2\/media?parent=979345"}],"wp:term":[{"taxonomy":"category","embeddable":true,"href":"https:\/\/www.cnbb.org.br\/cnbb-app\/wp\/v2\/categories?post=979345"},{"taxonomy":"post_tag","embeddable":true,"href":"https:\/\/www.cnbb.org.br\/cnbb-app\/wp\/v2\/tags?post=979345"}],"curies":[{"name":"wp","href":"https:\/\/api.w.org\/{rel}","templated":true}]}}