{"id":979399,"date":"2025-04-01T13:08:43","date_gmt":"2025-04-01T16:08:43","guid":{"rendered":"https:\/\/www.cnbb.org.br\/?p=979399"},"modified":"2025-04-01T13:10:59","modified_gmt":"2025-04-01T16:10:59","slug":"bispos-da-amazonia-incidencia-ministerio-meio-ambiente","status":"publish","type":"post","link":"https:\/\/www.cnbb.org.br\/bispos-da-amazonia-incidencia-ministerio-meio-ambiente\/","title":{"rendered":"Bispos da Amaz\u00f4nia refor\u00e7am urg\u00eancia de a\u00e7\u00f5es ambientais e sociais em reuni\u00e3o no Minist\u00e9rio do Meio Ambiente"},"content":{"rendered":"<p>Bispos da Amaz\u00f4nia apresentaram as principais preocupa\u00e7\u00f5es e demandas dos territ\u00f3rios, em uma reuni\u00e3o realizada no Minist\u00e9rio do Meio Ambiente, na noite de segunda-feira, 31 de mar\u00e7o, com a participa\u00e7\u00e3o de representantes do Instituto Brasileiro do Meio Ambiente e dos Recursos Naturais Renov\u00e1veis (Ibama) e do Instituto Chico Mendes de Conserva\u00e7\u00e3o da Biodiversidade (ICMBio). O encontro faz parte de uma agenda de incid\u00eancias da Comiss\u00e3o Episcopal para a Amaz\u00f4nia da Confer\u00eancia Nacional dos Bispos do Brasil (CNBB) e focou na crise socioambiental e clim\u00e1tica que afeta a regi\u00e3o, destacando a urg\u00eancia de pol\u00edticas p\u00fablicas eficazes e estruturadas.<\/p>\n<p>Os bispos da Amaz\u00f4nia foram representados pelo bispo de Roraima e presidente da Rede Eclesial Pan-Amaz\u00f4nica (Repam-Brasil), dom Evaristo Spengler; o arcebispo de Palmas e vice-presidente da rede, dom Pedro Brito Guimar\u00e3es; e o bispo da prelazia de Maraj\u00f3 e secret\u00e1rio da Repam-Brasil, dom Ionilton Lisboa. Tamb\u00e9m participaram o secret\u00e1rio-geral da CNBB, dom Ricardo Hoepers; o subsecret\u00e1rio adjunto geral, padre Leandro Megeto; e a secret\u00e1ria executiva da Repam-Brasil, irm\u00e3 Irene Lopes.<\/p>\n<p>Durante a reuni\u00e3o, os participantes refor\u00e7aram a necessidade de a\u00e7\u00f5es urgentes para enfrentar os desafios ambientais e sociais na Amaz\u00f4nia.\u00a0Os bispos apresentaram um panorama atualizado da situa\u00e7\u00e3o socioambiental, baseado na escuta realizada em 2023 junto \u00e0s comunidades locais. &#8220;O olhar sobre as riquezas da Amaz\u00f4nia tem sido maior do que o olhar sobre as pessoas que nela vivem&#8221;, alertaram, denunciando a aus\u00eancia de medidas concretas para proteger as popula\u00e7\u00f5es tradicionais e garantir uma transi\u00e7\u00e3o justa para uma economia sustent\u00e1vel.<\/p>\n<p>A reuni\u00e3o abordou temas centrais como infraestrutura, a conjuntura da Amaz\u00f4nia no contexto da COP30 e o fortalecimento dos \u00f3rg\u00e3os ambientais na regi\u00e3o. A Repam-Brasil destacou o agravamento da emerg\u00eancia clim\u00e1tica, evidenciado por eventos extremos que impactam diretamente as popula\u00e7\u00f5es amaz\u00f4nicas.<\/p>\n<p>A ministra do Meio Ambiente, Marina Silva, reafirmou o compromisso do governo em manter um di\u00e1logo aberto e buscar solu\u00e7\u00f5es concretas para os desafios apresentados. Entre os pontos destacados, est\u00e3o o fortalecimento dos \u00f3rg\u00e3os ambientais, com novos concursos para Ibama e ICMBio, e a amplia\u00e7\u00e3o da presen\u00e7a do Estado na Amaz\u00f4nia.<\/p>\n<p>A Repam-Brasil seguir\u00e1 acompanhando o avan\u00e7o das pautas e mobilizando esfor\u00e7os para garantir justi\u00e7a socioambiental na regi\u00e3o. A COP30 e a C\u00fapula do Tratado de Coopera\u00e7\u00e3o Amaz\u00f4nica s\u00e3o vistas como oportunidades estrat\u00e9gicas para refor\u00e7ar a\u00e7\u00f5es clim\u00e1ticas e buscar financiamento adequado para a prote\u00e7\u00e3o dos territ\u00f3rios e popula\u00e7\u00f5es amaz\u00f4nicas.<\/p>\n<p>Ao final da reuni\u00e3o, os representantes do governo reafirmaram o compromisso de manter um di\u00e1logo cont\u00ednuo para ouvir as reivindica\u00e7\u00f5es dos povos da Amaz\u00f4nia e encontrar solu\u00e7\u00f5es concretas para os desafios enfrentados.<\/p>\n<p>&nbsp;<\/p>\n<h3>Desafios e perspectivas para a Amaz\u00f4nia<\/h3>\n<p>O encontro tamb\u00e9m abordou a import\u00e2ncia da continuidade do di\u00e1logo e da constru\u00e7\u00e3o de parcerias, com foco na prote\u00e7\u00e3o ambiental e na justi\u00e7a social. Foram reconhecidos avan\u00e7os na reconstru\u00e7\u00e3o das pol\u00edticas p\u00fablicas voltadas \u00e0 Amaz\u00f4nia, incluindo a redu\u00e7\u00e3o do desmatamento e o fortalecimento de \u00f3rg\u00e3os ambientais. &#8220;Estamos fortalecendo o Ibama e o ICMBio, com concursos para novos servidores, como parte desse processo&#8221;, destacou a ministra Marina Silva.<\/p>\n<p>Outro ponto central da reuni\u00e3o foi a necessidade de combater o crime ambiental e o garimpo ilegal, destacando o envolvimento do crime organizado na Amaz\u00f4nia e a import\u00e2ncia de ampliar a presen\u00e7a do Estado na regi\u00e3o. Al\u00e9m disso, foram debatidos os impactos da contamina\u00e7\u00e3o ambiental, como a qualidade do ar e a polui\u00e7\u00e3o por merc\u00fario, que afetam diretamente a sa\u00fade das comunidades locais. Em 2023, a rede de monitoramento da qualidade do ar foi ampliada de poucos sensores para 127, revelando que as cidades amaz\u00f4nicas apresentam a pior qualidade do ar do Brasil nos \u00faltimos 20 anos, devido \u00e0s queimadas e ao uso de diesel.<\/p>\n<p>O monitoramento da contamina\u00e7\u00e3o por merc\u00fario, realizado com o apoio de \u00f3rg\u00e3os como Ibama e Funda\u00e7\u00e3o Nacional dos Povos Ind\u00edgenas (Funai), tamb\u00e9m trouxe dados alarmantes sobre os n\u00edveis de polui\u00e7\u00e3o no solo, na \u00e1gua e at\u00e9 no sangue das popula\u00e7\u00f5es afetadas pelo garimpo ilegal. No entanto, a conscientiza\u00e7\u00e3o sobre esses impactos ainda enfrenta desafios para ganhar amplitude no debate p\u00fablico.<\/p>\n<p>A seca extrema na Amaz\u00f4nia foi outro ponto discutido, ressaltando a necessidade de um plano federal de conting\u00eancia, j\u00e1 que os impactos ambientais agora afetam diversas regi\u00f5es do Brasil. O governo tem buscado integrar diferentes setores para desenvolver estrat\u00e9gias mais efetivas diante dessa crise.<\/p>\n<p>&nbsp;<\/p>\n<h3>A COP30 e os desafios do financiamento clim\u00e1tico<\/h3>\n<p>Sobre a COP30, enfatizou-se a necessidade de implementar a\u00e7\u00f5es concretas para o enfrentamento das mudan\u00e7as clim\u00e1ticas, indo al\u00e9m da defini\u00e7\u00e3o de diretrizes. O grande desafio global est\u00e1 na garantia de financiamento adequado para pa\u00edses vulner\u00e1veis, com uma meta de US$ 1,3 trilh\u00e3o anuais. No entanto, a COP29 s\u00f3 conseguiu assegurar US$ 300 bilh\u00f5es, evidenciando o d\u00e9ficit de investimentos.<\/p>\n<p>A posi\u00e7\u00e3o dos Estados Unidos foi mencionada como um entrave para avan\u00e7os significativos, mas h\u00e1 expectativas de que a press\u00e3o interna e internacional possa levar a um maior comprometimento do pa\u00eds na agenda clim\u00e1tica.<\/p>\n<p>Com a proximidade da COP30, a Repam refor\u00e7a a import\u00e2ncia de uma abordagem integrada e articulada, que leve em considera\u00e7\u00e3o a realidade dos povos amaz\u00f4nicos e garanta solu\u00e7\u00f5es sustent\u00e1veis e justas para a regi\u00e3o.<\/p>\n<p>&nbsp;<\/p>\n<pre>Com informa\u00e7\u00f5es de Repam-Brasil<\/pre>\n","protected":false},"excerpt":{"rendered":"<p>Durante a reuni\u00e3o, os participantes refor\u00e7aram a necessidade de a\u00e7\u00f5es urgentes para enfrentar os desafios ambientais e sociais na Amaz\u00f4nia.\u00a0Os bispos apresentaram um panorama atualizado da situa\u00e7\u00e3o socioambiental, baseado na escuta realizada em 2023 junto \u00e0s comunidades locais<\/p>\n","protected":false},"author":38,"featured_media":979402,"comment_status":"closed","ping_status":"closed","sticky":false,"template":"","format":"standard","meta":{"site-sidebar-layout":"default","site-content-layout":"default","ast-global-header-display":"","ast-banner-title-visibility":"","ast-main-header-display":"","ast-hfb-above-header-display":"","ast-hfb-below-header-display":"","ast-hfb-mobile-header-display":"","site-post-title":"","ast-breadcrumbs-content":"","ast-featured-img":"","footer-sml-layout":"","theme-transparent-header-meta":"default","adv-header-id-meta":"","stick-header-meta":"","header-above-stick-meta":"","header-main-stick-meta":"","header-below-stick-meta":""},"categories":[925,50,823],"tags":[1900],"acf":[],"_links":{"self":[{"href":"https:\/\/www.cnbb.org.br\/cnbb-app\/wp\/v2\/posts\/979399"}],"collection":[{"href":"https:\/\/www.cnbb.org.br\/cnbb-app\/wp\/v2\/posts"}],"about":[{"href":"https:\/\/www.cnbb.org.br\/cnbb-app\/wp\/v2\/types\/post"}],"author":[{"embeddable":true,"href":"https:\/\/www.cnbb.org.br\/cnbb-app\/wp\/v2\/users\/38"}],"replies":[{"embeddable":true,"href":"https:\/\/www.cnbb.org.br\/cnbb-app\/wp\/v2\/comments?post=979399"}],"version-history":[{"count":1,"href":"https:\/\/www.cnbb.org.br\/cnbb-app\/wp\/v2\/posts\/979399\/revisions"}],"predecessor-version":[{"id":979403,"href":"https:\/\/www.cnbb.org.br\/cnbb-app\/wp\/v2\/posts\/979399\/revisions\/979403"}],"wp:featuredmedia":[{"embeddable":true,"href":"https:\/\/www.cnbb.org.br\/cnbb-app\/wp\/v2\/media\/979402"}],"wp:attachment":[{"href":"https:\/\/www.cnbb.org.br\/cnbb-app\/wp\/v2\/media?parent=979399"}],"wp:term":[{"taxonomy":"category","embeddable":true,"href":"https:\/\/www.cnbb.org.br\/cnbb-app\/wp\/v2\/categories?post=979399"},{"taxonomy":"post_tag","embeddable":true,"href":"https:\/\/www.cnbb.org.br\/cnbb-app\/wp\/v2\/tags?post=979399"}],"curies":[{"name":"wp","href":"https:\/\/api.w.org\/{rel}","templated":true}]}}