{"id":979502,"date":"2025-04-04T09:35:48","date_gmt":"2025-04-04T12:35:48","guid":{"rendered":"https:\/\/www.cnbb.org.br\/?p=979502"},"modified":"2025-04-04T09:38:41","modified_gmt":"2025-04-04T12:38:41","slug":"mudanca-de-habitos","status":"publish","type":"post","link":"https:\/\/www.cnbb.org.br\/mudanca-de-habitos\/","title":{"rendered":"Mudan\u00e7a de h\u00e1bitos\u00a0"},"content":{"rendered":"<p style=\"text-align: right;\"><strong>Dom Itacir Brassiani<br \/>\nBispo diocesano de Santa Cruz do Sul (RS)<\/strong><\/p>\n<p>&nbsp;<\/p>\n<p>&nbsp;<\/p>\n<p style=\"text-align: justify;\"><span data-contrast=\"auto\">\u201cMudan\u00e7a de H\u00e1bito\u201d \u00e9 o nome de uma com\u00e9dia que foi grande sucesso de bilheteria. Lan\u00e7ado em 1992, o filme \u00e9 estrelado por Whoopi Goldberg, competente atriz negra estadunidense. Mas n\u00e3o \u00e9 sobre cinema que eu quero refletir nessa coluna semanal. A mudan\u00e7a de h\u00e1bitos (no plural) \u00e0 qual me refiro n\u00e3o \u00e9 um artif\u00edcio para esconder no seguro ambiente de um convento pessoas procuradas pela justi\u00e7a, mas uma urg\u00eancia que se imp\u00f5e para que a humanidade e o planeta tenham futuro.<\/span><span data-ccp-props=\"{&quot;201341983&quot;:0,&quot;335551550&quot;:6,&quot;335551620&quot;:6,&quot;335559739&quot;:120,&quot;335559740&quot;:256}\">\u00a0<\/span><\/p>\n<p style=\"text-align: justify;\"><span data-contrast=\"auto\">A <\/span><i><span data-contrast=\"auto\">Campanha da Fraternidade<\/span><\/i><span data-contrast=\"auto\"> que acompanha a Quaresma de 2025 p\u00f5e em pauta a inc\u00f4moda quest\u00e3o da ecologia integral e da prote\u00e7\u00e3o da Casa Comum. Ela n\u00e3o pretende oferecer um <\/span><i><span data-contrast=\"auto\">kit<\/span><\/i><span data-contrast=\"auto\"> de solu\u00e7\u00f5es f\u00e1ceis. Uma a\u00e7\u00e3o consequente e duradoura s\u00f3 pode vir de \u201cprocessos de discernimento espiritual, debate coletivo, planejamento comunit\u00e1rio e decis\u00f5es conjuntas, e tais a\u00e7\u00f5es s\u00e3o da al\u00e7ada de inst\u00e2ncias mais altas de participa\u00e7\u00e3o e transforma\u00e7\u00e3o social (cf. <\/span><i><span data-contrast=\"auto\">Texto-base<\/span><\/i><span data-contrast=\"auto\">, \u00a7 133).<\/span><span data-ccp-props=\"{&quot;201341983&quot;:0,&quot;335551550&quot;:6,&quot;335551620&quot;:6,&quot;335559739&quot;:120,&quot;335559740&quot;:257}\">\u00a0<\/span><\/p>\n<p style=\"text-align: justify;\"><span data-contrast=\"auto\">A meta geral que nos permitir\u00e1 um futuro como humanidade \u00e9 a redu\u00e7\u00e3o imediata das emiss\u00f5es de di\u00f3xido de carbono e de metano, atrav\u00e9s da substitui\u00e7\u00e3o dos combust\u00edveis f\u00f3sseis. Movidos por uma esperan\u00e7a realista e respons\u00e1vel, cremos na reserva \u00e9tica e no potencial de resist\u00eancia que nos move a buscar e propor medidas efetivas para manter um m\u00ednimo de equil\u00edbrio na nossa Casa Comum. Cremos na for\u00e7a que brota da uni\u00e3o de esfor\u00e7os cient\u00edficos com posturas prof\u00e9ticas.<\/span><span data-ccp-props=\"{&quot;201341983&quot;:0,&quot;335551550&quot;:6,&quot;335551620&quot;:6,&quot;335559739&quot;:120,&quot;335559740&quot;:257}\">\u00a0<\/span><\/p>\n<p style=\"text-align: justify;\"><span data-contrast=\"auto\">Est\u00e1 claro que n\u00e3o podemos esperar solu\u00e7\u00f5es consistentes sem o empenho de todos, e isso passa pela mudan\u00e7a de h\u00e1bitos individuais e sociais. Reduzir e tratar o lixo que produzimos, combater o desperd\u00edcio de alimentos, valorizar os modelos alternativos de produ\u00e7\u00e3o, enfrentar o consumismo doentio, s\u00e3o alguns passos firmes dessa mudan\u00e7a. Mas avan\u00e7aremos pouco se n\u00e3o enfrentarmos o modelo econ\u00f4mico desenvolvimentista, inclusive aceitando um certo decr\u00e9scimo no consumo.<\/span><span data-ccp-props=\"{&quot;201341983&quot;:0,&quot;335551550&quot;:6,&quot;335551620&quot;:6,&quot;335559739&quot;:120,&quot;335559740&quot;:257}\">\u00a0<\/span><\/p>\n<p style=\"text-align: justify;\"><span data-contrast=\"auto\">\u00c9 falsa a oposi\u00e7\u00e3o entre prote\u00e7\u00e3o do meio ambiente e desenvolvimento social. Esta \u00e9 uma desculpa para n\u00e3o mexer no modelo econ\u00f4mico consumista, violento e predador, que agride a natureza na mesma medida em que produz e aumenta a desigualdade social. O combate \u00e0 desigualdade social passa pela taxa\u00e7\u00e3o dos setores e pa\u00edses mais ricos e pelas pol\u00edticas de compensa\u00e7\u00e3o. O grito da terra e o grito dos pobres s\u00e3o o mesmo grito que ressoa em gargantas diferentes e convergentes.<\/span><span data-ccp-props=\"{&quot;201341983&quot;:0,&quot;335551550&quot;:6,&quot;335551620&quot;:6,&quot;335559739&quot;:120,&quot;335559740&quot;:257}\">\u00a0<\/span><\/p>\n<p style=\"text-align: justify;\"><span data-contrast=\"auto\">Ou\u00e7o vozes que se insurgem contra a inser\u00e7\u00e3o da pauta ambiental na caminhada quaresmal. Gritam que \u00e9 mais urgente e eficaz salvar almas que proteger a natureza. Dizem isso porque est\u00e3o enganados ou para nos enganar? A \u00e1gua n\u00e3o \u00e9 media\u00e7\u00e3o para o batismo, o \u00f3leo n\u00e3o \u00e9 express\u00e3o do Esp\u00edrito, o p\u00e3o e o vinho n\u00e3o s\u00e3o sacramentos do corpo violentado e ressuscitado de Jesus? E o que Paulo quer dizer quando escreve \u201ca cria\u00e7\u00e3o at\u00e9 agora geme e sente as dores de parto\u201d e \u201co mundo criado espera ansiosamente a manifesta\u00e7\u00e3o dos filhos de Deus\u201d (Rm 8,19.22)?\u00a0<\/span><span data-ccp-props=\"{&quot;201341983&quot;:0,&quot;335551550&quot;:6,&quot;335551620&quot;:6,&quot;335559739&quot;:120,&quot;335559740&quot;:257}\">\u00a0<\/span><\/p>\n<p style=\"text-align: justify;\">\n","protected":false},"excerpt":{"rendered":"<p>Dom Itacir Brassiani Bispo diocesano de Santa Cruz do Sul (RS) &nbsp; &nbsp; \u201cMudan\u00e7a de H\u00e1bito\u201d \u00e9 o nome de uma com\u00e9dia que foi grande sucesso de bilheteria. Lan\u00e7ado em 1992, o filme \u00e9 estrelado por Whoopi Goldberg, competente atriz negra estadunidense. Mas n\u00e3o \u00e9 sobre cinema que eu quero refletir nessa coluna semanal. A &hellip;<\/p>\n<p class=\"read-more\"> <a class=\"\" href=\"https:\/\/www.cnbb.org.br\/mudanca-de-habitos\/\"> <span class=\"screen-reader-text\">Mudan\u00e7a de h\u00e1bitos\u00a0<\/span> Leia mais &raquo;<\/a><\/p>\n","protected":false},"author":2510,"featured_media":0,"comment_status":"closed","ping_status":"closed","sticky":false,"template":"","format":"standard","meta":{"site-sidebar-layout":"default","site-content-layout":"default","ast-global-header-display":"","ast-banner-title-visibility":"","ast-main-header-display":"","ast-hfb-above-header-display":"","ast-hfb-below-header-display":"","ast-hfb-mobile-header-display":"","site-post-title":"","ast-breadcrumbs-content":"","ast-featured-img":"","footer-sml-layout":"","theme-transparent-header-meta":"default","adv-header-id-meta":"","stick-header-meta":"","header-above-stick-meta":"","header-main-stick-meta":"","header-below-stick-meta":""},"categories":[758],"tags":[],"acf":[],"_links":{"self":[{"href":"https:\/\/www.cnbb.org.br\/cnbb-app\/wp\/v2\/posts\/979502"}],"collection":[{"href":"https:\/\/www.cnbb.org.br\/cnbb-app\/wp\/v2\/posts"}],"about":[{"href":"https:\/\/www.cnbb.org.br\/cnbb-app\/wp\/v2\/types\/post"}],"author":[{"embeddable":true,"href":"https:\/\/www.cnbb.org.br\/cnbb-app\/wp\/v2\/users\/2510"}],"replies":[{"embeddable":true,"href":"https:\/\/www.cnbb.org.br\/cnbb-app\/wp\/v2\/comments?post=979502"}],"version-history":[{"count":1,"href":"https:\/\/www.cnbb.org.br\/cnbb-app\/wp\/v2\/posts\/979502\/revisions"}],"predecessor-version":[{"id":979503,"href":"https:\/\/www.cnbb.org.br\/cnbb-app\/wp\/v2\/posts\/979502\/revisions\/979503"}],"wp:attachment":[{"href":"https:\/\/www.cnbb.org.br\/cnbb-app\/wp\/v2\/media?parent=979502"}],"wp:term":[{"taxonomy":"category","embeddable":true,"href":"https:\/\/www.cnbb.org.br\/cnbb-app\/wp\/v2\/categories?post=979502"},{"taxonomy":"post_tag","embeddable":true,"href":"https:\/\/www.cnbb.org.br\/cnbb-app\/wp\/v2\/tags?post=979502"}],"curies":[{"name":"wp","href":"https:\/\/api.w.org\/{rel}","templated":true}]}}