{"id":979667,"date":"2025-04-07T10:31:36","date_gmt":"2025-04-07T13:31:36","guid":{"rendered":"https:\/\/www.cnbb.org.br\/?p=979667"},"modified":"2025-04-07T10:32:29","modified_gmt":"2025-04-07T13:32:29","slug":"domingo-de-ramos-e-da-paixao-2","status":"publish","type":"post","link":"https:\/\/www.cnbb.org.br\/domingo-de-ramos-e-da-paixao-2\/","title":{"rendered":"Domingo de Ramos e da Paix\u00e3o\u00a0"},"content":{"rendered":"<div style=\"text-align: right;\" data-olk-copy-source=\"MessageBody\"><strong>Dom Antonio Carlos Rossi Keller<\/strong><\/div>\n<div style=\"text-align: right;\"><strong>Bispo de Frederico Westphalen (RS)<\/strong><\/div>\n<div><\/div>\n<p style=\"text-align: justify;\"><span data-ccp-props=\"{&quot;201341983&quot;:0,&quot;335551550&quot;:2,&quot;335551620&quot;:2,&quot;335559731&quot;:454,&quot;335559739&quot;:0,&quot;335559740&quot;:360}\">\u00a0<\/span><\/p>\n<p style=\"text-align: justify;\"><span data-contrast=\"none\">Com a Liturgia do Domingo de Ramos entramos na celebra\u00e7\u00e3o da Semana Santa. A Igreja convida-nos a viver interiormente o Mist\u00e9rio da Morte e Ressurrei\u00e7\u00e3o do Nosso Redentor, descrita pelos quatro evangelistas. Sabemos que a narra\u00e7\u00e3o dos sofrimentos de Jesus ocupam uma grande parte do Evangelho. Hoje escutamos a Paix\u00e3o de Jesus, escrita por S\u00e3o Lucas. Jesus entra em Jerusal\u00e9m, n\u00e3o como um rei revestido de poder pol\u00edtico-militar, mas como o rei messi\u00e2nico, montado num jumentinho, como anunciara o profeta (Zacarias 9,9).<\/span><span data-ccp-props=\"{&quot;201341983&quot;:0,&quot;335551550&quot;:6,&quot;335551620&quot;:6,&quot;335559739&quot;:0,&quot;335559740&quot;:360}\">\u00a0<\/span><\/p>\n<p style=\"text-align: justify;\"><span data-contrast=\"none\">A multid\u00e3o dos disc\u00edpulos aclama alegremente a Jesus, por causa de \u201c<\/span><i><span data-contrast=\"none\">todos os milagres que tinham visto.<\/span><\/i><span data-contrast=\"none\">\u201d Em contrapartida, os fariseus pedem: \u201c<\/span><i><span data-contrast=\"none\">Mestre, repreende os teus disc\u00edpulos!<\/span><\/i><span data-contrast=\"none\">\u201d \u00c9 curioso como Jesus responde: \u201c<\/span><i><span data-contrast=\"none\">Se eles se calarem, clamar\u00e3o as pedras!<\/span><\/i><span data-contrast=\"none\">\u201d (Lucas 19,40) Juntamente com os disc\u00edpulos, tamb\u00e9m a cria\u00e7\u00e3o vai dar testemunho. A terra vai estremecer, o sol vai perder a sua luz e o dia vai transformar-se em noite: \u201c<\/span><i><span data-contrast=\"none\">As trevas cobriram toda a terra, porque o sol se tinha eclipsado<\/span><\/i><span data-contrast=\"none\">\u201d. Jesus \u00e9 Senhor de todo o universo e a sua Reden\u00e7\u00e3o beneficiar\u00e1 todas as criaturas. \u201c<\/span><i><span data-contrast=\"none\">Ao nome de Jesus todos se ajoelhem no C\u00e9u, na terra e nos abismos<\/span><\/i><span data-contrast=\"none\">\u201d.<\/span><span data-ccp-props=\"{&quot;201341983&quot;:0,&quot;335551550&quot;:6,&quot;335551620&quot;:6,&quot;335559739&quot;:0,&quot;335559740&quot;:360}\">\u00a0<\/span><\/p>\n<p style=\"text-align: justify;\"><span data-contrast=\"none\">Jesus Cristo \u00e9 o Senhor! Esta afirma\u00e7\u00e3o testemunha a sua divindade. Porque \u00e9 de condi\u00e7\u00e3o divina, tem pleno conhecimento da sua miss\u00e3o salv\u00edfica. Anunciara de antem\u00e3o a sua morte em Jerusal\u00e9m: \u201c<\/span><i><span data-contrast=\"none\">Devo seguir o meu caminho, porque n\u00e3o se admite que um profeta morra fora de Jerusal\u00e9m<\/span><\/i><span data-contrast=\"none\">\u201d (Lucas 13,33). A leitura da Paix\u00e3o come\u00e7a com Jesus sentado \u00e0 mesa, afirmando: \u201c<\/span><i><span data-contrast=\"none\">Desejei ardentemente comer esta P\u00e1scoa convosco, antes de padecer.<\/span><\/i><span data-contrast=\"none\">\u201d (Lucas 22, 15) Tinha chegado a sua hora. Jesus sabia que era a \u00faltima refei\u00e7\u00e3o. Era a \u201c\u00daltima Ceia\u201d com os disc\u00edpulos. Oferece \u00e0queles que ama o alimento do seu Corpo, que vai ser entregue e do seu Sangue que vai ser derramado: \u201c<\/span><i><span data-contrast=\"none\">Jesus tomou o P\u00e3o, partiu-o e deu aos seus disc\u00edpulos dizendo: Isto \u00e9 o meu corpo que vai ser entregue por v\u00f3s. De igual modo, no fim da Ceia, tomou o c\u00e1lice e deu-o aos seus disc\u00edpulos dizendo: tomai todos e bebei. Este \u00e9 o sangue da nova Alian\u00e7a que vai ser derramado por v\u00f3s e por todos. Fazei isto em mem\u00f3ria de mim.<\/span><\/i><span data-contrast=\"none\">\u201d (Lucas 22, 19-20)<\/span><span data-ccp-props=\"{&quot;201341983&quot;:0,&quot;335551550&quot;:6,&quot;335551620&quot;:6,&quot;335559739&quot;:0,&quot;335559740&quot;:360}\">\u00a0<\/span><\/p>\n<p style=\"text-align: justify;\"><span data-contrast=\"none\">Jesus vive conscientemente a sua morte: \u201c<\/span><i><span data-contrast=\"none\">Ningu\u00e9m me tira a vida, mas sou Eu que a ofere\u00e7o livremente. Tenho o poder de a oferecer e poder de a retomar.<\/span><\/i><span data-contrast=\"none\">\u201d Oferece a sua vida pela reden\u00e7\u00e3o de todos os homens. Cumpre plenamente a vontade de seu eterno Pai: \u201c<\/span><i><span data-contrast=\"none\">Pai se \u00e9 poss\u00edvel afasta de mim este c\u00e1lice. Todavia, n\u00e3o se fa\u00e7a a minha vontade, mas a tua.<\/span><\/i><span data-contrast=\"none\">\u201d (Lucas 22,42) Antes de expirar, reza cheio de confian\u00e7a filial: \u201c<\/span><i><span data-contrast=\"none\">Pai, em vossas m\u00e3os entrego o meu esp\u00edrito<\/span><\/i><span data-contrast=\"none\">\u201d (Lucas 23,46). Que morte t\u00e3o serena, t\u00e3o cheia de paz, numa \u00edntima conversa com Deus Pai! S\u00e3o Lucas \u00e9 o evangelista da miseric\u00f3rdia divina. Antes de expirar, Jesus pediu: \u201c<\/span><i><span data-contrast=\"none\">Pai perdoa-lhes porque n\u00e3o sabem o que fazem.<\/span><\/i><span data-contrast=\"none\">\u201d (Lucas 23,34) Perdoando, desculpando os que O matam, Jesus revela o seu amor infinito pelos pecadores. No encontro com o publicano Zaqueu, j\u00e1 tinha afirmado: \u201c<\/span><i><span data-contrast=\"none\">Eu quero miseric\u00f3rdia, mais que o sacrif\u00edcio, porque Eu n\u00e3o vim chamar os justos, mas os pecadores. O filho do homem veio procurar e salvar o que estava perdido.<\/span><\/i><span data-contrast=\"none\">\u201d (Lucas 19,10) Verdadeiramente podemos rezar cheios de gratid\u00e3o: \u201cJesus Cristo amou-nos e purificou-nos dos nossos pecados, pelo seu sangue.\u201d \u201c<\/span><i><span data-contrast=\"none\">Quando chegou a hora em que ia ser glorificado por V\u00f3s, Pai santo, tendo amado os seus que estavam no mundo, amou-os at\u00e9 ao fim<\/span><\/i><span data-contrast=\"none\">\u201d (Ora\u00e7\u00e3o Eucar\u00edstica IV). Finalmente, oferecendo o Para\u00edso a um malfeitor, Jesus reaviva em n\u00f3s a confian\u00e7a no amor misericordioso do Pai celeste. \u00c9 o triunfo completo do Amor divino! A morte de Jesus \u00e9 o in\u00edcio do reino de Deus: \u201c<\/span><i><span data-contrast=\"none\">Estou no meio de v\u00f3s como quem serve. Preparo para v\u00f3s um reino. Comereis e bebereis \u00e0 minha mesa, no meu reino.<\/span><\/i><span data-contrast=\"none\">\u201d (Lucas 22, 27-30)<\/span><span data-ccp-props=\"{&quot;201341983&quot;:0,&quot;335551550&quot;:6,&quot;335551620&quot;:6,&quot;335559739&quot;:0,&quot;335559740&quot;:360}\">\u00a0<\/span><\/p>\n<p style=\"text-align: justify;\"><span data-contrast=\"none\">Durante a Paix\u00e3o, Jesus est\u00e1 sempre em uni\u00e3o com Seu eterno Pai. \u201c<\/span><i><span data-contrast=\"none\">Pai, se \u00e9 poss\u00edvel, afasta de mim este c\u00e1lice.<\/span><\/i><span data-contrast=\"none\">\u201d E Deus Pai enviou do C\u00e9u o seu Anjo para O consolar (Lucas 22,42-43). No meio dos sofrimentos da vida, temos sempre o recurso \u00e0 ora\u00e7\u00e3o donde brota a for\u00e7a para podermos \u201c<\/span><i><span data-contrast=\"none\">completar no nosso corpo o que falta \u00e0 Paix\u00e3o de Cristo.<\/span><\/i><span data-contrast=\"none\">\u201d (Colossenses 1,24) A ora\u00e7\u00e3o \u00e9 a porta pela qual Deus envia os seus Anjos para nos confortar.<\/span><span data-ccp-props=\"{&quot;201341983&quot;:0,&quot;335551550&quot;:6,&quot;335551620&quot;:6,&quot;335559739&quot;:0,&quot;335559740&quot;:360}\">\u00a0<\/span><\/p>\n<p style=\"text-align: justify;\"><span data-contrast=\"none\">A Eucaristia celebra o memorial da paix\u00e3o, morte e Ressurrei\u00e7\u00e3o de Jesus que nos pediu: \u201c<\/span><i><span data-contrast=\"none\">Fazei isto em mem\u00f3ria de mim!<\/span><\/i><span data-contrast=\"none\">\u201d (Lucas 22,19) Mist\u00e9rio da f\u00e9! \u201c<\/span><i><span data-contrast=\"none\">Gl\u00f3ria a V\u00f3s que morrestes na cruz e agora viveis para sempre. Salvador do mundo, salvai-nos. Vinde, Senhor Jesus.<\/span><\/i><span data-contrast=\"none\">\u201d<\/span><span data-ccp-props=\"{&quot;201341983&quot;:0,&quot;335551550&quot;:6,&quot;335551620&quot;:6,&quot;335559739&quot;:0,&quot;335559740&quot;:360}\">\u00a0<\/span><\/p>\n","protected":false},"excerpt":{"rendered":"<p>Dom Antonio Carlos Rossi Keller Bispo de Frederico Westphalen (RS) \u00a0 Com a Liturgia do Domingo de Ramos entramos na celebra\u00e7\u00e3o da Semana Santa. A Igreja convida-nos a viver interiormente o Mist\u00e9rio da Morte e Ressurrei\u00e7\u00e3o do Nosso Redentor, descrita pelos quatro evangelistas. Sabemos que a narra\u00e7\u00e3o dos sofrimentos de Jesus ocupam uma grande parte &hellip;<\/p>\n<p class=\"read-more\"> <a class=\"\" href=\"https:\/\/www.cnbb.org.br\/domingo-de-ramos-e-da-paixao-2\/\"> <span class=\"screen-reader-text\">Domingo de Ramos e da Paix\u00e3o\u00a0<\/span> Leia mais &raquo;<\/a><\/p>\n","protected":false},"author":1821,"featured_media":0,"comment_status":"closed","ping_status":"closed","sticky":false,"template":"","format":"standard","meta":{"site-sidebar-layout":"default","site-content-layout":"default","ast-global-header-display":"","ast-banner-title-visibility":"","ast-main-header-display":"","ast-hfb-above-header-display":"","ast-hfb-below-header-display":"","ast-hfb-mobile-header-display":"","site-post-title":"","ast-breadcrumbs-content":"","ast-featured-img":"","footer-sml-layout":"","theme-transparent-header-meta":"default","adv-header-id-meta":"","stick-header-meta":"","header-above-stick-meta":"","header-main-stick-meta":"","header-below-stick-meta":""},"categories":[758],"tags":[],"acf":[],"_links":{"self":[{"href":"https:\/\/www.cnbb.org.br\/cnbb-app\/wp\/v2\/posts\/979667"}],"collection":[{"href":"https:\/\/www.cnbb.org.br\/cnbb-app\/wp\/v2\/posts"}],"about":[{"href":"https:\/\/www.cnbb.org.br\/cnbb-app\/wp\/v2\/types\/post"}],"author":[{"embeddable":true,"href":"https:\/\/www.cnbb.org.br\/cnbb-app\/wp\/v2\/users\/1821"}],"replies":[{"embeddable":true,"href":"https:\/\/www.cnbb.org.br\/cnbb-app\/wp\/v2\/comments?post=979667"}],"version-history":[{"count":1,"href":"https:\/\/www.cnbb.org.br\/cnbb-app\/wp\/v2\/posts\/979667\/revisions"}],"predecessor-version":[{"id":979668,"href":"https:\/\/www.cnbb.org.br\/cnbb-app\/wp\/v2\/posts\/979667\/revisions\/979668"}],"wp:attachment":[{"href":"https:\/\/www.cnbb.org.br\/cnbb-app\/wp\/v2\/media?parent=979667"}],"wp:term":[{"taxonomy":"category","embeddable":true,"href":"https:\/\/www.cnbb.org.br\/cnbb-app\/wp\/v2\/categories?post=979667"},{"taxonomy":"post_tag","embeddable":true,"href":"https:\/\/www.cnbb.org.br\/cnbb-app\/wp\/v2\/tags?post=979667"}],"curies":[{"name":"wp","href":"https:\/\/api.w.org\/{rel}","templated":true}]}}