{"id":980207,"date":"2025-04-14T15:33:55","date_gmt":"2025-04-14T18:33:55","guid":{"rendered":"https:\/\/www.cnbb.org.br\/?p=980207"},"modified":"2025-04-14T15:36:26","modified_gmt":"2025-04-14T18:36:26","slug":"nos-1700-anos-do-concilio-de-niceia-cristaos-do-oriente-e-do-ocidente-celebrarao-a-pascoa-no-mesmo-dia","status":"publish","type":"post","link":"https:\/\/www.cnbb.org.br\/nos-1700-anos-do-concilio-de-niceia-cristaos-do-oriente-e-do-ocidente-celebrarao-a-pascoa-no-mesmo-dia\/","title":{"rendered":"Nos 1700 anos do Conc\u00edlio de Niceia, crist\u00e3os do Oriente e do Ocidente celebrar\u00e3o a P\u00e1scoa no mesmo dia"},"content":{"rendered":"<p>No ano em que a Igreja celebra os 1700 anos do Conc\u00edlio de Niceia, o primeiro conc\u00edlio ecum\u00eanico, a P\u00e1scoa dos crist\u00e3os do Ocidente e do Oriente ser\u00e1 celebrada na mesma data, em 20 de abril. Esses dois marcos se relacionam no desejo contido naquela reuni\u00e3o do ano de 325 de que houvesse uma data comum para a P\u00e1scoa. Ainda hoje esse desejo est\u00e1 presente nas lideran\u00e7as eclesiais e \u00e9 motivado pelo Papa Francisco como &#8220;um apelo a todos os crist\u00e3os do Oriente e do Ocidente para darem resolutamente um passo rumo \u00e0 unidade&#8221; dessa celebra\u00e7\u00e3o conjunta.<\/p>\n<p>&nbsp;<\/p>\n<h3>Como a proposta surgiu<\/h3>\n<p>Resumidamente, o Papa Francisco escreveu na Bula de Proclama\u00e7\u00e3o do Jubileu 2025 que o Conc\u00edlio de Niceia teve a miss\u00e3o de preservar a unidade, \u201cent\u00e3o seriamente amea\u00e7ada pela nega\u00e7\u00e3o da plena divindade de Jesus Cristo e da sua igualdade com o Pai\u201d. Com o S\u00edmbolo de f\u00e9 reconhecido pelos padres conciliares como sinal da comunh\u00e3o na mesma f\u00e9, o estabelecimento de uma data comum para a P\u00e1scoa foi a quest\u00e3o pastoral mais importante daquele encontro, segundo o prefeito do Dicast\u00e9rio para a Promo\u00e7\u00e3o da Unidade dos Crist\u00e3os, Kurt Koch.<\/p>\n<p>Existiam datas diferentes de celebra\u00e7\u00e3o da P\u00e1scoa, na Igreja Primitiva: na \u00c1sia Menor, os crist\u00e3os celebravam a P\u00e1scoa em simult\u00e2neo com a P\u00e1scoa judaica, no dia 14 de Nisan, e eram por isso conhecidos como quartodecimanos. Em contrapartida, os crist\u00e3os chamados protopasquistas, sobretudo na S\u00edria e na Mesopot\u00e2mia, celebravam a P\u00e1scoa no domingo seguinte \u00e0 P\u00e1scoa judaica. Perante esta situa\u00e7\u00e3o, o Conc\u00edlio de Niceia encontrou uma regra uniforme, definindo a celebra\u00e7\u00e3o da P\u00e1scoa de acordo com o que acontecia entre os romanos.<\/p>\n<p>No s\u00e9culo XVI, com a reforma do calend\u00e1rio pelo Papa Greg\u00f3rio XIII, quando foi introduzido o chamado calend\u00e1rio gregoriano, a celebra\u00e7\u00e3o da P\u00e1scoa passou a ser no domingo a seguir \u00e0 primeira lua cheia da primavera. Enquanto as Igrejas do Ocidente calculam desde ent\u00e3o a data da P\u00e1scoa de acordo com este calend\u00e1rio, as Igrejas do Oriente continuam a utilizar maioritariamente o calend\u00e1rio juliano, que foi tamb\u00e9m a base do Conc\u00edlio de Niceia.<\/p>\n<blockquote><p>\u201cApesar de, entretanto, terem sido discutidas v\u00e1rias propostas para uma data comum da P\u00e1scoa, a quest\u00e3o ainda n\u00e3o foi resolvida. J\u00e1 o Conc\u00edlio Vaticano I se deteve neste urgente desafio pastoral num ap\u00eandice \u00e0 Constitui\u00e7\u00e3o sobre a Sagrada Liturgia \u201cSacrosanctum Concilium\u201d, promulgada em 1963, declarando que pretendia ter \u00abem devida conta o desejo de muitos de que a festa da P\u00e1scoa seja atribu\u00edda a um domingo espec\u00edfico e de adotar um calend\u00e1rio fixo\u00bb. O Conc\u00edlio declarou-se favor\u00e1vel \u00aba que a festa da P\u00e1scoa seja atribu\u00edda a um domingo espec\u00edfico do calend\u00e1rio gregoriano, desde que haja o consentimento dos interessados, especialmente dos irm\u00e3os separados da comunh\u00e3o com a S\u00e9 Apost\u00f3lica\u00bb. O Papa Francisco manifestou v\u00e1rias vezes o mesmo esp\u00edrito de abertura\u201d, contou o prefeito Koch.<\/p><\/blockquote>\n<p>&nbsp;<\/p>\n<h3>Por uma data comum<\/h3>\n<p>\u201cInfelizmente, ainda n\u00e3o existe um acordo un\u00e2nime neste ponto. A diverg\u00eancia dos crist\u00e3os a respeito da mais importante festa de seu calend\u00e1rio cria danos pastorais nas comunidades, at\u00e9 ao ponto de dividir fam\u00edlias, e causar esc\u00e2ndalo entre os n\u00e3o crist\u00e3os, afetando o testemunho do Evangelho\u201d, pontua a Comiss\u00e3o Teol\u00f3gica Internacional no documento \u201c<a href=\"https:\/\/www.vatican.va\/roman_curia\/congregations\/cfaith\/cti_documents\/rc_cti_doc_20250403_1700-nicea_po.html#Conclus%C3%A3o\" target=\"_blank\" rel=\"noopener\">Jesus Cristo, Filho de Deus, Salvador &#8211; 1700\u00ba anivers\u00e1rio do Conc\u00edlio Ecum\u00eanico de Niceia 325-2025<\/a>&#8220;.<\/p>\n<p>\u00c9 por isso que o Papa Francisco, o Patriarca Ecum\u00eanico Bartolomeu e outros l\u00edderes da Igreja t\u00eam apelado repetidamente pelo estabelecimento de uma data comum para a celebra\u00e7\u00e3o da P\u00e1scoa.<\/p>\n<p>Com a coincid\u00eancia da data neste ano de 2025, os crist\u00e3os s\u00e3o motivados a refletir sobre a \u201coportunidade providencial para todas as comunidades crist\u00e3s continuarem a celebrar a Paix\u00e3o e a Ressurrei\u00e7\u00e3o de Cristo, a \u2018festa das festas\u2019 (Matinas Pascais bizantinas), em comunh\u00e3o tamb\u00e9m cronol\u00f3gica\u201d. A Comiss\u00e3o Teol\u00f3gica Internacional ressalta que Igreja Cat\u00f3lica permanece aberta ao di\u00e1logo e a uma solu\u00e7\u00e3o ecum\u00eanica sobre o tema.<\/p>\n<p>&nbsp;<\/p>\n<blockquote><p>&#8220;Seja isto um apelo a todos os crist\u00e3os do Oriente e do Ocidente para darem resolutamente um passo rumo \u00e0 unidade em torno duma data comum para a P\u00e1scoa. Vale a pena recordar que muitos desconhecem as diatribes do passado e n\u00e3o entendem como possam subsistir divis\u00f5es a tal prop\u00f3sito\u201d, escreveu o Papa Francisco na <a href=\"https:\/\/www.vatican.va\/content\/francesco\/pt\/bulls\/documents\/20240509_spes-non-confundit_bolla-giubileo2025.html\" target=\"_blank\" rel=\"noopener\">Bula de Proclama\u00e7\u00e3o do Jubileu Peregrinos de Esperan\u00e7a<\/a>.<\/p><\/blockquote>\n<figure style=\"width: 750px\" class=\"wp-caption aligncenter\"><img decoding=\"async\" loading=\"lazy\" src=\"https:\/\/media.vaticannews.va\/media\/content\/dam-archive\/vaticannews\/images-multimedia\/francesco-attivit%C3%A0\/papa-francesco-e-patriarca-bartolomeo-IAEM.jpg\/_jcr_content\/renditions\/cq5dam.thumbnail.cropped.750.422.jpeg\" alt=\"Papa Francisco e o Patriarca Bartolomeu I, no Vaticano\" width=\"750\" height=\"421\" \/><figcaption class=\"wp-caption-text\">Papa Francisco e o Patriarca Bartolomeu I, no Vaticano | Foto: Vatican Media<\/figcaption><\/figure>\n<p>&nbsp;<\/p>\n<h3>Niceia e o ecumenismo<\/h3>\n<p>O prefeito do Dicast\u00e9rio para a promo\u00e7\u00e3o da unidade dos Crist\u00e3os afirma que o anivers\u00e1rio dos 1700 anos do Conc\u00edlio Ecum\u00eanico de Niceia tem importantes dimens\u00f5es ecum\u00eanicas, sendo uma delas ter dado \u00e0 Igreja o fundamento do ecumenismo espiritual, com f\u00e9 comum no Cristo Verdadeiro Deus e Verdadeiro homem.<\/p>\n<p>Aqui no Brasil, reflex\u00f5es e celebra\u00e7\u00f5es que a Comiss\u00e3o Episcopal para o Ecumenismo e o Di\u00e1logo Inter-religioso da Confer\u00eancia Nacional dos Bispos do Brasil (CNBB) tem realizado nos \u00faltimos meses para comemorar essa marca &#8220;t\u00eam sido uma excelente oportunidade para o crescimento na busca da unidade entre, n\u00e3o apenas cat\u00f3licos e ortodoxos, mas tamb\u00e9m na caminhada ecum\u00eanica rumo \u00e0 unidade, com outras igrejas e comunidades eclesiais, respondendo ao que nos pede Jesus: \u2018Que todos sejam um\u2019 (Jo 17,22)\u201d, de acordo com o assessor da Comiss\u00e3o, padre Marcus Guimar\u00e3es.<\/p>\n<p>Ele recorda que durante a 62\u00aa Assembleia Geral da CNBB, entre os dias 30 de abril e 9 de maio, haver\u00e1 &#8220;mais um momento de ora\u00e7\u00e3o, encontro, conviv\u00eancia e fraternidade ecum\u00eanica com irm\u00e3os de v\u00e1rias Igrejas ortodoxas e de outras comunidades crist\u00e3s&#8221;.<\/p>\n<blockquote><p>&#8220;Com certeza, ser\u00e1 mais um gesto concreto, um momento especial de fortalecimento rumo \u00e0 Unidade dos Crist\u00e3os\u201d, ressalta.<\/p><\/blockquote>\n<p>&nbsp;<\/p>\n<pre>Luiz Lopes Jr.<\/pre>\n<p>Leia tamb\u00e9m:<\/p>\n<p><a href=\"https:\/\/www.osservatoreromano.va\/pt\/news\/2025-02\/por-002\/1700-anos-do-concilio-de-niceia.html\" target=\"_blank\" rel=\"noopener\">Os 1700 anos do Conc\u00edlio de Niceia &#8211; L&#8217;Osservatore Romano<\/a><\/p>\n<p>&nbsp;<\/p>\n","protected":false},"excerpt":{"rendered":"<p>Celebra\u00e7\u00e3o na mesma data remonta \u00e0 inten\u00e7\u00e3o de que houvesse uma data comum para a P\u00e1scoa. Ainda hoje esse desejo est\u00e1 presente nas lideran\u00e7as eclesiais e \u00e9 motivado pelo Papa Francisco como &#8220;um apelo a todos os crist\u00e3os do Oriente e do Ocidente para darem resolutamente um passo rumo \u00e0 unidade&#8221; dessa celebra\u00e7\u00e3o conjunta.<\/p>\n","protected":false},"author":38,"featured_media":980212,"comment_status":"closed","ping_status":"closed","sticky":false,"template":"","format":"standard","meta":{"site-sidebar-layout":"default","site-content-layout":"default","ast-global-header-display":"","ast-banner-title-visibility":"","ast-main-header-display":"","ast-hfb-above-header-display":"","ast-hfb-below-header-display":"","ast-hfb-mobile-header-display":"","site-post-title":"","ast-breadcrumbs-content":"","ast-featured-img":"","footer-sml-layout":"","theme-transparent-header-meta":"default","adv-header-id-meta":"","stick-header-meta":"","header-above-stick-meta":"","header-main-stick-meta":"","header-below-stick-meta":""},"categories":[50,802],"tags":[5590,2578,5030],"acf":[],"_links":{"self":[{"href":"https:\/\/www.cnbb.org.br\/cnbb-app\/wp\/v2\/posts\/980207"}],"collection":[{"href":"https:\/\/www.cnbb.org.br\/cnbb-app\/wp\/v2\/posts"}],"about":[{"href":"https:\/\/www.cnbb.org.br\/cnbb-app\/wp\/v2\/types\/post"}],"author":[{"embeddable":true,"href":"https:\/\/www.cnbb.org.br\/cnbb-app\/wp\/v2\/users\/38"}],"replies":[{"embeddable":true,"href":"https:\/\/www.cnbb.org.br\/cnbb-app\/wp\/v2\/comments?post=980207"}],"version-history":[{"count":4,"href":"https:\/\/www.cnbb.org.br\/cnbb-app\/wp\/v2\/posts\/980207\/revisions"}],"predecessor-version":[{"id":980217,"href":"https:\/\/www.cnbb.org.br\/cnbb-app\/wp\/v2\/posts\/980207\/revisions\/980217"}],"wp:featuredmedia":[{"embeddable":true,"href":"https:\/\/www.cnbb.org.br\/cnbb-app\/wp\/v2\/media\/980212"}],"wp:attachment":[{"href":"https:\/\/www.cnbb.org.br\/cnbb-app\/wp\/v2\/media?parent=980207"}],"wp:term":[{"taxonomy":"category","embeddable":true,"href":"https:\/\/www.cnbb.org.br\/cnbb-app\/wp\/v2\/categories?post=980207"},{"taxonomy":"post_tag","embeddable":true,"href":"https:\/\/www.cnbb.org.br\/cnbb-app\/wp\/v2\/tags?post=980207"}],"curies":[{"name":"wp","href":"https:\/\/api.w.org\/{rel}","templated":true}]}}