{"id":9804,"date":"2012-04-30T00:00:00","date_gmt":"2012-04-30T03:00:00","guid":{"rendered":"https:\/\/www.cnbb.org.br\/12o-encontro-da-pastoral-afroamericana\/"},"modified":"2012-04-30T00:00:00","modified_gmt":"2012-04-30T03:00:00","slug":"12o-encontro-da-pastoral-afroamericana","status":"publish","type":"post","link":"https:\/\/www.cnbb.org.br\/12o-encontro-da-pastoral-afroamericana\/","title":{"rendered":"12\u00ba Encontro da Pastoral Afroamericana"},"content":{"rendered":"<p style=\"text-align: justify\">A Pastoral Afroamericana est\u00e1 divulgando o seu 12\u00ba Encontro, que acontecer\u00e1 em Guayaquil, no Equador, de 16 a 20 de julho. O tema do encontro ser\u00e1 \u201cA Pastoral Afroamericana e o Documento de Aparecida: desafios e esperan\u00e7as na Igreja e na sociedade\u201d.<br \/>\nO Brasil tem 40 vagas dispon\u00edveis e as inscri\u00e7\u00f5es j\u00e1 est\u00e3o abertas at\u00e9 o dia 31 de maio, data limite.<\/p>\n<p><!--more--><\/p>\n<p style=\"text-align: justify\">O participante tem o compromisso de estudar o texto-base no seu grupo ou comunidade. O documento j\u00e1 est\u00e1 traduzido e est\u00e1 na sede da Pastoral Afro-brasileira. \u00c9 necess\u00e1rio enviar as respostas at\u00e9 o dia 20 de maio para a Pastoral Afrobrasileira (afro@cnbb.org.br).<\/p>\n<p style=\"text-align: justify\">O delegado inscrito dever\u00e1 ser um l\u00edder, participante da Pastoral Afro-brasileira em sua comunidade ou diocese e que tenha um trabalho concreto.<\/p>\n","protected":false},"excerpt":{"rendered":"<p>A Pastoral Afroamericana est\u00e1 divulgando o seu 12\u00ba Encontro, que acontecer\u00e1 em Guayaquil, no Equador, de 16 a 20 de julho. O tema do encontro ser\u00e1 \u201cA Pastoral Afroamericana e o Documento de Aparecida: desafios e esperan\u00e7as na Igreja e na sociedade\u201d. O Brasil tem 40 vagas dispon\u00edveis e as inscri\u00e7\u00f5es j\u00e1 est\u00e3o abertas at\u00e9 &hellip;<\/p>\n<p class=\"read-more\"> <a class=\"\" href=\"https:\/\/www.cnbb.org.br\/12o-encontro-da-pastoral-afroamericana\/\"> <span class=\"screen-reader-text\">12\u00ba Encontro da Pastoral Afroamericana<\/span> Leia mais &raquo;<\/a><\/p>\n","protected":false},"author":83,"featured_media":9805,"comment_status":"open","ping_status":"open","sticky":false,"template":"","format":"standard","meta":{"site-sidebar-layout":"default","site-content-layout":"default","ast-global-header-display":"","ast-banner-title-visibility":"","ast-main-header-display":"","ast-hfb-above-header-display":"","ast-hfb-below-header-display":"","ast-hfb-mobile-header-display":"","site-post-title":"","ast-breadcrumbs-content":"","ast-featured-img":"","footer-sml-layout":"","theme-transparent-header-meta":"","adv-header-id-meta":"","stick-header-meta":"","header-above-stick-meta":"","header-main-stick-meta":"","header-below-stick-meta":""},"categories":[851,766],"tags":[],"acf":[],"_links":{"self":[{"href":"https:\/\/www.cnbb.org.br\/cnbb-app\/wp\/v2\/posts\/9804"}],"collection":[{"href":"https:\/\/www.cnbb.org.br\/cnbb-app\/wp\/v2\/posts"}],"about":[{"href":"https:\/\/www.cnbb.org.br\/cnbb-app\/wp\/v2\/types\/post"}],"author":[{"embeddable":true,"href":"https:\/\/www.cnbb.org.br\/cnbb-app\/wp\/v2\/users\/83"}],"replies":[{"embeddable":true,"href":"https:\/\/www.cnbb.org.br\/cnbb-app\/wp\/v2\/comments?post=9804"}],"version-history":[{"count":0,"href":"https:\/\/www.cnbb.org.br\/cnbb-app\/wp\/v2\/posts\/9804\/revisions"}],"wp:featuredmedia":[{"embeddable":true,"href":"https:\/\/www.cnbb.org.br\/cnbb-app\/wp\/v2\/media\/9805"}],"wp:attachment":[{"href":"https:\/\/www.cnbb.org.br\/cnbb-app\/wp\/v2\/media?parent=9804"}],"wp:term":[{"taxonomy":"category","embeddable":true,"href":"https:\/\/www.cnbb.org.br\/cnbb-app\/wp\/v2\/categories?post=9804"},{"taxonomy":"post_tag","embeddable":true,"href":"https:\/\/www.cnbb.org.br\/cnbb-app\/wp\/v2\/tags?post=9804"}],"curies":[{"name":"wp","href":"https:\/\/api.w.org\/{rel}","templated":true}]}}