{"id":980407,"date":"2025-04-15T11:04:09","date_gmt":"2025-04-15T14:04:09","guid":{"rendered":"https:\/\/www.cnbb.org.br\/?p=980407"},"modified":"2025-04-15T11:05:04","modified_gmt":"2025-04-15T14:05:04","slug":"domingo-da-pascoa-e-da-ressurreicao","status":"publish","type":"post","link":"https:\/\/www.cnbb.org.br\/domingo-da-pascoa-e-da-ressurreicao\/","title":{"rendered":"Domingo da P\u00e1scoa e da Ressurrei\u00e7\u00e3o"},"content":{"rendered":"<div class=\"x_elementToProof\" style=\"text-align: right;\"><strong>Dom Antonio Carlos Rossi Keller<\/strong><\/div>\n<div class=\"x_elementToProof\" style=\"text-align: right;\"><strong>Bispo de Frederico Westphalen (RS)<\/strong><\/div>\n<div><\/div>\n<p style=\"text-align: justify;\"><span data-ccp-props=\"{&quot;201341983&quot;:0,&quot;335551550&quot;:6,&quot;335551620&quot;:6,&quot;335559739&quot;:0,&quot;335559740&quot;:360}\">\u00a0<\/span><\/p>\n<p style=\"text-align: justify;\"><span data-contrast=\"none\">As rela\u00e7\u00f5es humanas s\u00e3o marcadas por momentos de encontro e desencontro. Assim tamb\u00e9m sucede com a f\u00e9 crist\u00e3 e exemplo disso \u00e9 a morte de Jesus na cruz. Perante uma morte horrenda, injusta e cruel, \u201ctudo est\u00e1 consumado\u201d. \u00c9 o fim. Os disc\u00edpulos de Jesus \u201cencontram-se desencontrados\u201d. A morte deste homem \u00e9 o fim das suas esperan\u00e7as. Tudo o que viveram se tornara numa ilus\u00e3o e num total fracasso. Vivem uma cat\u00e1strofe. Cheios de medo, pavor, d\u00favidas e incredulidade, refugiam-se.<\/span><span data-ccp-props=\"{&quot;201341983&quot;:0,&quot;335551550&quot;:6,&quot;335551620&quot;:6,&quot;335559731&quot;:454,&quot;335559739&quot;:0,&quot;335559740&quot;:360}\">\u00a0<\/span><\/p>\n<p style=\"text-align: justify;\"><span data-contrast=\"none\">E agora?<\/span><span data-ccp-props=\"{&quot;201341983&quot;:0,&quot;335551550&quot;:6,&quot;335551620&quot;:6,&quot;335559731&quot;:454,&quot;335559739&quot;:0,&quot;335559740&quot;:360}\">\u00a0<\/span><\/p>\n<p style=\"text-align: justify;\"><b><span data-contrast=\"none\">Viu e acreditou<\/span><\/b><span data-ccp-props=\"{&quot;201341983&quot;:0,&quot;335551550&quot;:6,&quot;335551620&quot;:6,&quot;335559731&quot;:454,&quot;335559739&quot;:0,&quot;335559740&quot;:360}\">\u00a0<\/span><\/p>\n<p style=\"text-align: justify;\"><span data-contrast=\"none\">Agora, correm para o t\u00famulo.<\/span><span data-ccp-props=\"{&quot;201341983&quot;:0,&quot;335551550&quot;:6,&quot;335551620&quot;:6,&quot;335559731&quot;:454,&quot;335559739&quot;:0,&quot;335559740&quot;:360}\">\u00a0<\/span><\/p>\n<p style=\"text-align: justify;\"><span data-contrast=\"none\">Maria Madalena \u00e9 a primeira que vai logo \u201cde manh\u00e3zinha, ainda escuro\u201d ao sepulcro. Caminha com passo apressado, mas com um cora\u00e7\u00e3o pesaroso, cheio de des\u00e2nimo e de desencanto, porque pensava que a morte do seu Senhor seria o ponto final daquele que \u201cpassou fazendo o bem\u201d. Vai at\u00e9 junto do t\u00famulo e v\u00ea a grande pedra retirada e o sepulcro vazio. Corre novamente com passo apressado, mas com um cora\u00e7\u00e3o cheio de esperan\u00e7a e de expectativa e d\u00e1 a conhecer a Sim\u00e3o Pedro e ao disc\u00edpulo amado. Todos correm, todos v\u00eaem e todos acreditam que o Senhor Jesus n\u00e3o est\u00e1 ali. Ressuscitou.<\/span><span data-ccp-props=\"{&quot;201341983&quot;:0,&quot;335551550&quot;:6,&quot;335551620&quot;:6,&quot;335559731&quot;:454,&quot;335559739&quot;:0,&quot;335559740&quot;:360}\">\u00a0<\/span><\/p>\n<p style=\"text-align: justify;\"><span data-contrast=\"none\">Os disc\u00edpulos veem e acreditam que o Senhor ressuscitou. O corpo de Jesus n\u00e3o estava ali, pois s\u00f3 encontraram as ligaduras e o sud\u00e1rio. O Filho de Deus n\u00e3o ficou no sepulcro, porque n\u00e3o podia continuar prisioneiro da morte. O t\u00famulo n\u00e3o poderia encerrar Aquele que \u00e9 a fonte da vida. Acreditar que Jesus ressuscitou \u00e9 reconhecer que o mal e a morte, o \u00f3dio e o pecado, a desgra\u00e7a e a vingan\u00e7a, n\u00e3o t\u00eam a \u00faltima palavra, pois o amor de Deus \u00e9 mais forte que a morte. O Pai mostra que uma vida como a de Jesus n\u00e3o se pode perder, nem a dele nem a nossa. Resta-nos viver nesta expectativa: o amor de Deus \u00e9 mais forte que a nossa fragilidade e Cristo \u00e9 a nossa vida e nos convida a viver na Sua gra\u00e7a.<\/span><span data-ccp-props=\"{&quot;201341983&quot;:0,&quot;335551550&quot;:6,&quot;335551620&quot;:6,&quot;335559731&quot;:454,&quot;335559739&quot;:0,&quot;335559740&quot;:360}\">\u00a0<\/span><\/p>\n<p style=\"text-align: justify;\"><b><span data-contrast=\"none\">Anunciar o t\u00famulo vazio<\/span><\/b><span data-ccp-props=\"{&quot;201341983&quot;:0,&quot;335551550&quot;:6,&quot;335551620&quot;:6,&quot;335559731&quot;:454,&quot;335559739&quot;:0,&quot;335559740&quot;:360}\">\u00a0<\/span><\/p>\n<p style=\"text-align: justify;\"><span data-contrast=\"none\">\u00c9 no t\u00famulo que Maria Madalena, os disc\u00edpulos (Pedro e o disc\u00edpulo amado) e tantas outras pessoas (n\u00f3s inclu\u00eddos) encontrar\u00e3o respostas. O t\u00famulo deixar\u00e1 de ser sinal e sin\u00f4nimo de sofrimento, de luto e de dor. \u00c9 um novo espa\u00e7o. \u00c9 o espa\u00e7o para a gesta\u00e7\u00e3o da nova vida, dos novos disc\u00edpulos de Jesus. O desafio torna-se claro: \u00e9 preciso anunciar o t\u00famulo vazio, anunciar a vit\u00f3ria da vida sobre a morte. O t\u00famulo vazio \u00e9 oportunidade para anunciar que ap\u00f3s o inverno das nossas vidas vir\u00e1 sempre a primavera. A ressurrei\u00e7\u00e3o de Jesus produz sempre rebentos de esperan\u00e7a por toda a parte e, ainda que os cortem, eles voltam a despontar, porque a ressurrei\u00e7\u00e3o cont\u00e9m uma for\u00e7a de vida, uma for\u00e7a sem igual, que penetra este mundo e o outro.<\/span><span data-ccp-props=\"{&quot;201341983&quot;:0,&quot;335551550&quot;:6,&quot;335551620&quot;:6,&quot;335559731&quot;:454,&quot;335559739&quot;:0,&quot;335559740&quot;:360}\">\u00a0<\/span><\/p>\n<p style=\"text-align: justify;\"><span data-contrast=\"none\">Anunciar o t\u00famulo vazio \u00e9 a miss\u00e3o da Igreja, de cada disc\u00edpulo mission\u00e1rio. Este an\u00fancio diz respeito a todos e toca a cada um. Quem acredita deve correr, como Maria Madalena e os disc\u00edpulos, a anunciar com grande alegria que Cristo vive para sempre.<\/span><span data-ccp-props=\"{&quot;201341983&quot;:0,&quot;335551550&quot;:6,&quot;335551620&quot;:6,&quot;335559731&quot;:454,&quot;335559739&quot;:0,&quot;335559740&quot;:360}\">\u00a0<\/span><\/p>\n<p style=\"text-align: justify;\"><span data-contrast=\"none\">Este \u00e9 o dia que o Senhor fez: exultemos e anunciemos com alegria!<\/span><span data-ccp-props=\"{&quot;201341983&quot;:0,&quot;335551550&quot;:6,&quot;335551620&quot;:6,&quot;335559731&quot;:454,&quot;335559739&quot;:0,&quot;335559740&quot;:360}\">\u00a0<\/span><\/p>\n","protected":false},"excerpt":{"rendered":"<p>Dom Antonio Carlos Rossi Keller Bispo de Frederico Westphalen (RS) \u00a0 As rela\u00e7\u00f5es humanas s\u00e3o marcadas por momentos de encontro e desencontro. Assim tamb\u00e9m sucede com a f\u00e9 crist\u00e3 e exemplo disso \u00e9 a morte de Jesus na cruz. Perante uma morte horrenda, injusta e cruel, \u201ctudo est\u00e1 consumado\u201d. \u00c9 o fim. Os disc\u00edpulos de &hellip;<\/p>\n<p class=\"read-more\"> <a class=\"\" href=\"https:\/\/www.cnbb.org.br\/domingo-da-pascoa-e-da-ressurreicao\/\"> <span class=\"screen-reader-text\">Domingo da P\u00e1scoa e da Ressurrei\u00e7\u00e3o<\/span> Leia mais &raquo;<\/a><\/p>\n","protected":false},"author":1821,"featured_media":0,"comment_status":"closed","ping_status":"closed","sticky":false,"template":"","format":"standard","meta":{"site-sidebar-layout":"default","site-content-layout":"default","ast-global-header-display":"","ast-banner-title-visibility":"","ast-main-header-display":"","ast-hfb-above-header-display":"","ast-hfb-below-header-display":"","ast-hfb-mobile-header-display":"","site-post-title":"","ast-breadcrumbs-content":"","ast-featured-img":"","footer-sml-layout":"","theme-transparent-header-meta":"default","adv-header-id-meta":"","stick-header-meta":"","header-above-stick-meta":"","header-main-stick-meta":"","header-below-stick-meta":""},"categories":[758,1837],"tags":[],"acf":[],"_links":{"self":[{"href":"https:\/\/www.cnbb.org.br\/cnbb-app\/wp\/v2\/posts\/980407"}],"collection":[{"href":"https:\/\/www.cnbb.org.br\/cnbb-app\/wp\/v2\/posts"}],"about":[{"href":"https:\/\/www.cnbb.org.br\/cnbb-app\/wp\/v2\/types\/post"}],"author":[{"embeddable":true,"href":"https:\/\/www.cnbb.org.br\/cnbb-app\/wp\/v2\/users\/1821"}],"replies":[{"embeddable":true,"href":"https:\/\/www.cnbb.org.br\/cnbb-app\/wp\/v2\/comments?post=980407"}],"version-history":[{"count":2,"href":"https:\/\/www.cnbb.org.br\/cnbb-app\/wp\/v2\/posts\/980407\/revisions"}],"predecessor-version":[{"id":980409,"href":"https:\/\/www.cnbb.org.br\/cnbb-app\/wp\/v2\/posts\/980407\/revisions\/980409"}],"wp:attachment":[{"href":"https:\/\/www.cnbb.org.br\/cnbb-app\/wp\/v2\/media?parent=980407"}],"wp:term":[{"taxonomy":"category","embeddable":true,"href":"https:\/\/www.cnbb.org.br\/cnbb-app\/wp\/v2\/categories?post=980407"},{"taxonomy":"post_tag","embeddable":true,"href":"https:\/\/www.cnbb.org.br\/cnbb-app\/wp\/v2\/tags?post=980407"}],"curies":[{"name":"wp","href":"https:\/\/api.w.org\/{rel}","templated":true}]}}