{"id":980784,"date":"2025-04-21T09:47:45","date_gmt":"2025-04-21T12:47:45","guid":{"rendered":"https:\/\/www.cnbb.org.br\/?p=980784"},"modified":"2025-04-23T11:57:25","modified_gmt":"2025-04-23T14:57:25","slug":"nota-de-pesar-cnbb-falecimento-papa-francisco","status":"publish","type":"post","link":"https:\/\/www.cnbb.org.br\/nota-de-pesar-cnbb-falecimento-papa-francisco\/","title":{"rendered":"Nota de Pesar da CNBB pelo falecimento do Papa Francisco"},"content":{"rendered":"<p>A Confer\u00eancia Nacional dos Bispos do Brasil (CNBB) une-se em ora\u00e7\u00f5es e preces ao povo de Deus em todo o mundo pelo falecimento de Sua Santidade, o Papa Francisco, peregrino da esperan\u00e7a, pastor humilde e corajoso, testemunha incans\u00e1vel da miseric\u00f3rdia de Deus, que conduziu a Igreja com sabedoria evang\u00e9lica, compaix\u00e3o e esp\u00edrito mission\u00e1rio.<\/p>\n<p>Desde o in\u00edcio de seu pontificado, o Papa Francisco nos inspirou com a for\u00e7a dos gestos simples e com a profundidade de seus ensinamentos. Ele nos ensinou que a verdadeira grandeza da Igreja est\u00e1 em sua capacidade de encontro com as feridas da humanidade. Em suas palavras, atitudes e escolhas, fomos conduzidos a um encontro mais aut\u00eantico com Cristo, especialmente presente nos pobres, nos migrantes, nos doentes e em todos os que sofrem.<\/p>\n<p>Recordamos com carinho sua presen\u00e7a no Brasil, por ocasi\u00e3o da Jornada Mundial da Juventude de 2013, quando exortou: \u201cN\u00e3o tenham medo de ir e de levar Cristo a todos os ambientes\u201d. Francisco foi, para o nosso tempo, sinal da esperan\u00e7a viva, express\u00e3o da ternura do Pai e mensageiro da fraternidade universal.<\/p>\n<p>Com o cora\u00e7\u00e3o entristecido, mas cheio de esperan\u00e7a, elevamos nossas preces ao Senhor da Vida, confiando ao Seu infinito amor o servo fiel que, como Pedro, guiou a barca da Igreja com coragem e amor ao Evangelho.<\/p>\n<p>Como Igreja no Brasil, rendemos gra\u00e7as ao Senhor por este testemunho luminoso. Unimo-nos a toda a Igreja em ora\u00e7\u00e3o, confiando a alma do querido Papa Francisco \u00e0 miseric\u00f3rdia do Pai. Que o Ressuscitado, a quem ele seguiu com amor fiel, o receba no seu Reino de luz e de paz.<\/p>\n<p>Bras\u00edlia, 21 de abril de 2025<\/p>\n<p><strong>Dom Jaime Cardeal Spengler<\/strong><br \/>\nArcebispo de Porto Alegre (RS)<br \/>\nPresidente da CNBB<\/p>\n<p><strong>Dom Jo\u00e3o Justino de Medeiros Silva<\/strong><br \/>\nArcebispo de Goi\u00e2nia (GO)<br \/>\nPrimeiro Vice-presidente da CNBB<\/p>\n<p><strong>Dom Paulo Jackson N\u00f3brega de Sousa<\/strong><br \/>\nArcebispo de Olinda e Recife (PE)<br \/>\nSegundo Vice-presidente da CNBB<\/p>\n<p><strong>Dom Ricardo Hoepers<\/strong><br \/>\nBispo auxiliar de Bras\u00edlia (DF)<br \/>\nSecret\u00e1rio-geral da CNBB<\/p>\n","protected":false},"excerpt":{"rendered":"<p>A CNBB une-se em ora\u00e7\u00f5es e preces ao povo de Deus em todo o mundo pelo falecimento de Sua Santidade, o Papa Francisco, peregrino da esperan\u00e7a, pastor humilde e corajoso, testemunha incans\u00e1vel da miseric\u00f3rdia de Deus, que conduziu a Igreja com sabedoria evang\u00e9lica, compaix\u00e3o e esp\u00edrito mission\u00e1rio<\/p>\n","protected":false},"author":38,"featured_media":980808,"comment_status":"closed","ping_status":"closed","sticky":false,"template":"","format":"standard","meta":{"site-sidebar-layout":"default","site-content-layout":"default","ast-global-header-display":"","ast-banner-title-visibility":"","ast-main-header-display":"","ast-hfb-above-header-display":"","ast-hfb-below-header-display":"","ast-hfb-mobile-header-display":"","site-post-title":"","ast-breadcrumbs-content":"","ast-featured-img":"","footer-sml-layout":"","theme-transparent-header-meta":"default","adv-header-id-meta":"","stick-header-meta":"","header-above-stick-meta":"","header-main-stick-meta":"","header-below-stick-meta":""},"categories":[1841,1191],"tags":[5968],"acf":[],"_links":{"self":[{"href":"https:\/\/www.cnbb.org.br\/cnbb-app\/wp\/v2\/posts\/980784"}],"collection":[{"href":"https:\/\/www.cnbb.org.br\/cnbb-app\/wp\/v2\/posts"}],"about":[{"href":"https:\/\/www.cnbb.org.br\/cnbb-app\/wp\/v2\/types\/post"}],"author":[{"embeddable":true,"href":"https:\/\/www.cnbb.org.br\/cnbb-app\/wp\/v2\/users\/38"}],"replies":[{"embeddable":true,"href":"https:\/\/www.cnbb.org.br\/cnbb-app\/wp\/v2\/comments?post=980784"}],"version-history":[{"count":1,"href":"https:\/\/www.cnbb.org.br\/cnbb-app\/wp\/v2\/posts\/980784\/revisions"}],"predecessor-version":[{"id":980786,"href":"https:\/\/www.cnbb.org.br\/cnbb-app\/wp\/v2\/posts\/980784\/revisions\/980786"}],"wp:featuredmedia":[{"embeddable":true,"href":"https:\/\/www.cnbb.org.br\/cnbb-app\/wp\/v2\/media\/980808"}],"wp:attachment":[{"href":"https:\/\/www.cnbb.org.br\/cnbb-app\/wp\/v2\/media?parent=980784"}],"wp:term":[{"taxonomy":"category","embeddable":true,"href":"https:\/\/www.cnbb.org.br\/cnbb-app\/wp\/v2\/categories?post=980784"},{"taxonomy":"post_tag","embeddable":true,"href":"https:\/\/www.cnbb.org.br\/cnbb-app\/wp\/v2\/tags?post=980784"}],"curies":[{"name":"wp","href":"https:\/\/api.w.org\/{rel}","templated":true}]}}