{"id":980819,"date":"2025-04-21T17:40:27","date_gmt":"2025-04-21T20:40:27","guid":{"rendered":"https:\/\/www.cnbb.org.br\/?p=980819"},"modified":"2025-04-23T11:55:31","modified_gmt":"2025-04-23T14:55:31","slug":"em-coletiva-de-imprensa-secretario-geral-da-cnbb-afirmouque-mundo-viu-a-face-do-bom-pastor-refletida-em-francisco","status":"publish","type":"post","link":"https:\/\/www.cnbb.org.br\/em-coletiva-de-imprensa-secretario-geral-da-cnbb-afirmouque-mundo-viu-a-face-do-bom-pastor-refletida-em-francisco\/","title":{"rendered":"Em Coletiva de Imprensa, Secret\u00e1rio-Geral da CNBB afirmou que mundo viu a face do bom pastor refletida em Francisco"},"content":{"rendered":"<p style=\"text-align: justify;\">A Nunciatura Apost\u00f3lica no Brasil e a Confer\u00eancia Nacional dos Bispos do Brasil (CNBB) promoveram uma coletiva de imprensa na tarde desta segunda-feira, 21 de abril, sobre os desdobramentos na Igreja ap\u00f3s o an\u00fancio do falecimento do Papa Francisco.<\/p>\n<p style=\"text-align: justify;\"><img decoding=\"async\" loading=\"lazy\" class=\"size-medium wp-image-980849 alignright\" src=\"https:\/\/www.cnbb.org.br\/wp-content\/uploads\/2025\/04\/Coletiva-dom-Ricardo-Papa-300x200.jpg\" alt=\"\" width=\"300\" height=\"200\" srcset=\"https:\/\/www.cnbb.org.br\/wp-content\/uploads\/2025\/04\/Coletiva-dom-Ricardo-Papa-300x200.jpg 300w, https:\/\/www.cnbb.org.br\/wp-content\/uploads\/2025\/04\/Coletiva-dom-Ricardo-Papa-768x512.jpg 768w, https:\/\/www.cnbb.org.br\/wp-content\/uploads\/2025\/04\/Coletiva-dom-Ricardo-Papa-500x333.jpg 500w, https:\/\/www.cnbb.org.br\/wp-content\/uploads\/2025\/04\/Coletiva-dom-Ricardo-Papa.jpg 1024w\" sizes=\"(max-width: 300px) 100vw, 300px\" \/>O bispo auxiliar de Bras\u00edlia e secret\u00e1rio-geral da Confer\u00eancia Nacional do Bispos do Brasil (CNBB), dom Ricardo Hoepers, deu in\u00edcio \u00e0 coletiva lendo um trecho da mensagem da presid\u00eancia da Confer\u00eancia:<\/p>\n<blockquote>\n<p style=\"text-align: justify;\">&#8220;&#8216;Servo bom e fiel entra na alegria do Senhor. A CNBB une-se em ora\u00e7\u00f5es e preces ao povo de Deus em todo o mundo pelo falecimento de Sua Santidade, o Papa Francisco, peregrino da esperan\u00e7a, pastor humilde e corajoso, testemunha incans\u00e1vel da miseric\u00f3rdia de Deus, que conduziu a Igreja com sabedoria evang\u00e9lica, compaix\u00e3o e esp\u00edrito mission\u00e1rio&#8221;.<\/p>\n<\/blockquote>\n<h3>Um Papa que servia antes de ser servido<\/h3>\n<p style=\"text-align: justify;\">Dom Ricardo destacou caracter\u00edsticas que marcaram o pontificado de Francisco: &#8220;O primeiro Papa Latino-Americano pastor pr\u00f3ximo, simples e atento \u00e0s periferias. Guiado pelo Evangelho da Miseric\u00f3rdia e sopro do Esp\u00edrito. Seu primeiro gesto: pedir a ora\u00e7\u00e3o do povo antes de aben\u00e7o\u00e1-lo. Um papa que servia antes de ser servido. Construtor de pontes entre o Evangelho as dores do mundo. Ensinou-nos que a centralidade da Igreja est\u00e1 nos pobres&#8221;, enfatizou.<\/p>\n<p style=\"text-align: justify;\">Dom Ricardo afirmou que o Santo Padre por meio do seu compromisso com a Sinodalidade transformou n\u00e3o apenas o modo de governar mas tamb\u00e9m o modo de viver a f\u00e9 no nosso tempo. &#8220;O Papa Francisco apontou, na Jornada Mundial da Juventude, no Rio de Janeiro, em 2013, sua primeira viagem apost\u00f3lica, para uma Igreja em sa\u00edda, corajosa, em sa\u00edda mission\u00e1ria&#8221;, afirmou.<\/p>\n<p style=\"text-align: justify;\">Dom Ricardo destacou o afeto do Papa Francisco pelo povo brasileiro e lembrou que o Santo Padre, por meio dos documentos que publicou em seu magist\u00e9rio, foi uma b\u00ean\u00e7\u00e3o para nosso tempo. &#8220;Com o seu magist\u00e9rio, Francisco reavivou o frescor do conc\u00edlio Vaticano II. Nos seus gestos, lavando os p\u00e9s de presos, acolhendo migrantes, abra\u00e7ando doentes o mundo viu a face do bom pastor. O secret\u00e1rio-geral da CNBB destacou ainda a dor e a ang\u00fastia do Papa diante das guerras e conflitos do presente, o que ele classificou, em diversas ocasi\u00f5es, como a &#8220;terceira guerra mundial em peda\u00e7os&#8221;.<\/p>\n<blockquote>\n<p style=\"text-align: justify;\">&#8220;Como Igreja no Brasil queremos expressar nossa tristeza e, ao mesmo tempo, renovar da nossa f\u00e9. Neste tempo pascal, queremos render gra\u00e7as ao Senhor pelo testemunho luminoso que o Papa Francisco ofereceu ao mundo&#8221;, disse.<\/p>\n<\/blockquote>\n<figure id=\"attachment_980852\" aria-describedby=\"caption-attachment-980852\" style=\"width: 1024px\" class=\"wp-caption aligncenter\"><img decoding=\"async\" loading=\"lazy\" class=\"wp-image-980852 size-full\" src=\"https:\/\/www.cnbb.org.br\/wp-content\/uploads\/2025\/04\/Coletiva-Papa-todos.jpg\" alt=\"\" width=\"1024\" height=\"683\" srcset=\"https:\/\/www.cnbb.org.br\/wp-content\/uploads\/2025\/04\/Coletiva-Papa-todos.jpg 1024w, https:\/\/www.cnbb.org.br\/wp-content\/uploads\/2025\/04\/Coletiva-Papa-todos-300x200.jpg 300w, https:\/\/www.cnbb.org.br\/wp-content\/uploads\/2025\/04\/Coletiva-Papa-todos-768x512.jpg 768w, https:\/\/www.cnbb.org.br\/wp-content\/uploads\/2025\/04\/Coletiva-Papa-todos-500x333.jpg 500w\" sizes=\"(max-width: 1024px) 100vw, 1024px\" \/><figcaption id=\"caption-attachment-980852\" class=\"wp-caption-text\">Coletiva de Imprensa sobre a morte do Papa. | Fotos: Fiama Tonh\u00e1 &#8211; ASCOM CNBB.<\/figcaption><\/figure>\n<h3>Ensinou a todos a viver os valores do Evangelho<\/h3>\n<p style=\"text-align: justify;\"><img decoding=\"async\" loading=\"lazy\" class=\"size-medium wp-image-980850 alignleft\" src=\"https:\/\/www.cnbb.org.br\/wp-content\/uploads\/2025\/04\/Nuncio-coletiva-Papa-300x200.jpg\" alt=\"\" width=\"300\" height=\"200\" srcset=\"https:\/\/www.cnbb.org.br\/wp-content\/uploads\/2025\/04\/Nuncio-coletiva-Papa-300x200.jpg 300w, https:\/\/www.cnbb.org.br\/wp-content\/uploads\/2025\/04\/Nuncio-coletiva-Papa-768x512.jpg 768w, https:\/\/www.cnbb.org.br\/wp-content\/uploads\/2025\/04\/Nuncio-coletiva-Papa-500x333.jpg 500w, https:\/\/www.cnbb.org.br\/wp-content\/uploads\/2025\/04\/Nuncio-coletiva-Papa.jpg 1024w\" sizes=\"(max-width: 300px) 100vw, 300px\" \/>N\u00fancio apost\u00f3lico no Brasil, dom Giambattista Diquattro, anunciou com profunda dor a morte do Papa e afirmou que o toda a sua vida foi dedicada ao servi\u00e7o do Senhor e \u00e0 sua Igreja.<\/p>\n<p style=\"text-align: justify;\">De acordo com o N\u00fancio, o Papa ensinou a todos a viver os valores do Evangelho com fidelidade, coragem e amor universal, especialmente em favor dos mais pobres e marginalizados . &#8220;Com imensa gratid\u00e3o pelo seu verdadeiro exemplo de disc\u00edpulo de nosso Senhor Jesus entregamos a alma do Papa a Deus&#8221;, disse.<\/p>\n<blockquote>\n<p style=\"text-align: justify;\">Dom Giambatista relembrou que o Brasil foi o primeiro pa\u00eds visitado pelo Papa Francisco ap\u00f3s ser eleito Papa. &#8220;A partida do Papa Francisco ocorre no mesmo dia em que a Igreja celebra na liturgia o an\u00fancio da Ressurrei\u00e7\u00e3o. De todo Brasil est\u00e3o chegando not\u00edcias de celebra\u00e7\u00f5es lit\u00fargicas em sufr\u00e1gio pela alma de Francisco&#8221;, refor\u00e7ou.<\/p>\n<\/blockquote>\n<p style=\"text-align: justify;\">O secret\u00e1rio-geral destacou que a Igreja no Brasil e no mundo viver\u00e1 agora um per\u00edodo pr\u00f3prio para o luto com o funeral e o sepultamento. S\u00f3 ap\u00f3s isto, segundo ele, se falar\u00e1 em Conclave. Ap\u00f3s a coletiva, o secret\u00e1rio-geral da CNBB e o N\u00fancio Apost\u00f3lico no Brasil responderam \u00e0s perguntas dos jornalistas presentes na coletiva.<\/p>\n<p style=\"text-align: justify;\">Tamb\u00e9m participaram da coletiva, cuja condu\u00e7\u00e3o foi do assessor de comunica\u00e7\u00e3o da CNBB, o padre Arnaldo Rodrigues, o subsecret\u00e1rio geral da CNBB, padre Leandro Megeto, e o monsenhor Gabriele Pesce da Nunciatura Apost\u00f3lica no Brasil.<\/p>\n<p><strong>Confira a \u00edntegra da cobertura aqui:<\/strong><\/p>\n<div class=\"ast-oembed-container\" style=\"height: 100%;\"><iframe loading=\"lazy\" title=\"Coletiva de Imprensa CNBB sobre o Papa Francisco\" width=\"500\" height=\"281\" src=\"https:\/\/www.youtube.com\/embed\/9-5hqnB-RjY?feature=oembed\" frameborder=\"0\" allow=\"accelerometer; autoplay; clipboard-write; encrypted-media; gyroscope; picture-in-picture; web-share\" referrerpolicy=\"strict-origin-when-cross-origin\" allowfullscreen><\/iframe><\/div>\n<p>&nbsp;<\/p>\n<pre>Por Willian Bonfim<\/pre>\n<p>&nbsp;<\/p>\n<p>&nbsp;<\/p>\n","protected":false},"excerpt":{"rendered":"<p>&#8220;A CNBB une-se em ora\u00e7\u00f5es e preces ao povo de Deus em todo o mundo pelo falecimento de Sua Santidade, o Papa Francisco, peregrino da esperan\u00e7a, pastor humilde e corajoso, testemunha incans\u00e1vel da miseric\u00f3rdia de Deus, que conduziu a Igreja com sabedoria evang\u00e9lica, compaix\u00e3o e esp\u00edrito mission\u00e1rio&#8221;, disse o secret\u00e1rio-geral da CNBB<\/p>\n","protected":false},"author":142,"featured_media":980848,"comment_status":"closed","ping_status":"closed","sticky":false,"template":"","format":"standard","meta":{"site-sidebar-layout":"default","site-content-layout":"default","ast-global-header-display":"","ast-banner-title-visibility":"","ast-main-header-display":"","ast-hfb-above-header-display":"","ast-hfb-below-header-display":"","ast-hfb-mobile-header-display":"","site-post-title":"","ast-breadcrumbs-content":"","ast-featured-img":"","footer-sml-layout":"","theme-transparent-header-meta":"default","adv-header-id-meta":"","stick-header-meta":"","header-above-stick-meta":"","header-main-stick-meta":"","header-below-stick-meta":""},"categories":[50,784],"tags":[5968],"acf":[],"_links":{"self":[{"href":"https:\/\/www.cnbb.org.br\/cnbb-app\/wp\/v2\/posts\/980819"}],"collection":[{"href":"https:\/\/www.cnbb.org.br\/cnbb-app\/wp\/v2\/posts"}],"about":[{"href":"https:\/\/www.cnbb.org.br\/cnbb-app\/wp\/v2\/types\/post"}],"author":[{"embeddable":true,"href":"https:\/\/www.cnbb.org.br\/cnbb-app\/wp\/v2\/users\/142"}],"replies":[{"embeddable":true,"href":"https:\/\/www.cnbb.org.br\/cnbb-app\/wp\/v2\/comments?post=980819"}],"version-history":[{"count":14,"href":"https:\/\/www.cnbb.org.br\/cnbb-app\/wp\/v2\/posts\/980819\/revisions"}],"predecessor-version":[{"id":980875,"href":"https:\/\/www.cnbb.org.br\/cnbb-app\/wp\/v2\/posts\/980819\/revisions\/980875"}],"wp:featuredmedia":[{"embeddable":true,"href":"https:\/\/www.cnbb.org.br\/cnbb-app\/wp\/v2\/media\/980848"}],"wp:attachment":[{"href":"https:\/\/www.cnbb.org.br\/cnbb-app\/wp\/v2\/media?parent=980819"}],"wp:term":[{"taxonomy":"category","embeddable":true,"href":"https:\/\/www.cnbb.org.br\/cnbb-app\/wp\/v2\/categories?post=980819"},{"taxonomy":"post_tag","embeddable":true,"href":"https:\/\/www.cnbb.org.br\/cnbb-app\/wp\/v2\/tags?post=980819"}],"curies":[{"name":"wp","href":"https:\/\/api.w.org\/{rel}","templated":true}]}}