{"id":980932,"date":"2025-04-23T12:08:53","date_gmt":"2025-04-23T15:08:53","guid":{"rendered":"https:\/\/www.cnbb.org.br\/?p=980932"},"modified":"2025-04-23T12:13:23","modified_gmt":"2025-04-23T15:13:23","slug":"lancamento-do-relatorio-conflitos-no-campo-brasil-2024-destaca-desafios-e-urgencia-na-defesa-dos-direitos-humanos-no-campo","status":"publish","type":"post","link":"https:\/\/www.cnbb.org.br\/lancamento-do-relatorio-conflitos-no-campo-brasil-2024-destaca-desafios-e-urgencia-na-defesa-dos-direitos-humanos-no-campo\/","title":{"rendered":"Relat\u00f3rio \u201cConflitos no Campo Brasil 2024\u201d destaca desafios e urg\u00eancia na defesa dos direitos humanos no campo"},"content":{"rendered":"<p style=\"text-align: justify;\">Nesta quarta-feira, 23 de abril, foi lan\u00e7ado o relat\u00f3rio &#8220;Conflitos no Campo Brasil 2024&#8221;, durante evento realizado na sede da Confer\u00eancia Nacional dos Bispos do Brasil (CNBB), em Bras\u00edlia, com transmiss\u00e3o <a href=\"https:\/\/www.youtube.com\/watch?v=D3mZ4L_Dhr4\" data-rel=\"lightbox-video-0\" target=\"_blank\" rel=\"noopener\">ao vivo pelo canal da Comiss\u00e3o Pastoral da Terra (CPT) no YouTube<\/a>. O documento, que j\u00e1 \u00e9 uma refer\u00eancia de pesquisa sobre a viol\u00eancia no campo brasileiro, trouxe \u00e0 tona dados alarmantes, embora com uma leve diminui\u00e7\u00e3o no n\u00famero total de conflitos, quando comparado a 2023, um ano que registrou os maiores \u00edndices da s\u00e9rie hist\u00f3rica.<\/p>\n<p style=\"text-align: justify;\">Apesar da queda no n\u00famero geral de conflitos, a realidade permanece desafiadora, com a viol\u00eancia por terra e \u00e1gua permanecendo entre os maiores da hist\u00f3ria do relat\u00f3rio. O Maranh\u00e3o segue sendo o estado com maior concentra\u00e7\u00e3o de conflitos, especialmente em raz\u00e3o da contamina\u00e7\u00e3o por agrot\u00f3xicos nas comunidades tradicionais. Embora os homic\u00eddios tenham diminu\u00eddo (de 31 para 13), as tentativas de assassinato e amea\u00e7as de morte aumentaram, refletindo a intensifica\u00e7\u00e3o da viol\u00eancia contra as pessoas, principalmente em regi\u00f5es afetadas por grandes projetos de infraestrutura e pelo avan\u00e7o do agroneg\u00f3cio.<\/p>\n<h3 style=\"text-align: justify;\">Um apelo \u00e0 visibilidade dos invis\u00edveis<\/h3>\n<p style=\"text-align: justify;\">Durante o lan\u00e7amento, o secret\u00e1rio-geral da Confer\u00eancia Nacional dos Bispo do Brasil (CNBB), dom Ricardo Hoepers, fez uma reflex\u00e3o profunda sobre a import\u00e2ncia de dar visibilidade aos povos e comunidades que sofrem os impactos dessas viol\u00eancias. Ele destacou a miss\u00e3o da Igreja em acolher as quest\u00f5es mais urgentes da sociedade, lembrando que o Papa Francisco sempre enfatizou a necessidade de cuidar das &#8220;periferias existenciais e geogr\u00e1ficas&#8221; e de enfrentar os desafios mais dif\u00edceis da humanidade.<\/p>\n<figure id=\"attachment_980939\" aria-describedby=\"caption-attachment-980939\" style=\"width: 420px\" class=\"wp-caption alignleft\"><img decoding=\"async\" loading=\"lazy\" class=\"wp-image-980939 \" src=\"https:\/\/www.cnbb.org.br\/wp-content\/uploads\/2025\/04\/54471165165_af14908140_o-1024x683.jpg\" alt=\"\" width=\"420\" height=\"280\" srcset=\"https:\/\/www.cnbb.org.br\/wp-content\/uploads\/2025\/04\/54471165165_af14908140_o-1024x683.jpg 1024w, https:\/\/www.cnbb.org.br\/wp-content\/uploads\/2025\/04\/54471165165_af14908140_o-300x200.jpg 300w, https:\/\/www.cnbb.org.br\/wp-content\/uploads\/2025\/04\/54471165165_af14908140_o-768x512.jpg 768w, https:\/\/www.cnbb.org.br\/wp-content\/uploads\/2025\/04\/54471165165_af14908140_o-1536x1024.jpg 1536w, https:\/\/www.cnbb.org.br\/wp-content\/uploads\/2025\/04\/54471165165_af14908140_o-500x333.jpg 500w, https:\/\/www.cnbb.org.br\/wp-content\/uploads\/2025\/04\/54471165165_af14908140_o.jpg 2048w\" sizes=\"(max-width: 420px) 100vw, 420px\" \/><figcaption id=\"caption-attachment-980939\" class=\"wp-caption-text\">Dom Ricardo Hoepers, secret\u00e1rio-geral da CNBB<\/figcaption><\/figure>\n<p style=\"text-align: justify;\">Dom Ricardo fez tamb\u00e9m uma liga\u00e7\u00e3o com os ensinamentos do Papa Francisco, particularmente a quest\u00e3o da &#8220;globaliza\u00e7\u00e3o da indiferen\u00e7a&#8221;, termo cunhado por ele ap\u00f3s a visita a Lampedusa, onde mais de 200 pessoas haviam morrido em um naufr\u00e1gio.<\/p>\n<p style=\"text-align: justify;\">O prelado refor\u00e7ou que o relat\u00f3rio da CPT \u00e9 uma resposta a essa indiferen\u00e7a, buscando n\u00e3o deixar ningu\u00e9m invisibilizado, dando nomes e biografias \u00e0s v\u00edtimas dos conflitos no campo.<\/p>\n<p style=\"text-align: justify;\">O bispo ainda ressaltou a conex\u00e3o do relat\u00f3rio com a Campanha da Fraternidade deste ano, lembrando os 10 anos da enc\u00edclica Laudato Si\u2019, que trata da defesa do planeta e dos direitos das gera\u00e7\u00f5es futuras. Segundo dom Ricardo, o cuidado com a terra, com as pessoas e com a cria\u00e7\u00e3o de Deus deve ser central no compromisso de todos.<\/p>\n<h3 style=\"text-align: justify;\">Viol\u00eancia persiste, mas h\u00e1 esperan\u00e7a<\/h3>\n<p style=\"text-align: justify;\">Ao portal da CNBB, o presidente da CPT, dom Jos\u00e9 Ionilton, tamb\u00e9m comentou sobre os dados revelados no relat\u00f3rio, destacando que, embora o n\u00famero de mortes tenha diminu\u00eddo, a viol\u00eancia no campo persiste, especialmente contra povos ind\u00edgenas e quilombolas, cujos territ\u00f3rios est\u00e3o sendo invadidos e amea\u00e7ados por interesses ligados ao agroneg\u00f3cio e a grandes projetos de infraestrutura.<\/p>\n<figure id=\"attachment_980934\" aria-describedby=\"caption-attachment-980934\" style=\"width: 420px\" class=\"wp-caption alignright\"><img decoding=\"async\" loading=\"lazy\" class=\"wp-image-980934 \" src=\"https:\/\/www.cnbb.org.br\/wp-content\/uploads\/2025\/04\/54471073048_2028326114_o-1024x683.jpg\" alt=\"\" width=\"420\" height=\"280\" srcset=\"https:\/\/www.cnbb.org.br\/wp-content\/uploads\/2025\/04\/54471073048_2028326114_o-1024x683.jpg 1024w, https:\/\/www.cnbb.org.br\/wp-content\/uploads\/2025\/04\/54471073048_2028326114_o-300x200.jpg 300w, https:\/\/www.cnbb.org.br\/wp-content\/uploads\/2025\/04\/54471073048_2028326114_o-768x512.jpg 768w, https:\/\/www.cnbb.org.br\/wp-content\/uploads\/2025\/04\/54471073048_2028326114_o-1536x1024.jpg 1536w, https:\/\/www.cnbb.org.br\/wp-content\/uploads\/2025\/04\/54471073048_2028326114_o-500x333.jpg 500w, https:\/\/www.cnbb.org.br\/wp-content\/uploads\/2025\/04\/54471073048_2028326114_o.jpg 2048w\" sizes=\"(max-width: 420px) 100vw, 420px\" \/><figcaption id=\"caption-attachment-980934\" class=\"wp-caption-text\">Dom Jos\u00e9 Ionilton, presidente da CPT<\/figcaption><\/figure>\n<p style=\"text-align: justify;\">Para ele, a &#8220;lei do Marco Temporal&#8221;, que tem gerado inseguran\u00e7a nas terras ind\u00edgenas, \u00e9 uma das principais respons\u00e1veis por essa escalada de viol\u00eancia. Al\u00e9m disso, comentou que a liberaliza\u00e7\u00e3o do porte de armas durante o governo anterior tamb\u00e9m contribuiu para o aumento da viol\u00eancia armada, criando um cen\u00e1rio de impunidade e inseguran\u00e7a para aqueles que lutam para defender seus direitos.<\/p>\n<blockquote>\n<p style=\"text-align: justify;\">&#8220;Apesar de algumas vit\u00f3rias, como a redu\u00e7\u00e3o das mortes, os conflitos seguem intensos. O avan\u00e7o do agroneg\u00f3cio, do garimpo ilegal e dos grandes projetos de infraestrutura t\u00eam gerado conflitos que afetam principalmente as comunidades da Amaz\u00f4nia e do Norte do Brasil. A viol\u00eancia ainda \u00e9 um problema a ser enfrentado com urg\u00eancia.&#8221;<\/p>\n<\/blockquote>\n<h3 style=\"text-align: justify;\">40 anos de luta pela justi\u00e7a no campo<\/h3>\n<p style=\"text-align: justify;\">O relat\u00f3rio tamb\u00e9m celebra uma marca significativa para a CPT: seus 40 anos de atua\u00e7\u00e3o no monitoramento dos conflitos no campo, desde a cria\u00e7\u00e3o de seu setor de documenta\u00e7\u00e3o em 1985. Em 2025, a Comiss\u00e3o Pastoral da Terra completa 50 anos, e o lan\u00e7amento do relat\u00f3rio Conflitos no Campo Brasil 2024 \u00e9, portanto, uma oportunidade para refletir sobre a hist\u00f3ria de resist\u00eancia e luta pelos direitos dos trabalhadores rurais e das comunidades tradicionais.<\/p>\n<p><img decoding=\"async\" loading=\"lazy\" class=\"aligncenter wp-image-980937 \" src=\"https:\/\/www.cnbb.org.br\/wp-content\/uploads\/2025\/04\/54470805426_da8672fdd9_o-1024x683.jpg\" alt=\"\" width=\"481\" height=\"321\" srcset=\"https:\/\/www.cnbb.org.br\/wp-content\/uploads\/2025\/04\/54470805426_da8672fdd9_o-1024x683.jpg 1024w, https:\/\/www.cnbb.org.br\/wp-content\/uploads\/2025\/04\/54470805426_da8672fdd9_o-300x200.jpg 300w, https:\/\/www.cnbb.org.br\/wp-content\/uploads\/2025\/04\/54470805426_da8672fdd9_o-768x512.jpg 768w, https:\/\/www.cnbb.org.br\/wp-content\/uploads\/2025\/04\/54470805426_da8672fdd9_o-1536x1024.jpg 1536w, https:\/\/www.cnbb.org.br\/wp-content\/uploads\/2025\/04\/54470805426_da8672fdd9_o-500x333.jpg 500w, https:\/\/www.cnbb.org.br\/wp-content\/uploads\/2025\/04\/54470805426_da8672fdd9_o.jpg 2048w\" sizes=\"(max-width: 481px) 100vw, 481px\" \/><\/p>\n<p style=\"text-align: justify;\">O lan\u00e7amento do relat\u00f3rio tamb\u00e9m foi uma oportunidade para lembrar o legado do padre M\u00e1rio Aldighieri, que iniciou o trabalho de documenta\u00e7\u00e3o da CPT e faleceu recentemente, aos 88 anos. Sua vis\u00e3o e dedica\u00e7\u00e3o contribu\u00edram para a cria\u00e7\u00e3o de uma estrutura que segue sendo vital para a compreens\u00e3o da viol\u00eancia no campo.<\/p>\n<p style=\"text-align: justify;\">Esse momento de celebra\u00e7\u00e3o, ao mesmo tempo que denuncia, tamb\u00e9m lembra a import\u00e2ncia de manter vivos os legados de quem lutou pela justi\u00e7a social e pelos direitos humanos no Brasil.<\/p>\n<p>Assista ao lan\u00e7amento do relat\u00f3rio:<\/p>\n<div class=\"ast-oembed-container\" style=\"height: 100%;\"><iframe loading=\"lazy\" title=\"Lan\u00e7amento - Conflitos no Campo Brasil 2024\" width=\"500\" height=\"281\" src=\"https:\/\/www.youtube.com\/embed\/D3mZ4L_Dhr4?feature=oembed\" frameborder=\"0\" allow=\"accelerometer; autoplay; clipboard-write; encrypted-media; gyroscope; picture-in-picture; web-share\" referrerpolicy=\"strict-origin-when-cross-origin\" allowfullscreen><\/iframe><\/div>\n<p>&nbsp;<\/p>\n<p>Acesse (<a href=\"https:\/\/cptnacional.org.br\/wp-content\/uploads\/2025\/04\/CPT2024_ConflitosNoCampo-web.pdf\" target=\"_blank\" rel=\"noopener\">aqui<\/a>) o relat\u00f3rio na \u00edntegra.<\/p>\n<p>&nbsp;<\/p>\n<p>&nbsp;<\/p>\n<pre>Por Larissa Carvalho. Fotos: Giany Costa<\/pre>\n","protected":false},"excerpt":{"rendered":"<p>O documento trouxe \u00e0 tona dados alarmantes, embora com uma leve diminui\u00e7\u00e3o no n\u00famero total de conflitos, quando comparado a 2023. Apesar da queda no n\u00famero geral de conflitos, a realidade permanece desafiadora, com a viol\u00eancia por terra e \u00e1gua permanecendo entre os maiores da hist\u00f3ria do relat\u00f3rio<\/p>\n","protected":false},"author":141,"featured_media":980940,"comment_status":"closed","ping_status":"closed","sticky":false,"template":"","format":"standard","meta":{"site-sidebar-layout":"default","site-content-layout":"default","ast-global-header-display":"","ast-banner-title-visibility":"","ast-main-header-display":"","ast-hfb-above-header-display":"","ast-hfb-below-header-display":"","ast-hfb-mobile-header-display":"","site-post-title":"","ast-breadcrumbs-content":"","ast-featured-img":"","footer-sml-layout":"","theme-transparent-header-meta":"default","adv-header-id-meta":"","stick-header-meta":"","header-above-stick-meta":"","header-main-stick-meta":"","header-below-stick-meta":""},"categories":[814,50],"tags":[5969,2478,3312],"acf":[],"_links":{"self":[{"href":"https:\/\/www.cnbb.org.br\/cnbb-app\/wp\/v2\/posts\/980932"}],"collection":[{"href":"https:\/\/www.cnbb.org.br\/cnbb-app\/wp\/v2\/posts"}],"about":[{"href":"https:\/\/www.cnbb.org.br\/cnbb-app\/wp\/v2\/types\/post"}],"author":[{"embeddable":true,"href":"https:\/\/www.cnbb.org.br\/cnbb-app\/wp\/v2\/users\/141"}],"replies":[{"embeddable":true,"href":"https:\/\/www.cnbb.org.br\/cnbb-app\/wp\/v2\/comments?post=980932"}],"version-history":[{"count":7,"href":"https:\/\/www.cnbb.org.br\/cnbb-app\/wp\/v2\/posts\/980932\/revisions"}],"predecessor-version":[{"id":980957,"href":"https:\/\/www.cnbb.org.br\/cnbb-app\/wp\/v2\/posts\/980932\/revisions\/980957"}],"wp:featuredmedia":[{"embeddable":true,"href":"https:\/\/www.cnbb.org.br\/cnbb-app\/wp\/v2\/media\/980940"}],"wp:attachment":[{"href":"https:\/\/www.cnbb.org.br\/cnbb-app\/wp\/v2\/media?parent=980932"}],"wp:term":[{"taxonomy":"category","embeddable":true,"href":"https:\/\/www.cnbb.org.br\/cnbb-app\/wp\/v2\/categories?post=980932"},{"taxonomy":"post_tag","embeddable":true,"href":"https:\/\/www.cnbb.org.br\/cnbb-app\/wp\/v2\/tags?post=980932"}],"curies":[{"name":"wp","href":"https:\/\/api.w.org\/{rel}","templated":true}]}}