{"id":981004,"date":"2025-04-24T11:39:03","date_gmt":"2025-04-24T14:39:03","guid":{"rendered":"https:\/\/www.cnbb.org.br\/?p=981004"},"modified":"2025-04-24T16:26:00","modified_gmt":"2025-04-24T19:26:00","slug":"termos-e-expressoes-despedida-papa-preparacao-conclave","status":"publish","type":"post","link":"https:\/\/www.cnbb.org.br\/termos-e-expressoes-despedida-papa-preparacao-conclave\/","title":{"rendered":"Entenda termos e express\u00f5es utilizadas na despedida do Papa e na prepara\u00e7\u00e3o da escolha do novo pont\u00edfice"},"content":{"rendered":"<p>A Igreja se despede do Papa Francisco, falecido na \u00faltima segunda-feira, 21, e entra na fase de Sede Vacante, ou seja, sem a condu\u00e7\u00e3o do Bispo de Roma. V\u00e1rios termos tomam a imprensa e podem n\u00e3o ser entendidos sobre esse contexto pelo qual passa a Igreja.<\/p>\n<p>Abaixo, alguns termos sobre o processo de despedida do Papa Francisco e sobre o caminho que levar\u00e1 \u00e0 escolha do novo pont\u00edfice ap\u00f3s o per\u00edodo de luto.<\/p>\n<p>&nbsp;<\/p>\n<p><strong>Camerlengo<\/strong> \u2013 Cardeal que, na C\u00faria Romana, preside a chamada C\u00e2mara Apost\u00f3lica e que durante a Sede Vacante conduz a administra\u00e7\u00e3o temporal do Vaticano. \u00c9 de sua compet\u00eancia organizar as cerim\u00f4nias funerais do Papa e tudo o que diz respeito \u00e0 celebra\u00e7\u00e3o do Conclave. O atual camerlengo da Igreja Cat\u00f3lica \u00e9 o cardeal irland\u00eas Kevin Joseph Farrell, de 77 anos. O vice-camerlengo \u00e9 o arcebispo brasileiro a servi\u00e7o da C\u00faria Romana, dom Ilson de Jesus Montanari.<\/p>\n<p>&nbsp;<\/p>\n<p><strong>Cardeal<\/strong> \u2013 \u00c9 a pessoa designada pelo Papa para uma dupla miss\u00e3o: ser um colaborador na condu\u00e7\u00e3o da Igreja em \u00e2mbito universal e, no Col\u00e9gio Cardinal\u00edcio, eleger o novo Papa quando da S\u00e9 Vacante. S\u00e3o tr\u00eas ordens dos cardeais: os cardeais-bispos, titulares das dioceses que rodeiam Roma e os patriarcas orientais elevados ao cardinalato; e os cardeais presb\u00edteros e cardeais di\u00e1conos, aos quais s\u00e3o atribu\u00eddos os t\u00edtulos ou diaconias de Igrejas em Roma. Todos os designados para o cardinalato devem ser bispos ou, se forem presb\u00edteros, devem receber a ordena\u00e7\u00e3o episcopal.<\/p>\n<p>&nbsp;<\/p>\n<p><strong>C\u00faria Romana<\/strong> &#8211; \u00e9 a estrutura administrativa e pastoral a servi\u00e7o da miss\u00e3o da Igreja, sob o comando do Papa e localizada na Cidade do Vaticano.<\/p>\n<p>&nbsp;<\/p>\n<p><strong>S\u00e9 Apost\u00f3lica e Santa S\u00e9<\/strong> &#8211; designa-se com este nome tanto o Papa quanto a Secretaria de Estado, o Conselho para os neg\u00f3cios p\u00fablicos da Igreja e os demais Organismos da C\u00faria Romana.<\/p>\n<p>&nbsp;<\/p>\n<p><strong>Sede Vacante<\/strong> &#8211; Express\u00e3o latina \u2013 estando a sede vacante \u2013 que significa o per\u00edodo que vai desde a vac\u00e2ncia da sede, no caso, a Santa S\u00e9, pela sa\u00edda do titular (por morte, ren\u00fancia, remo\u00e7\u00e3o&#8230;) at\u00e9 a nomea\u00e7\u00e3o e tomada de posse de seu sucessor.<\/p>\n<p>&nbsp;<\/p>\n<p><strong>Novendiali<\/strong> &#8211; nove dias de luto e ora\u00e7\u00f5es em honra ao Pont\u00edfice falecido. Somente depois desse per\u00edodo \u00e9 que os cardeais com menos de 80 anos se re\u00fanem no Conclave. Assim, esse noven\u00e1rio \u00e9 a transi\u00e7\u00e3o entre o luto e a escolha do novo pont\u00edfice.<\/p>\n<p>Em cada dia \u00e9 celebrada uma Missa em sufr\u00e1gio pelo Papa falecido. Os textos lit\u00fargicos e as ora\u00e7\u00f5es focam na esperan\u00e7a da ressurrei\u00e7\u00e3o e na miseric\u00f3rdia divina.<\/p>\n<p>&nbsp;<\/p>\n<p><strong>Ultima Commendatio<\/strong> &#8211; Na tradu\u00e7\u00e3o do latim \u00e9 a \u00daltima Recomenda\u00e7\u00e3o do corpo do Papa falecido. \u00c9 um rito solene de despedida da Igreja, realizado ap\u00f3s a ora\u00e7\u00e3o p\u00f3s-comunh\u00e3o da Missa Exequial celebrada na Pra\u00e7a de S\u00e3o Pedro. Nesta ora\u00e7\u00e3o, a Igreja entrega a alma do Papa \u00e0 miseric\u00f3rdia de Deus.<\/p>\n<p>&nbsp;<\/p>\n<p><strong>Valedictio<\/strong> &#8211; em seguida da Ultima Commendatio, ocorre o Valedictio, quando os presentes fazem a despedida solene e p\u00fablica do Papa falecido. Pode ocorrer com gestos de sil\u00eancio profundo, um toque dos sinos e a despedida dos fi\u00e9is que participam da celebra\u00e7\u00e3o. Em seguida, o corpo \u00e9 levado para o local do sepultamento.<\/p>\n<p>&nbsp;<\/p>\n<p><strong>Conclave<\/strong> \u2013 Do latim cum e clavis = com chave. A reuni\u00e3o dos cardeais para eleger um novo Papa. O nome vem do fato de que a reuni\u00e3o ocorre na Capela Sistina, a portas fechadas. A inten\u00e7\u00e3o \u00e9 que n\u00e3o haja interfer\u00eancia externa.<\/p>\n<p>Essa reuni\u00e3o acontecer\u00e1 ap\u00f3s os nove dias de luto contados a partir do sepultamento do Papa. Os cardeais s\u00e3o aguardados at\u00e9 20 dias ap\u00f3s o falecimento do pont\u00edfice.<\/p>\n<p>&nbsp;<\/p>\n<p><strong>Universi Dominici Gregis<\/strong> &#8211; Constitui\u00e7\u00e3o Apost\u00f3lica escrita pelo Papa Jo\u00e3o Paulo II sobre a vac\u00e2ncia da S\u00e9 Apost\u00f3lica e a elei\u00e7\u00e3o do Romano Pont\u00edfice, e publicada em 22 fevereiro de 1996.<\/p>\n<p>&nbsp;<\/p>\n<p><strong>Normas Nonnullas<\/strong> \u2013 Carta Apost\u00f3lica do Papa Bento XVI na qual ele alterou algumas normas relativas \u00e0 elei\u00e7\u00e3o do Romano Pont\u00edfice, publicada em 22 de fevereiro de 2013. Portanto, o documento deu nova reda\u00e7\u00e3o a alguns artigos da <em>Universi Dominici Gregis.<\/em><\/p>\n<p>&nbsp;<\/p>\n","protected":false},"excerpt":{"rendered":"<p>A Igreja se despede do Papa Francisco, falecido na \u00faltima segunda-feira, 21, e entra na fase de Sede Vacante, ou seja sem a condu\u00e7\u00e3o do Bispo de Roma. V\u00e1rios termos tomam a imprensa e podem n\u00e3o ser entendidos sobre esse contexto pelo qual passa a Igreja<\/p>\n","protected":false},"author":38,"featured_media":981034,"comment_status":"closed","ping_status":"closed","sticky":false,"template":"","format":"standard","meta":{"site-sidebar-layout":"default","site-content-layout":"default","ast-global-header-display":"","ast-banner-title-visibility":"","ast-main-header-display":"","ast-hfb-above-header-display":"","ast-hfb-below-header-display":"","ast-hfb-mobile-header-display":"","site-post-title":"","ast-breadcrumbs-content":"","ast-featured-img":"","footer-sml-layout":"","theme-transparent-header-meta":"default","adv-header-id-meta":"","stick-header-meta":"","header-above-stick-meta":"","header-main-stick-meta":"","header-below-stick-meta":""},"categories":[50,784],"tags":[5968,2038],"acf":[],"_links":{"self":[{"href":"https:\/\/www.cnbb.org.br\/cnbb-app\/wp\/v2\/posts\/981004"}],"collection":[{"href":"https:\/\/www.cnbb.org.br\/cnbb-app\/wp\/v2\/posts"}],"about":[{"href":"https:\/\/www.cnbb.org.br\/cnbb-app\/wp\/v2\/types\/post"}],"author":[{"embeddable":true,"href":"https:\/\/www.cnbb.org.br\/cnbb-app\/wp\/v2\/users\/38"}],"replies":[{"embeddable":true,"href":"https:\/\/www.cnbb.org.br\/cnbb-app\/wp\/v2\/comments?post=981004"}],"version-history":[{"count":3,"href":"https:\/\/www.cnbb.org.br\/cnbb-app\/wp\/v2\/posts\/981004\/revisions"}],"predecessor-version":[{"id":981069,"href":"https:\/\/www.cnbb.org.br\/cnbb-app\/wp\/v2\/posts\/981004\/revisions\/981069"}],"wp:featuredmedia":[{"embeddable":true,"href":"https:\/\/www.cnbb.org.br\/cnbb-app\/wp\/v2\/media\/981034"}],"wp:attachment":[{"href":"https:\/\/www.cnbb.org.br\/cnbb-app\/wp\/v2\/media?parent=981004"}],"wp:term":[{"taxonomy":"category","embeddable":true,"href":"https:\/\/www.cnbb.org.br\/cnbb-app\/wp\/v2\/categories?post=981004"},{"taxonomy":"post_tag","embeddable":true,"href":"https:\/\/www.cnbb.org.br\/cnbb-app\/wp\/v2\/tags?post=981004"}],"curies":[{"name":"wp","href":"https:\/\/api.w.org\/{rel}","templated":true}]}}