{"id":981344,"date":"2025-04-30T12:05:33","date_gmt":"2025-04-30T15:05:33","guid":{"rendered":"https:\/\/www.cnbb.org.br\/?p=981344"},"modified":"2025-04-30T12:06:37","modified_gmt":"2025-04-30T15:06:37","slug":"a-alegria-serena-a-coerencia-firme-e-a-parresia-profetica-do-papa-francisco","status":"publish","type":"post","link":"https:\/\/www.cnbb.org.br\/a-alegria-serena-a-coerencia-firme-e-a-parresia-profetica-do-papa-francisco\/","title":{"rendered":"A alegria serena, a coer\u00eancia firme e a parr\u00e9sia prof\u00e9tica do Papa Francisco\u00a0"},"content":{"rendered":"<p style=\"text-align: right;\"><strong>Dom Roberto Francisco Ferreria Paz\u00a0<\/strong><br \/>\n<strong>Bispo de Campos (RJ)<\/strong><\/p>\n<p style=\"text-align: justify;\"><strong>\u00a0<\/strong><\/p>\n<p style=\"text-align: justify;\"><span data-contrast=\"none\">Entre as diversas qualidades e atributos que recordamos no semblante e perfil que ficou gravado nos nossos cora\u00e7\u00f5es da imagem do Papa Francisco, destacamos pela sua incid\u00eancia e impacto na nossa sociedade espetaculosa e idol\u00e1trica, tr\u00eas virtudes de verdadeira raiz e cepa crist\u00e3: alegria, coer\u00eancia e paresia, isto \u00e9, ousadia e sinceridade corajosa para falar e testemunhar.\u202f<\/span><span data-ccp-props=\"{&quot;201341983&quot;:0,&quot;335551550&quot;:6,&quot;335551620&quot;:6,&quot;335559739&quot;:0,&quot;335559740&quot;:240}\">\u00a0<\/span><\/p>\n<p style=\"text-align: justify;\"><span data-contrast=\"none\">A alegria teologal foi sempre uma marca de Francisco, sorridente, bem humorado, pr\u00f3ximo tratando com carinho e acolhida sens\u00edvel e fraterna a todas as pessoas especialmente os sofredores e exclu\u00eddos.\u202f<\/span><span data-ccp-props=\"{&quot;201341983&quot;:0,&quot;335551550&quot;:6,&quot;335551620&quot;:6,&quot;335559739&quot;:0,&quot;335559740&quot;:240}\">\u00a0<\/span><\/p>\n<p style=\"text-align: justify;\"><span data-contrast=\"none\">Tornou esta virtude uma exig\u00eancia que d\u00e1 credibilidade a evangeliza\u00e7\u00e3o como na sua Enc\u00edclica program\u00e1tica <\/span><i><span data-contrast=\"none\">Evangelium Gaudium (<\/span><\/i><span data-contrast=\"none\">A alegria de evangelizar) a Constitui\u00e7\u00e3o Apost\u00f3lica <\/span><i><span data-contrast=\"none\">Veritatis Gaudium<\/span><\/i><span data-contrast=\"none\"> (A alegria da verdade) sobre as Universidades e as Faculdades Eclesi\u00e1sticas e a Exorta\u00e7\u00e3o Apost\u00f3lica P\u00f3s Sinodal <\/span><i><span data-contrast=\"none\">Amoris Laetitia<\/span><\/i><span data-contrast=\"none\"> (A alegria de amar) sobre o amor na fam\u00edlia humana. A alegria acompanhou seu minist\u00e9rio e sua miss\u00e3o, gerando esperan\u00e7a, ternura e ecoando a miseric\u00f3rdia divina.\u202f<\/span><span data-ccp-props=\"{&quot;201341983&quot;:0,&quot;335551550&quot;:6,&quot;335551620&quot;:6,&quot;335559739&quot;:0,&quot;335559740&quot;:240}\">\u00a0<\/span><\/p>\n<p style=\"text-align: justify;\"><span data-contrast=\"none\">A segunda que sempre encontramos na sua pessoa amada foi sua coer\u00eancia a toda prova, na forma de viver, de falar, de posicionar-se e asssumir o Evangelho \u201csem glosas\u201d como afirmara s\u00e9culos antes Francisco de Assis. Coerente em viver a pobreza e simplicidade na roupa, na moradia, nos ve\u00edculos e nas maneiras de tratar sempre de forma digna e igualit\u00e1ria a todos\/as.\u202f<\/span><span data-ccp-props=\"{&quot;201341983&quot;:0,&quot;335551550&quot;:6,&quot;335551620&quot;:6,&quot;335559739&quot;:0,&quot;335559740&quot;:240}\">\u00a0<\/span><\/p>\n<p style=\"text-align: justify;\"><span data-contrast=\"none\">Todavia o que tal vez nos surpreendeu foi a parr\u00e9sia, sua forma e liberdade de manifestar-se e no falar com express\u00f5es populares e criativas (citando a poetas como nosso Vinicius de\u202f Moraes) mas n\u00e3o somente com palavras corajosas e fortes, por\u00e9m com gestos de presen\u00e7a, compromisso e den\u00fancia como em Lampedusa, em Cochabamba, acolhendo tribos ind\u00edgenas , movimentos sociais, moradores de rua, migrantes, doentes, o que a sociedade consumista considera refugo ou descarte para ele como para Cristo era precioso e de infinito valor.\u202f<\/span><span data-ccp-props=\"{&quot;201341983&quot;:0,&quot;335551550&quot;:6,&quot;335551620&quot;:6,&quot;335559739&quot;:0,&quot;335559740&quot;:240}\">\u00a0<\/span><\/p>\n<p style=\"text-align: justify;\"><span data-contrast=\"none\">Os pobres o reconheceram e o tiveram como Pai, advogado e defensor, ficando o legado do dia mundial do pobre, n\u00e3o para dar coisas para eles, mas tratar de aprender com eles e caminhar junto a eles. O mundo e a Cria\u00e7\u00e3o ficaram melhores e iluminados, com estes doze anos de pontificado, n\u00e3o apenas por resultados ou estat\u00edsticas, mas porque nos fez sentir novamente a alegria, a presen\u00e7a e o testemunho de um Enviado do Deus encarnado, que veio para salvar e dar a vida para todas as pessoas e criaturas.\u202f<\/span><span data-ccp-props=\"{&quot;201341983&quot;:0,&quot;335551550&quot;:6,&quot;335551620&quot;:6,&quot;335559739&quot;:0,&quot;335559740&quot;:240}\">\u00a0<\/span><\/p>\n<p style=\"text-align: justify;\"><span data-contrast=\"none\">Obrigado Papa Francisco pelo seu zelo, cuidado e ternura, nunca o esqueceremos!<\/span><span data-ccp-props=\"{&quot;201341983&quot;:0,&quot;335551550&quot;:6,&quot;335551620&quot;:6,&quot;335559739&quot;:0,&quot;335559740&quot;:240}\">\u00a0<\/span><\/p>\n<p><span data-ccp-props=\"{}\">\u00a0<\/span><\/p>\n","protected":false},"excerpt":{"rendered":"<p>Dom Roberto Francisco Ferreria Paz\u00a0 Bispo de Campos (RJ) \u00a0 Entre as diversas qualidades e atributos que recordamos no semblante e perfil que ficou gravado nos nossos cora\u00e7\u00f5es da imagem do Papa Francisco, destacamos pela sua incid\u00eancia e impacto na nossa sociedade espetaculosa e idol\u00e1trica, tr\u00eas virtudes de verdadeira raiz e cepa crist\u00e3: alegria, coer\u00eancia &hellip;<\/p>\n<p class=\"read-more\"> <a class=\"\" href=\"https:\/\/www.cnbb.org.br\/a-alegria-serena-a-coerencia-firme-e-a-parresia-profetica-do-papa-francisco\/\"> <span class=\"screen-reader-text\">A alegria serena, a coer\u00eancia firme e a parr\u00e9sia prof\u00e9tica do Papa Francisco\u00a0<\/span> Leia mais &raquo;<\/a><\/p>\n","protected":false},"author":23,"featured_media":0,"comment_status":"closed","ping_status":"closed","sticky":false,"template":"","format":"standard","meta":{"site-sidebar-layout":"default","site-content-layout":"default","ast-global-header-display":"","ast-banner-title-visibility":"","ast-main-header-display":"","ast-hfb-above-header-display":"","ast-hfb-below-header-display":"","ast-hfb-mobile-header-display":"","site-post-title":"","ast-breadcrumbs-content":"","ast-featured-img":"","footer-sml-layout":"","theme-transparent-header-meta":"default","adv-header-id-meta":"","stick-header-meta":"","header-above-stick-meta":"","header-main-stick-meta":"","header-below-stick-meta":""},"categories":[758],"tags":[],"acf":[],"_links":{"self":[{"href":"https:\/\/www.cnbb.org.br\/cnbb-app\/wp\/v2\/posts\/981344"}],"collection":[{"href":"https:\/\/www.cnbb.org.br\/cnbb-app\/wp\/v2\/posts"}],"about":[{"href":"https:\/\/www.cnbb.org.br\/cnbb-app\/wp\/v2\/types\/post"}],"author":[{"embeddable":true,"href":"https:\/\/www.cnbb.org.br\/cnbb-app\/wp\/v2\/users\/23"}],"replies":[{"embeddable":true,"href":"https:\/\/www.cnbb.org.br\/cnbb-app\/wp\/v2\/comments?post=981344"}],"version-history":[{"count":2,"href":"https:\/\/www.cnbb.org.br\/cnbb-app\/wp\/v2\/posts\/981344\/revisions"}],"predecessor-version":[{"id":981346,"href":"https:\/\/www.cnbb.org.br\/cnbb-app\/wp\/v2\/posts\/981344\/revisions\/981346"}],"wp:attachment":[{"href":"https:\/\/www.cnbb.org.br\/cnbb-app\/wp\/v2\/media?parent=981344"}],"wp:term":[{"taxonomy":"category","embeddable":true,"href":"https:\/\/www.cnbb.org.br\/cnbb-app\/wp\/v2\/categories?post=981344"},{"taxonomy":"post_tag","embeddable":true,"href":"https:\/\/www.cnbb.org.br\/cnbb-app\/wp\/v2\/tags?post=981344"}],"curies":[{"name":"wp","href":"https:\/\/api.w.org\/{rel}","templated":true}]}}