{"id":981686,"date":"2025-05-08T18:02:36","date_gmt":"2025-05-08T21:02:36","guid":{"rendered":"https:\/\/www.cnbb.org.br\/?p=981686"},"modified":"2025-05-08T18:03:16","modified_gmt":"2025-05-08T21:03:16","slug":"para-quem-deu-a-luz-nao-tem-mais-jeito","status":"publish","type":"post","link":"https:\/\/www.cnbb.org.br\/para-quem-deu-a-luz-nao-tem-mais-jeito\/","title":{"rendered":"\u201cPara quem deu \u00e0 luz n\u00e3o tem mais jeito\u2026\u201d\u00a0"},"content":{"rendered":"<p style=\"text-align: right;\"><strong>Dom Itacir Brassiani<br \/>\nBispo de Santa Cruz do Sul (RS)<\/strong><\/p>\n<p>&nbsp;<\/p>\n<p style=\"text-align: justify;\"><span data-contrast=\"none\">Mal acabou o <\/span><i><span data-contrast=\"none\">fuzu\u00ea<\/span><\/i><span data-contrast=\"none\"> das compras e viagens que envolvem a p\u00e1scoa, as vitrines e telas nos interpelam e nos seduzem com apelos para reconhecer e monetizar o amor daquela que nos gerou e retribuir sua dedica\u00e7\u00e3o t\u00e3o fundamental, mesmo que seja em suaves e infinitas parcelas mensais. Afinal, \u201ca m\u00e3e \u00e9 a rainha do lar\u201d, seu amor \u00e9 incompar\u00e1vel, e nossos d\u00e9bitos com ela podem ser amortizados com alguns presentes&#8230;<\/span><span data-ccp-props=\"{&quot;335551550&quot;:6,&quot;335551620&quot;:6,&quot;335557856&quot;:16777215,&quot;335559739&quot;:120}\">\u00a0<\/span><\/p>\n<p style=\"text-align: justify;\"><span data-contrast=\"none\">A verdade \u00e9 que nessas ocasi\u00f5es, \u00e9 dif\u00edcil n\u00e3o inflacionar a linguagem e os sentimentos, t\u00e3o superficiais quanto estereotipados. A idealiza\u00e7\u00e3o da figura da m\u00e3e no seu dia comercial n\u00e3o se envergonha de dar as m\u00e3os \u00e0 indiferen\u00e7a, \u00e0 explora\u00e7\u00e3o e ao desprezo nos demais 364 dias do ano. Mas o com\u00e9rcio precisa faturar, e se o resultado do ano n\u00e3o superar os anos passados, o sol pode n\u00e3o brilhar e a chuva pode n\u00e3o cair sobre a terra&#8230;<\/span><span data-ccp-props=\"{&quot;335551550&quot;:6,&quot;335551620&quot;:6,&quot;335557856&quot;:16777215,&quot;335559739&quot;:120}\">\u00a0<\/span><\/p>\n<p style=\"text-align: justify;\"><span data-contrast=\"none\">\u00c0 margem dessa badala\u00e7\u00e3o oportunista, precisamos colocar no centro das nossas aten\u00e7\u00f5es e celebra\u00e7\u00f5es a figura e o papel essencial da m\u00e3e no desenvolvimento sadio e integrado dos filhos e filhas. A gera\u00e7\u00e3o no \u00fatero e a maternidade biol\u00f3gica n\u00e3o s\u00e3o tudo, e podem inclusive ser fruto do acaso. O que conta \u00e9 a maternidade afetiva, a decis\u00e3o de ser m\u00e3e e de assumir esse papel social no cora\u00e7\u00e3o, com todas as suas consequ\u00eancias.<\/span><span data-ccp-props=\"{&quot;335551550&quot;:6,&quot;335551620&quot;:6,&quot;335557856&quot;:16777215,&quot;335559739&quot;:120}\">\u00a0<\/span><\/p>\n<p style=\"text-align: justify;\"><span data-contrast=\"none\">Erasmo Carlos, numa das suas belas composi\u00e7\u00f5es, diz que ser m\u00e3e sup\u00f5e ser forte a ponto de abandonar a ideia de tranquilidade e de autonomia absolutas: \u201c<\/span><span data-contrast=\"none\">Quando eu chego em casa \u00e0 noitinha quero uma mulher s\u00f3 minha. Mas, para quem deu \u00e0 luz n\u00e3o tem mais jeito, porque um filho quer seu peito, o outro j\u00e1 reclama a sua m\u00e3o, e o outro quer o amor que ela tiver&#8230; Quatro homens dependentes e carentes da for\u00e7a da mulher\u201d.<\/span><span data-ccp-props=\"{&quot;134233117&quot;:false,&quot;134233118&quot;:false,&quot;201341983&quot;:0,&quot;335551550&quot;:6,&quot;335551620&quot;:6,&quot;335557856&quot;:16777215,&quot;335559738&quot;:0,&quot;335559739&quot;:120,&quot;335559740&quot;:259}\">\u00a0<\/span><\/p>\n<p style=\"text-align: justify;\"><span data-contrast=\"none\">A prop\u00f3sito, vem-me \u00e0 lembran\u00e7a um epis\u00f3dio narrado no Segundo Livro dos Macabeus (7,1-42). Sete irm\u00e3os foram presos e torturados junto com a m\u00e3e por terem se recusado a romper com as tradi\u00e7\u00f5es que os vinculavam ao pr\u00f3prio povo. A m\u00e3e, mesmo sob o risco de ver os sete filhos serem mortos num s\u00f3 dia, se manteve firme e encorajou filhos a fazer o mesmo. Segundo a B\u00edblia, ela uniu a \u2018for\u00e7a viril\u2019 com a \u2018ternura feminina\u2019 (cf. 2Mac 7,21).\u00a0<\/span><span data-ccp-props=\"{&quot;335551550&quot;:6,&quot;335551620&quot;:6,&quot;335557856&quot;:16777215,&quot;335559739&quot;:120}\">\u00a0<\/span><\/p>\n<p style=\"text-align: justify;\"><span data-contrast=\"none\">Ela dizia aos filhos: \u201cN\u00e3o sei como viestes a aparecer no meu ventre, nem fui eu quem vos dei o esp\u00edrito e a vida. Tamb\u00e9m n\u00e3o fui eu quem deu forma a cada um dos vossos membros. Por isso, o Criador do mundo, que formou o ser humano no seu nascimento e d\u00e1 origem a todas as coisas, ele, na sua miseric\u00f3rdia, vos restituir\u00e1 o esp\u00edrito e a vida. E isto porque, agora, vos sacrificais a v\u00f3s mesmos, por amor \u00e0s suas leis\u201d (2Mac 7,22-23).<\/span><span data-ccp-props=\"{&quot;335551550&quot;:6,&quot;335551620&quot;:6,&quot;335557856&quot;:16777215,&quot;335559739&quot;:120}\">\u00a0<\/span><\/p>\n<p style=\"text-align: justify;\"><span data-contrast=\"none\">Por tr\u00e1s dessa mem\u00f3ria popular, certamente idealizada, subjazem importantes tra\u00e7os da figura da m\u00e3e. Esses tra\u00e7os relativizam o \u201coceano de ternura\u201d que, com resqu\u00edcios infantis e de desejos imaturos, costumamos ressaltar. A forma\u00e7\u00e3o do car\u00e1ter dos filhos a partir de princ\u00edpios \u00e9ticos essenciais \u00e9 um desses tra\u00e7os. A ren\u00fancia \u00e0 posse e ao controle possessivo dos filhos \u00e9 outro aspecto importante. N\u00e3o menos transcendentes s\u00e3o a insubmiss\u00e3o aos \u201cpodres poderes\u201d dos machos de plant\u00e3o, assim como a prudente dist\u00e2ncia frente \u00e0s novidades culturais, que podem esconder venenos desagregadores.<\/span><span data-ccp-props=\"{&quot;335551550&quot;:6,&quot;335551620&quot;:6,&quot;335557856&quot;:16777215,&quot;335559739&quot;:120}\">\u00a0<\/span><\/p>\n<p style=\"text-align: justify;\">\n","protected":false},"excerpt":{"rendered":"<p>Dom Itacir Brassiani Bispo de Santa Cruz do Sul (RS) &nbsp; Mal acabou o fuzu\u00ea das compras e viagens que envolvem a p\u00e1scoa, as vitrines e telas nos interpelam e nos seduzem com apelos para reconhecer e monetizar o amor daquela que nos gerou e retribuir sua dedica\u00e7\u00e3o t\u00e3o fundamental, mesmo que seja em suaves &hellip;<\/p>\n<p class=\"read-more\"> <a class=\"\" href=\"https:\/\/www.cnbb.org.br\/para-quem-deu-a-luz-nao-tem-mais-jeito\/\"> <span class=\"screen-reader-text\">\u201cPara quem deu \u00e0 luz n\u00e3o tem mais jeito\u2026\u201d\u00a0<\/span> Leia mais &raquo;<\/a><\/p>\n","protected":false},"author":2510,"featured_media":0,"comment_status":"closed","ping_status":"closed","sticky":false,"template":"","format":"standard","meta":{"site-sidebar-layout":"default","site-content-layout":"default","ast-global-header-display":"","ast-banner-title-visibility":"","ast-main-header-display":"","ast-hfb-above-header-display":"","ast-hfb-below-header-display":"","ast-hfb-mobile-header-display":"","site-post-title":"","ast-breadcrumbs-content":"","ast-featured-img":"","footer-sml-layout":"","theme-transparent-header-meta":"default","adv-header-id-meta":"","stick-header-meta":"","header-above-stick-meta":"","header-main-stick-meta":"","header-below-stick-meta":""},"categories":[758,1837],"tags":[],"acf":[],"_links":{"self":[{"href":"https:\/\/www.cnbb.org.br\/cnbb-app\/wp\/v2\/posts\/981686"}],"collection":[{"href":"https:\/\/www.cnbb.org.br\/cnbb-app\/wp\/v2\/posts"}],"about":[{"href":"https:\/\/www.cnbb.org.br\/cnbb-app\/wp\/v2\/types\/post"}],"author":[{"embeddable":true,"href":"https:\/\/www.cnbb.org.br\/cnbb-app\/wp\/v2\/users\/2510"}],"replies":[{"embeddable":true,"href":"https:\/\/www.cnbb.org.br\/cnbb-app\/wp\/v2\/comments?post=981686"}],"version-history":[{"count":2,"href":"https:\/\/www.cnbb.org.br\/cnbb-app\/wp\/v2\/posts\/981686\/revisions"}],"predecessor-version":[{"id":981688,"href":"https:\/\/www.cnbb.org.br\/cnbb-app\/wp\/v2\/posts\/981686\/revisions\/981688"}],"wp:attachment":[{"href":"https:\/\/www.cnbb.org.br\/cnbb-app\/wp\/v2\/media?parent=981686"}],"wp:term":[{"taxonomy":"category","embeddable":true,"href":"https:\/\/www.cnbb.org.br\/cnbb-app\/wp\/v2\/categories?post=981686"},{"taxonomy":"post_tag","embeddable":true,"href":"https:\/\/www.cnbb.org.br\/cnbb-app\/wp\/v2\/tags?post=981686"}],"curies":[{"name":"wp","href":"https:\/\/api.w.org\/{rel}","templated":true}]}}