{"id":981859,"date":"2025-05-14T08:38:31","date_gmt":"2025-05-14T11:38:31","guid":{"rendered":"https:\/\/www.cnbb.org.br\/?p=981859"},"modified":"2025-05-14T08:42:36","modified_gmt":"2025-05-14T11:42:36","slug":"leao-xiv-faz-discurso-por-ocasiao-do-jubileu-das-igrejas-orientais-em-audiencia-na-sala-paulo-vi","status":"publish","type":"post","link":"https:\/\/www.cnbb.org.br\/leao-xiv-faz-discurso-por-ocasiao-do-jubileu-das-igrejas-orientais-em-audiencia-na-sala-paulo-vi\/","title":{"rendered":"Le\u00e3o XIV faz discurso por ocasi\u00e3o do Jubileu das Igrejas Orientais em audi\u00eancia na Sala Paulo VI"},"content":{"rendered":"<div class=\"title__separator\" style=\"text-align: justify;\">\n<p><span style=\"font-size: 16px;\">O Papa Le\u00e3o XIV, h\u00e1 quase uma semana da sua elei\u00e7\u00e3o como Sucessor de Pedro, encontrou os 5 mil participantes do <\/span><a style=\"font-size: 16px; background-color: #ffffff;\" href=\"https:\/\/www.iubilaeum2025.va\/it\/notizie\/comunicati\/2025\/giubileo-chiese-orientali-tredicesimo-grande-evento.html\" target=\"_blank\" rel=\"external noopener\">Jubileu das Igrejas Orientais<\/a><span style=\"font-size: 16px;\"> na Sala Paulo VI, no Vaticano. A audi\u00eancia nesta quarta-feira, 14 de maio, marcou o dia de encerramento de mais um jubileu tem\u00e1tico, o de n\u00famero 13 deste Ano Santo da Esperan\u00e7a, que desde ter\u00e7a-feira, 12, reuniu fi\u00e9is e representantes das Igrejas Orientais Cat\u00f3licas, patriarcas e metropolitas de mais de 10 pa\u00edses, inclusive do Brasil, presentes na audi\u00eancia com bandeiras do pa\u00eds. Durante dois dias, os participantes celebraram a Divina Liturgia em diferentes ritos, como aquele et\u00edope, armeno, copto e s\u00edrio-oriental. Durante a tarde desta quarta-feira, 14, os peregrinos concluem o jubileu com aquela em rito bizantino na Bas\u00edlica de S\u00e3o Pedro.<\/span><\/p>\n<\/div>\n<div class=\"article__text\">\n<p style=\"text-align: justify;\">E uma das primeiras audi\u00eancias do Pontificado, Le\u00e3o XIV acolheu os fi\u00e9is orientais com uma sauda\u00e7\u00e3o que o &#8220;Oriente crist\u00e3o repete incasavelmente neste tempo pascal&#8221; de f\u00e9 e esperan\u00e7a sobre a Ressurei\u00e7\u00e3o de Jesus &#8211; &#8220;o fundamento indestrut\u00edvel&#8221;: &#8220;Cristo ressuscitou. Ressuscitou verdadeiramente!&#8221;. O Papa direcionou o olhar, assim, aos &#8220;irm\u00e3os e irm\u00e3s do Oriente, onde nasceu Jesus&#8221;, descrevendo-os como &#8220;preciosos&#8221; pela diversidade de proveni\u00eancia, hist\u00f3ria e sofrimentos.<\/p>\n<h2 style=\"text-align: justify;\">O perigo de se perder o patrim\u00f4nio das Igrejas Orientais<\/h2>\n<p style=\"text-align: justify;\">&#8220;S\u00e3o Igrejas que devem ser amadas&#8221;, citando o Papa Francisco, pelos &#8220;tesouros inestim\u00e1veis&#8221;, pela &#8220;vida crist\u00e3, sinolidade e liturgia&#8221;; com &#8220;um papel \u00fanico e privilegiado&#8221;, como escreveu tamb\u00e9m Jo\u00e3o Paulo II. J\u00e1 Le\u00e3o XIII, recordou ainda o Papa, &#8220;foi o primeiro a dedicar um documento espec\u00edfico \u00e0 dignidade\u00a0das Igrejas&#8221; Orientais pela &#8220;leg\u00edtima diversidade da liturgia e da disciplina orientais&#8221;.\u00a0Na Carta\u00a0<i>Orientalium Dignitas (<\/i>30 de novembro de 1894), Le\u00e3o XIII tamb\u00e9m demonstrou uma preocupa\u00e7\u00e3o que ainda \u00e9 atual, pelo fato de muitos fi\u00e9is orientados serem\u00a0&#8220;for\u00e7ados a fugir dos seus territ\u00f3rio de origem por causa da guerra e persegui\u00e7\u00f5es, da instabilidade e pobreza&#8221;, correndo o risco de, &#8220;ao chegarem no Ocidente, de perder, al\u00e9m da p\u00e1tria, tamb\u00e9m a pr\u00f3pria identidade religiosa. E, assim, com o passar das gera\u00e7\u00f5es, se perde o inestim\u00e1vel patrim\u00f4nio das Igrejas Orientais&#8221;.<\/p>\n<p style=\"text-align: justify;\">Junto a Le\u00e3o XIII, o Papa se uniu em um apelo\u00a0 aos &#8220;crist\u00e3os \u2014 orientais e latinos \u2014 que, especialmente no Oriente M\u00e9dio, perseverem e resistam nas suas terras, mais fortes do que a tenta\u00e7\u00e3o de abandon\u00e1-las. Aos crist\u00e3os \u00e9 preciso dar a oportunidade, n\u00e3o apenas com palavras, de permanecer nas suas terras com todos os direitos necess\u00e1rios para uma exist\u00eancia segura. Pe\u00e7o a voc\u00eas que se empenhem para isso!&#8221;. Uma\u00a0preserva\u00e7\u00e3o dos ritos orientais que deve ser promovida &#8220;sobretudo na di\u00e1spora&#8221;, disse o Pont\u00edfice. Um pedido dirigido inclusive\u00a0ao Dicast\u00e9rio para as Igrejas Orientais: &#8220;de me ajudar a definir princ\u00edpios, normas e diretrizes por meio dos quais os Pastores latinos possam apoiar concretamente os cat\u00f3licos orientais da di\u00e1spora a preservar as suas tradi\u00e7\u00f5es vivas e a enriquecer com a sua singularidade o contexto em que vivem&#8221;.<\/p>\n<div style=\"text-align: justify;\">\n<div class=\"article__embed article__embed--border embed_style\">\n<blockquote><p>\u201cA Igreja precisa de voc\u00eas. Qu\u00e3o grande \u00e9 a contribui\u00e7\u00e3o que o Oriente crist\u00e3o pode nos dar hoje! Como temos necessidade de recuperar o sentido do mist\u00e9rio, t\u00e3o vivo nas liturgias de voc\u00eas, que envolvem a pessoa humana na sua totalidade, cantam a beleza da salva\u00e7\u00e3o e inspiram o estupor pela grandeza divina que abra\u00e7a a pequenez humana!\u201d<\/p><\/blockquote>\n<\/div>\n<\/div>\n<h2 style=\"text-align: justify;\">Le\u00e3o XIV e Santa S\u00e9 juntos para promover a paz<\/h2>\n<p style=\"text-align: justify;\">O discurso de Le\u00e3o XIV, ent\u00e3o, se dirigiu fortemente por mais um apelo pela paz: &#8220;n\u00e3o tanto aquele do Papa, mas o de Cristo, que repete: &#8216;a paz esteja convosco'&#8221;. Uma paz t\u00e3o necess\u00e1ria &#8220;da Terra Santa \u00e0 Ucr\u00e2nia, do L\u00edbano \u00e0 S\u00edria, do Oriente M\u00e9dio ao Tigr\u00e9 e ao C\u00e1ucaso, quanta viol\u00eancia!&#8221;, lamentou o Papa, que tamb\u00e9m convidou a rezar &#8220;por essa paz, que \u00e9 reconcilia\u00e7\u00e3o, perd\u00e3o, coragem para virar a p\u00e1gina e recome\u00e7ar&#8221;.\u00a0A Igreja, insistiu o Pont\u00edfice, &#8220;n\u00e3o se cansar\u00e1 de repetir: silenciem as armas&#8221;:<\/p>\n<blockquote>\n<p style=\"text-align: justify;\">&#8220;Farei todo o poss\u00edvel para que essa paz se difunda. A Santa S\u00e9 est\u00e1 \u00e0 disposi\u00e7\u00e3o para que os inimigos se encontrem e se olhem nos olhos, para que os povos redescubram a esperan\u00e7a e a dignidade que merecem, a dignidade da paz. Os povos querem a paz, e eu, com o cora\u00e7\u00e3o na m\u00e3o, digo aos l\u00edderes das na\u00e7\u00f5es: encontremo-nos, dialoguemos, negociemos! A guerra nunca \u00e9 inevit\u00e1vel, as armas podem e devem silenciar, pois n\u00e3o resolvem os problemas, mas os aumentam; porque entrar\u00e1 para a hist\u00f3ria quem semear\u00e1 paz, n\u00e3o quem que criar\u00e1 v\u00edtimas; porque os outros n\u00e3o s\u00e3o, antes de tudo, inimigos, mas seres humanos: n\u00e3o vil\u00f5es a serem odiados, mas pessoas com quem falar.&#8221;<\/p>\n<\/blockquote>\n<\/div>\n<p>Confira a audi\u00eancia na \u00edntegra:<\/p>\n<div class=\"ast-oembed-container\" style=\"height: 100%;\"><iframe loading=\"lazy\" title=\"Audi\u00eancia Igrejas Orientais, 14 de maio de 2025 - Papa Le\u00e3o XIV\" width=\"500\" height=\"281\" src=\"https:\/\/www.youtube.com\/embed\/21KykKbz_2o?feature=oembed\" frameborder=\"0\" allow=\"accelerometer; autoplay; clipboard-write; encrypted-media; gyroscope; picture-in-picture; web-share\" referrerpolicy=\"strict-origin-when-cross-origin\" allowfullscreen><\/iframe><\/div>\n<p>&nbsp;<\/p>\n<p>&nbsp;<\/p>\n<pre>Andressa Collet - Vatican News | Foto de capa: Vatican Media<\/pre>\n","protected":false},"excerpt":{"rendered":"<p>Em audi\u00eancia com cerca de 5 mil pessoas na Sala Paulo VI, o pont\u00edfice fez um discurso por ocasi\u00e3o do Jubileu das Igrejas Orientais que termina nesta quarta-feira, 14 de maio. Le\u00e3o XVI alertou para o risco de se perder o patrim\u00f4nio dos crist\u00e3os orientais devido \u00e0 di\u00e1spora &#8220;por causa da guerra e persegui\u00e7\u00f5es, da instabilidade e da pobreza&#8221; <\/p>\n","protected":false},"author":141,"featured_media":981862,"comment_status":"closed","ping_status":"closed","sticky":false,"template":"","format":"standard","meta":{"site-sidebar-layout":"default","site-content-layout":"default","ast-global-header-display":"","ast-banner-title-visibility":"","ast-main-header-display":"","ast-hfb-above-header-display":"","ast-hfb-below-header-display":"","ast-hfb-mobile-header-display":"","site-post-title":"","ast-breadcrumbs-content":"","ast-featured-img":"","footer-sml-layout":"","theme-transparent-header-meta":"default","adv-header-id-meta":"","stick-header-meta":"","header-above-stick-meta":"","header-main-stick-meta":"","header-below-stick-meta":""},"categories":[50,1851],"tags":[],"acf":[],"_links":{"self":[{"href":"https:\/\/www.cnbb.org.br\/cnbb-app\/wp\/v2\/posts\/981859"}],"collection":[{"href":"https:\/\/www.cnbb.org.br\/cnbb-app\/wp\/v2\/posts"}],"about":[{"href":"https:\/\/www.cnbb.org.br\/cnbb-app\/wp\/v2\/types\/post"}],"author":[{"embeddable":true,"href":"https:\/\/www.cnbb.org.br\/cnbb-app\/wp\/v2\/users\/141"}],"replies":[{"embeddable":true,"href":"https:\/\/www.cnbb.org.br\/cnbb-app\/wp\/v2\/comments?post=981859"}],"version-history":[{"count":11,"href":"https:\/\/www.cnbb.org.br\/cnbb-app\/wp\/v2\/posts\/981859\/revisions"}],"predecessor-version":[{"id":981873,"href":"https:\/\/www.cnbb.org.br\/cnbb-app\/wp\/v2\/posts\/981859\/revisions\/981873"}],"wp:featuredmedia":[{"embeddable":true,"href":"https:\/\/www.cnbb.org.br\/cnbb-app\/wp\/v2\/media\/981862"}],"wp:attachment":[{"href":"https:\/\/www.cnbb.org.br\/cnbb-app\/wp\/v2\/media?parent=981859"}],"wp:term":[{"taxonomy":"category","embeddable":true,"href":"https:\/\/www.cnbb.org.br\/cnbb-app\/wp\/v2\/categories?post=981859"},{"taxonomy":"post_tag","embeddable":true,"href":"https:\/\/www.cnbb.org.br\/cnbb-app\/wp\/v2\/tags?post=981859"}],"curies":[{"name":"wp","href":"https:\/\/api.w.org\/{rel}","templated":true}]}}