{"id":981878,"date":"2025-05-14T09:56:37","date_gmt":"2025-05-14T12:56:37","guid":{"rendered":"https:\/\/www.cnbb.org.br\/?p=981878"},"modified":"2025-05-14T09:58:41","modified_gmt":"2025-05-14T12:58:41","slug":"secretarios-executivos-dos-regionais-sul-da-cnbb-se-reunem-em-florianopolis-sc","status":"publish","type":"post","link":"https:\/\/www.cnbb.org.br\/secretarios-executivos-dos-regionais-sul-da-cnbb-se-reunem-em-florianopolis-sc\/","title":{"rendered":"Secret\u00e1rios executivos dos regionais Sul da CNBB se re\u00fanem em Florian\u00f3polis (SC)"},"content":{"rendered":"<p style=\"text-align: justify;\">De 5 a 8 de maio, os secret\u00e1rios executivos dos regionais Sul 1, 2, 3 e 4 da Confer\u00eancia Nacional dos Bispos do Brasil (CNBB) estiveram reunidos no Recanto Champagnat, em Florian\u00f3polis (SC), para um encontro de forma\u00e7\u00e3o, avalia\u00e7\u00e3o e planejamento. Participam os padres Luiz Fernando da Silva (Sul 1 \u2013 S\u00e3o Paulo), Valdecir Badzinski (Sul 2 \u2013 Paran\u00e1), Rog\u00e9rio Ferraz de Andrade (Sul 3 \u2013 Rio Grande do Sul) e Antonio Madeira (Sul 4 \u2013 Santa Catarina).<\/p>\n<p style=\"text-align: justify;\">A programa\u00e7\u00e3o incluiu reflex\u00f5es sobre o papel do secret\u00e1rio executivo, a estrutura institucional da CNBB nos regionais, e os desafios contempor\u00e2neos da miss\u00e3o evangelizadora. O encontro foi dividido em tr\u00eas eixos principais: o papel pessoal e ministerial do secret\u00e1rio, a an\u00e1lise institucional da CNBB nos regionais, e a dimens\u00e3o espiritual da atua\u00e7\u00e3o pastoral.<\/p>\n<p style=\"text-align: justify;\"><img decoding=\"async\" loading=\"lazy\" class=\"wp-image-33561 alignleft\" src=\"https:\/\/cnbbsul4.org.br\/wp-content\/uploads\/2025\/05\/Sec-2-1-1024x577.jpg\" sizes=\"(max-width: 500px) 100vw, 500px\" srcset=\"https:\/\/cnbbsul4.org.br\/wp-content\/uploads\/2025\/05\/Sec-2-1-1024x577.jpg 1024w, https:\/\/cnbbsul4.org.br\/wp-content\/uploads\/2025\/05\/Sec-2-1-300x169.jpg 300w, https:\/\/cnbbsul4.org.br\/wp-content\/uploads\/2025\/05\/Sec-2-1-768x432.jpg 768w, https:\/\/cnbbsul4.org.br\/wp-content\/uploads\/2025\/05\/Sec-2-1-1536x865.jpg 1536w, https:\/\/cnbbsul4.org.br\/wp-content\/uploads\/2025\/05\/Sec-2-1-2048x1153.jpg 2048w, https:\/\/cnbbsul4.org.br\/wp-content\/uploads\/2025\/05\/Sec-2-1-800x450.jpg 800w\" alt=\"\" width=\"500\" height=\"281\" \/>Na primeira parte do encontro, os participantes refletiram sobre a identidade e os desafios da fun\u00e7\u00e3o de secret\u00e1rio executivo. Para o padre Luiz Fernando da Silva, o segredo est\u00e1 no equil\u00edbrio entre as exig\u00eancias administrativas e a ess\u00eancia da voca\u00e7\u00e3o presbiteral.<\/p>\n<blockquote>\n<p style=\"text-align: justify;\">\u201cA nossa identidade sacerdotal precede qualquer fun\u00e7\u00e3o administrativa que estejamos exercendo no momento\u201d, afirmou. \u201cQuanto mais saud\u00e1veis estivermos espiritualmente e fraternalmente, mais capacidade teremos de realizar com qualidade a gest\u00e3o e os processos que essa fun\u00e7\u00e3o exige de n\u00f3s.\u201d<\/p>\n<\/blockquote>\n<p style=\"text-align: justify;\">J\u00e1 na an\u00e1lise institucional, a aten\u00e7\u00e3o se voltou para a gest\u00e3o, miss\u00e3o e sustentabilidade. O padre Antonio Madeira destacou a import\u00e2ncia de repensar a atua\u00e7\u00e3o pastoral a partir da realidade concreta de cada regional.<\/p>\n<blockquote>\n<p style=\"text-align: justify;\">\u201c\u00c9 fundamental que o secret\u00e1rio executivo considere sempre a realidade concreta como ponto de partida para fortalecer e articular pastorais enfraquecidas\u201d, ressaltou.<\/p>\n<\/blockquote>\n<p style=\"text-align: justify;\">Para ele, a supera\u00e7\u00e3o do modelo de \u201cpastoral da calendariza\u00e7\u00e3o\u201d requer planejamento estrat\u00e9gico, metas claras e avalia\u00e7\u00e3o cont\u00ednua. \u201cCaso contr\u00e1rio, corremos o risco de levar nossas lideran\u00e7as ao cansa\u00e7o, des\u00e2nimo e, por fim, ao enfraquecimento do an\u00fancio do Evangelho.\u201d<\/p>\n<p style=\"text-align: justify;\">Na dimens\u00e3o espiritual, os secret\u00e1rios discutiram formas de promover uma espiritualidade que una forma\u00e7\u00e3o, miss\u00e3o e gest\u00e3o. O padre Valdecir Badzinski enfatizou que \u201ca espiritualidade \u00e9 a base fundamental \u2014 o carro-chefe \u2014 na constru\u00e7\u00e3o da identidade do secret\u00e1rio executivo dentro da CNBB\u201d. Segundo ele, essa viv\u00eancia profunda da f\u00e9 torna o secret\u00e1rio um agente promotor da forma\u00e7\u00e3o integral e da miss\u00e3o evangelizadora, capaz de sustentar com coer\u00eancia o servi\u00e7o \u00e0 Igreja.<\/p>\n<p style=\"text-align: justify;\">A atua\u00e7\u00e3o do secret\u00e1rio executivo como articulador entre a CNBB e parcerias externas tamb\u00e9m foi debatida. O padre Rog\u00e9rio Ferraz de Andrade destacou a import\u00e2ncia do di\u00e1logo institucional com universidades, governos e meios digitais:<\/p>\n<blockquote>\n<p style=\"text-align: justify;\">\u201cCabe ao Secret\u00e1rio Executivo articular e promover o di\u00e1logo entre os diferentes atores da sociedade, a fim de implementar projetos de apoio em prol das comunidades\u201d, explicou.<\/p>\n<\/blockquote>\n<p style=\"text-align: justify;\">Ele refor\u00e7ou ainda que essa media\u00e7\u00e3o deve ser feita \u201csempre sob a anu\u00eancia da Presid\u00eancia e com o envolvimento das Comiss\u00f5es\u201d.<\/p>\n<p style=\"text-align: justify;\">O encontro tamb\u00e9m contou com momentos de ora\u00e7\u00e3o, confraterniza\u00e7\u00e3o e celebra\u00e7\u00e3o eucar\u00edstica, fortalecendo os la\u00e7os fraternos entre os participantes e a espiritualidade que sustenta suas a\u00e7\u00f5es.<\/p>\n<p>&nbsp;<\/p>\n<pre>Mat\u00e9ria e Fotos: Jaison Alves da Silva | <a href=\"https:\/\/cnbbsul4.org.br\/secretarios-executivos-dos-regionais-sul-da-cnbb-se-reunem-em-florianopolis-sc\/\" target=\"_blank\" rel=\"noopener\">ASCOM CNBB Sul 4<\/a><\/pre>\n","protected":false},"excerpt":{"rendered":"<p>De 5 a 8 de maio, os secret\u00e1rios executivos dos regionais Sul 1, 2, 3 e 4 da Confer\u00eancia Nacional dos Bispos do Brasil (CNBB) estiveram reunidos no Recanto Champagnat, em Florian\u00f3polis (SC), para um encontro de forma\u00e7\u00e3o, avalia\u00e7\u00e3o e planejamento. Participam os padres Luiz Fernando da Silva (Sul 1 \u2013 S\u00e3o Paulo), Valdecir Badzinski &hellip;<\/p>\n<p class=\"read-more\"> <a class=\"\" href=\"https:\/\/www.cnbb.org.br\/secretarios-executivos-dos-regionais-sul-da-cnbb-se-reunem-em-florianopolis-sc\/\"> <span class=\"screen-reader-text\">Secret\u00e1rios executivos dos regionais Sul da CNBB se re\u00fanem em Florian\u00f3polis (SC)<\/span> Leia mais &raquo;<\/a><\/p>\n","protected":false},"author":141,"featured_media":981879,"comment_status":"closed","ping_status":"closed","sticky":false,"template":"","format":"standard","meta":{"site-sidebar-layout":"default","site-content-layout":"default","ast-global-header-display":"","ast-banner-title-visibility":"","ast-main-header-display":"","ast-hfb-above-header-display":"","ast-hfb-below-header-display":"","ast-hfb-mobile-header-display":"","site-post-title":"","ast-breadcrumbs-content":"","ast-featured-img":"","footer-sml-layout":"","theme-transparent-header-meta":"default","adv-header-id-meta":"","stick-header-meta":"","header-above-stick-meta":"","header-main-stick-meta":"","header-below-stick-meta":""},"categories":[772,781,790,791],"tags":[],"acf":[],"_links":{"self":[{"href":"https:\/\/www.cnbb.org.br\/cnbb-app\/wp\/v2\/posts\/981878"}],"collection":[{"href":"https:\/\/www.cnbb.org.br\/cnbb-app\/wp\/v2\/posts"}],"about":[{"href":"https:\/\/www.cnbb.org.br\/cnbb-app\/wp\/v2\/types\/post"}],"author":[{"embeddable":true,"href":"https:\/\/www.cnbb.org.br\/cnbb-app\/wp\/v2\/users\/141"}],"replies":[{"embeddable":true,"href":"https:\/\/www.cnbb.org.br\/cnbb-app\/wp\/v2\/comments?post=981878"}],"version-history":[{"count":4,"href":"https:\/\/www.cnbb.org.br\/cnbb-app\/wp\/v2\/posts\/981878\/revisions"}],"predecessor-version":[{"id":981883,"href":"https:\/\/www.cnbb.org.br\/cnbb-app\/wp\/v2\/posts\/981878\/revisions\/981883"}],"wp:featuredmedia":[{"embeddable":true,"href":"https:\/\/www.cnbb.org.br\/cnbb-app\/wp\/v2\/media\/981879"}],"wp:attachment":[{"href":"https:\/\/www.cnbb.org.br\/cnbb-app\/wp\/v2\/media?parent=981878"}],"wp:term":[{"taxonomy":"category","embeddable":true,"href":"https:\/\/www.cnbb.org.br\/cnbb-app\/wp\/v2\/categories?post=981878"},{"taxonomy":"post_tag","embeddable":true,"href":"https:\/\/www.cnbb.org.br\/cnbb-app\/wp\/v2\/tags?post=981878"}],"curies":[{"name":"wp","href":"https:\/\/api.w.org\/{rel}","templated":true}]}}