{"id":981915,"date":"2025-05-14T16:53:08","date_gmt":"2025-05-14T19:53:08","guid":{"rendered":"https:\/\/www.cnbb.org.br\/?p=981915"},"modified":"2025-05-15T14:12:47","modified_gmt":"2025-05-15T17:12:47","slug":"cop30-divulga-carta-na-qual-assume-a-enciclica-laudato-si-com-uma-bussola-etica-para-a-mobilizacao-global-da-conferencia","status":"publish","type":"post","link":"https:\/\/www.cnbb.org.br\/cop30-divulga-carta-na-qual-assume-a-enciclica-laudato-si-com-uma-bussola-etica-para-a-mobilizacao-global-da-conferencia\/","title":{"rendered":"COP30 divulga carta na qual assume a Enc\u00edclica Laudato Si como uma b\u00fassola \u00e9tica para a mobiliza\u00e7\u00e3o global da Confer\u00eancia"},"content":{"rendered":"<p style=\"text-align: justify;\">O presidente designado da COP30, a Confer\u00eancia das Na\u00e7\u00f5es Unidas sobre as Mudan\u00e7as Clim\u00e1ticas, Andr\u00e9 Aranha Corr\u00eaa do Lago, divulgou no \u00faltimo dia 8 de maio, uma carta na qual prop\u00f5e uma nova fase de mobiliza\u00e7\u00e3o global definido na publica\u00e7\u00e3o como &#8220;momento de passar da vis\u00e3o para a a\u00e7\u00e3o, conclamando a comunidade internacional a mobilizar-se diante da urg\u00eancia clim\u00e1tica&#8221;.<\/p>\n<p style=\"text-align: justify;\">No documento, o presidente da organiza\u00e7\u00e3o da COP30 assume a <a href=\"https:\/\/www.vatican.va\/content\/francesco\/pt\/encyclicals\/documents\/papa-francesco_20150524_enciclica-laudato-si.html\" target=\"_blank\" rel=\"noopener\">Enc\u00edclica Laudato Si&#8217;<\/a>, publicada pelo Papa Francisco, em 24 de maio de 2015, que trata sobre o conceito de ecologia integral e sobre o cuidado com a Casa Comum, como uma b\u00fassola \u00e9tica e um guia pragm\u00e1tico para essa mobiliza\u00e7\u00e3o global.<\/p>\n<p style=\"text-align: justify;\">A Articula\u00e7\u00e3o Igreja Rumo \u00e0 COP30, composta por diversas organiza\u00e7\u00f5es da Igreja Cat\u00f3lica e do campo ecum\u00eanico, entre as quais a Confer\u00eancia Nacional dos Bispos do Brasil, manifestou o seu entusiasmo e desejo de colaborar com esta nova fase de mobiliza\u00e7\u00e3o global a partir das reflex\u00f5es e apontamentos que nascer\u00e3o a partir do C\u00edrculo do Balan\u00e7o \u00c9tico Global.<\/p>\n<blockquote>\n<p style=\"text-align: justify;\">Sobre este reconhecimento, o bispo auxiliar de Bel\u00e9m (PA) e articulador local do Projeto Igreja Rumo \u00e0 COP30, dom Paolo Andreolli (em p\u00e9 na foto) disse que a f\u00e9 impulsiona os cat\u00f3licos e crist\u00e3os ao cuidado da Casa Comum com compaix\u00e3o e coragem. &#8220;\u00c9 tempo de uni\u00e3o, de compromisso ativo com a justi\u00e7a clim\u00e1tica e com os mais vulner\u00e1veis\u201d, afirmou.<\/p>\n<\/blockquote>\n<figure id=\"attachment_969493\" aria-describedby=\"caption-attachment-969493\" style=\"width: 720px\" class=\"wp-caption aligncenter\"><img decoding=\"async\" loading=\"lazy\" class=\"wp-image-969493 size-full\" src=\"https:\/\/www.cnbb.org.br\/wp-content\/uploads\/2024\/08\/Cop30-nas-escolas-Dom-Paolo-Andreolli.jpg\" alt=\"\" width=\"720\" height=\"404\" srcset=\"https:\/\/www.cnbb.org.br\/wp-content\/uploads\/2024\/08\/Cop30-nas-escolas-Dom-Paolo-Andreolli.jpg 720w, https:\/\/www.cnbb.org.br\/wp-content\/uploads\/2024\/08\/Cop30-nas-escolas-Dom-Paolo-Andreolli-300x168.jpg 300w, https:\/\/www.cnbb.org.br\/wp-content\/uploads\/2024\/08\/Cop30-nas-escolas-Dom-Paolo-Andreolli-500x281.jpg 500w\" sizes=\"(max-width: 720px) 100vw, 720px\" \/><figcaption id=\"caption-attachment-969493\" class=\"wp-caption-text\">Dom Paolo no lan\u00e7amento do E-book COP30 nas escolas em Bel\u00e9m (PA). | Fotos: ASCOM regional Norte 2 CNBB.<\/figcaption><\/figure>\n<h3>C\u00edrculos de lideran\u00e7a<\/h3>\n<p style=\"text-align: justify;\">Esse per\u00edodo de mobiliza\u00e7\u00e3o global se dar\u00e1 atrav\u00e9s de C\u00edrculos de Lideran\u00e7a: o &#8220;C\u00edrculo dos Presidentes das COP&#8221;, o &#8220;C\u00edrculo dos Povos&#8221;,\u00a0 o &#8220;C\u00edrculo de Ministros da Fazenda&#8221; e o &#8220;C\u00edrculo do Balan\u00e7o \u00c9tico Global&#8221;.<\/p>\n<p style=\"text-align: justify;\">A Laudato Si&#8217; foi assumida pela organiza\u00e7\u00e3o da COP30 como documento referencial para as discuss\u00f5es no \u00e2mbito do &#8220;C\u00edrculo do Balan\u00e7o \u00c9tico Global&#8221; que tem por miss\u00e3o elevar a consci\u00eancia global por meio de di\u00e1logos inclusivos em diversas regi\u00f5es, reunindo l\u00edderes pol\u00edticos, intelectuais, acad\u00eamicos, culturais e religiosos, al\u00e9m de vozes de todos os setores da sociedade.<\/p>\n<blockquote>\n<p style=\"text-align: justify;\">\u201cO apelo da carta da Presid\u00eancia da COP30 \u00e9 claro: precisamos transformar esperan\u00e7a em a\u00e7\u00e3o concreta. E \u00e9 isso que a Igreja tem buscado mobilizar, incentivar, impulsionar. Todos podem contribuir, ao seu modo e desde o seu territ\u00f3rio, com uma resposta efetivamente \u00e0 altura da complexidade do que vivemos\u201d, concluiu Eduardo Nischespois, do Movimento Laudato Si&#8217; e\u00a0 membro da coordena\u00e7\u00e3o da Articula\u00e7\u00e3o Igreja rumo \u00e0 COP30.<\/p>\n<\/blockquote>\n<figure id=\"attachment_981946\" aria-describedby=\"caption-attachment-981946\" style=\"width: 1024px\" class=\"wp-caption aligncenter\"><img decoding=\"async\" loading=\"lazy\" class=\"wp-image-981946 size-large\" src=\"https:\/\/www.cnbb.org.br\/wp-content\/uploads\/2025\/05\/Pre-Cop-Belem-regional-Norte-1024x675.jpg\" alt=\"\" width=\"1024\" height=\"675\" srcset=\"https:\/\/www.cnbb.org.br\/wp-content\/uploads\/2025\/05\/Pre-Cop-Belem-regional-Norte-1024x675.jpg 1024w, https:\/\/www.cnbb.org.br\/wp-content\/uploads\/2025\/05\/Pre-Cop-Belem-regional-Norte-300x198.jpg 300w, https:\/\/www.cnbb.org.br\/wp-content\/uploads\/2025\/05\/Pre-Cop-Belem-regional-Norte-768x506.jpg 768w, https:\/\/www.cnbb.org.br\/wp-content\/uploads\/2025\/05\/Pre-Cop-Belem-regional-Norte-1536x1012.jpg 1536w, https:\/\/www.cnbb.org.br\/wp-content\/uploads\/2025\/05\/Pre-Cop-Belem-regional-Norte-500x329.jpg 500w, https:\/\/www.cnbb.org.br\/wp-content\/uploads\/2025\/05\/Pre-Cop-Belem-regional-Norte.jpg 1600w\" sizes=\"(max-width: 1024px) 100vw, 1024px\" \/><figcaption id=\"caption-attachment-981946\" class=\"wp-caption-text\">Pr\u00e9-COP Norte realizada em Bel\u00e9m de 25 a 26 de mar\u00e7o. | Foto: Ascom regional Norte 2.<\/figcaption><\/figure>\n<p><strong>Agenda das Pr\u00e9-COPs por macrorregi\u00e3o:<\/strong><br \/>\nPr\u00e9-COP Norte \u2013 25 e 26 de mar\u00e7o | Bel\u00e9m (PA)<br \/>\nPr\u00e9-COP Nordeste \u2013 11 e 12 de julho | Juazeiro (BA)<br \/>\nPr\u00e9-COP Sul \u2013 18 a 20 de julho | Governador Celso Ramos (SC)<br \/>\nPr\u00e9-COP Leste \u2013 25 a 27 de julho | Belo Horizonte (MG)<br \/>\nPr\u00e9-COP Centro-Oeste \u2013 6 de agosto | Bonito (MS)<\/p>\n<p><strong style=\"font-size: 16px;\">Acesse a \u00edntegra do documento:<\/strong><\/p>\n<p><a href=\"https:\/\/repam.org.br\/wp-content\/uploads\/2025\/05\/2a-Carta-do-Presidente-da-COP30-POR.pdf\" target=\"_blank\" rel=\"noopener\">Carta do presidente designado da COP30, 8 de maio<\/a><\/p>\n<p>&nbsp;<\/p>\n<pre>Por Willian Bonfim<\/pre>\n<p>&nbsp;<\/p>\n<p>&nbsp;<\/p>\n<p>&nbsp;<\/p>\n","protected":false},"excerpt":{"rendered":"<p>A Articula\u00e7\u00e3o Igreja Rumo \u00e0 COP30, composto por diversas organiza\u00e7\u00f5es da Igreja Cat\u00f3lica, entre as quais a Confer\u00eancia Nacional dos Bispos do Brasil, manifestou o seu entusiasmo pela iniciativa. O bispo auxiliar de Bel\u00e9m (PA) e articulador local da Igreja Rumo \u00e0 COP30, dom Paolo Andreolli disse que a f\u00e9 nos impulsiona a cuidar da Casa Comum com compaix\u00e3o e coragem<\/p>\n","protected":false},"author":142,"featured_media":981916,"comment_status":"closed","ping_status":"closed","sticky":false,"template":"","format":"standard","meta":{"site-sidebar-layout":"default","site-content-layout":"default","ast-global-header-display":"","ast-banner-title-visibility":"","ast-main-header-display":"","ast-hfb-above-header-display":"","ast-hfb-below-header-display":"","ast-hfb-mobile-header-display":"","site-post-title":"","ast-breadcrumbs-content":"","ast-featured-img":"","footer-sml-layout":"","theme-transparent-header-meta":"default","adv-header-id-meta":"","stick-header-meta":"","header-above-stick-meta":"","header-main-stick-meta":"","header-below-stick-meta":""},"categories":[925,50],"tags":[5317],"acf":[],"_links":{"self":[{"href":"https:\/\/www.cnbb.org.br\/cnbb-app\/wp\/v2\/posts\/981915"}],"collection":[{"href":"https:\/\/www.cnbb.org.br\/cnbb-app\/wp\/v2\/posts"}],"about":[{"href":"https:\/\/www.cnbb.org.br\/cnbb-app\/wp\/v2\/types\/post"}],"author":[{"embeddable":true,"href":"https:\/\/www.cnbb.org.br\/cnbb-app\/wp\/v2\/users\/142"}],"replies":[{"embeddable":true,"href":"https:\/\/www.cnbb.org.br\/cnbb-app\/wp\/v2\/comments?post=981915"}],"version-history":[{"count":16,"href":"https:\/\/www.cnbb.org.br\/cnbb-app\/wp\/v2\/posts\/981915\/revisions"}],"predecessor-version":[{"id":981962,"href":"https:\/\/www.cnbb.org.br\/cnbb-app\/wp\/v2\/posts\/981915\/revisions\/981962"}],"wp:featuredmedia":[{"embeddable":true,"href":"https:\/\/www.cnbb.org.br\/cnbb-app\/wp\/v2\/media\/981916"}],"wp:attachment":[{"href":"https:\/\/www.cnbb.org.br\/cnbb-app\/wp\/v2\/media?parent=981915"}],"wp:term":[{"taxonomy":"category","embeddable":true,"href":"https:\/\/www.cnbb.org.br\/cnbb-app\/wp\/v2\/categories?post=981915"},{"taxonomy":"post_tag","embeddable":true,"href":"https:\/\/www.cnbb.org.br\/cnbb-app\/wp\/v2\/tags?post=981915"}],"curies":[{"name":"wp","href":"https:\/\/api.w.org\/{rel}","templated":true}]}}