{"id":981945,"date":"2025-05-15T11:26:01","date_gmt":"2025-05-15T14:26:01","guid":{"rendered":"https:\/\/www.cnbb.org.br\/?p=981945"},"modified":"2025-05-15T11:27:05","modified_gmt":"2025-05-15T14:27:05","slug":"nossa-senhora-de-fatima-6","status":"publish","type":"post","link":"https:\/\/www.cnbb.org.br\/nossa-senhora-de-fatima-6\/","title":{"rendered":"Nossa Senhora de F\u00e1tima\u00a0"},"content":{"rendered":"<p style=\"text-align: right;\"><b><span data-contrast=\"auto\">Cardeal Orani Jo\u00e3o Tempesta<\/span><\/b><span data-ccp-props=\"{&quot;201341983&quot;:0,&quot;335551550&quot;:3,&quot;335551620&quot;:3,&quot;335559731&quot;:708,&quot;335559739&quot;:160,&quot;335559740&quot;:240}\"><br \/>\n<\/span><b><span data-contrast=\"auto\">Arcebispo do Rio de Janeiro (RJ)<\/span><\/b><span data-ccp-props=\"{&quot;201341983&quot;:0,&quot;335551550&quot;:3,&quot;335551620&quot;:3,&quot;335559731&quot;:708,&quot;335559739&quot;:160,&quot;335559740&quot;:240}\">\u00a0<\/span><\/p>\n<p style=\"text-align: justify;\"><b><span data-contrast=\"auto\"><\/p>\n<p><\/span><\/b><\/p>\n<p style=\"text-align: justify;\"><span data-contrast=\"auto\">Celebramos no dia 13 de maio a festa lit\u00fargica de Nossa Senhora de F\u00e1tima, padroeira de Portugal, mas amplamente celebrada aqui no Brasil, devido \u00e0 presen\u00e7a da col\u00f4nia portuguesa e por ser t\u00e3o querida por todo o povo. Nossa Senhora, em todas as suas apari\u00e7\u00f5es, revela o seu Filho Jesus e a vontade de Deus para a Humanidade.<\/span><span data-ccp-props=\"{&quot;134233117&quot;:true,&quot;134233118&quot;:true,&quot;201341983&quot;:0,&quot;335551550&quot;:6,&quot;335551620&quot;:6,&quot;335559731&quot;:708,&quot;335559739&quot;:160,&quot;335559740&quot;:240}\">\u00a0<\/span><\/p>\n<p style=\"text-align: justify;\"><span data-contrast=\"auto\">A M\u00e3e de Jesus, em cada lugar onde aparece, recebe um t\u00edtulo espec\u00edfico, e por tr\u00e1s de cada apari\u00e7\u00e3o h\u00e1 sempre um significado especial. Ela apareceu em F\u00e1tima aos pastorinhos e recebeu o t\u00edtulo de Nossa Senhora de F\u00e1tima. Em Aparecida, apareceu nas \u00e1guas e foi intitulada Nossa Senhora da Concei\u00e7\u00e3o Aparecida. O mesmo ocorre em Lourdes, Guadalupe e outros lugares. O importante \u00e9 sabermos que sempre se trata da mesma M\u00e3e de Jesus.<\/span><span data-ccp-props=\"{&quot;134233117&quot;:true,&quot;134233118&quot;:true,&quot;201341983&quot;:0,&quot;335551550&quot;:6,&quot;335551620&quot;:6,&quot;335559731&quot;:708,&quot;335559739&quot;:160,&quot;335559740&quot;:240}\">\u00a0<\/span><\/p>\n<p style=\"text-align: justify;\"><span data-contrast=\"auto\">Em todas as apari\u00e7\u00f5es, Nossa Senhora traz um sinal e socorre os mais humildes, conforme fez nas Bodas de Can\u00e1: Ela \u00e9 a intercessora.<\/span><span data-ccp-props=\"{&quot;134233117&quot;:true,&quot;134233118&quot;:true,&quot;201341983&quot;:0,&quot;335551550&quot;:6,&quot;335551620&quot;:6,&quot;335559731&quot;:708,&quot;335559739&quot;:160,&quot;335559740&quot;:240}\">\u00a0<\/span><\/p>\n<p style=\"text-align: justify;\"><span data-contrast=\"auto\">Em F\u00e1tima, de forma especial, aparece aos pastorinhos e lhes revela que \u00e9 preciso rezar pela Humanidade, pois esta vivia grande afli\u00e7\u00e3o e ang\u00fastia por causa da guerra. Ela surge como intercessora, falando em nome de Deus, para que a Humanidade abandone as armas e o \u00f3dio, voltando-se para Deus e espalhando o amor ao pr\u00f3ximo.<\/span><span data-ccp-props=\"{&quot;134233117&quot;:true,&quot;134233118&quot;:true,&quot;201341983&quot;:0,&quot;335551550&quot;:6,&quot;335551620&quot;:6,&quot;335559731&quot;:708,&quot;335559739&quot;:160,&quot;335559740&quot;:240}\">\u00a0<\/span><\/p>\n<p style=\"text-align: justify;\"><span data-contrast=\"auto\">\u00c9 comum, no dia dedicado a Nossa Senhora de F\u00e1tima, realizar-se a prociss\u00e3o luminosa. Que essa luz nos remeta \u00e0 luz de Cristo, que ilumina as trevas, e que, por intercess\u00e3o de Nossa Senhora, possamos chegar \u00e0 verdadeira luz. Que a luz que Nossa Senhora de F\u00e1tima traz com sua apari\u00e7\u00e3o ilumine o mundo inteiro, e que todos os povos possam se unir na edifica\u00e7\u00e3o da paz, pensando menos em guerras e conflitos e mais no amor ao pr\u00f3ximo.<\/span><span data-ccp-props=\"{&quot;134233117&quot;:true,&quot;134233118&quot;:true,&quot;201341983&quot;:0,&quot;335551550&quot;:6,&quot;335551620&quot;:6,&quot;335559731&quot;:708,&quot;335559739&quot;:160,&quot;335559740&quot;:240}\">\u00a0<\/span><\/p>\n<p style=\"text-align: justify;\"><span data-contrast=\"auto\">Como dissemos, Nossa Senhora de F\u00e1tima \u00e9 padroeira de Portugal, mas \u00e9 muito celebrada aqui no Brasil, especialmente por causa da col\u00f4nia portuguesa. Sua devo\u00e7\u00e3o cresce cada vez mais entre n\u00f3s, e h\u00e1 muitas par\u00f3quias dedicadas a ela em nosso pa\u00eds. Que Nossa Senhora de F\u00e1tima nos cubra com seu manto sagrado e nos ajude a cumprir a vontade de Deus.<\/span><span data-ccp-props=\"{&quot;134233117&quot;:true,&quot;134233118&quot;:true,&quot;201341983&quot;:0,&quot;335551550&quot;:6,&quot;335551620&quot;:6,&quot;335559731&quot;:708,&quot;335559739&quot;:160,&quot;335559740&quot;:240}\">\u00a0<\/span><\/p>\n<p style=\"text-align: justify;\"><span data-contrast=\"auto\">Nossa Senhora sempre traz consigo a boa nova, ou seja, a boa not\u00edcia. Espalhemos essa boa nova que Nossa Senhora nos traz e que prov\u00e9m da Palavra de Deus. Em F\u00e1tima, ela visita os pastorinhos e, ao visit\u00e1-los, visita a Humanidade inteira, assim como, quando visitou sua prima Santa Isabel, anunciava a boa nova da Palavra de Deus. Que, a exemplo de Nossa Senhora, possamos visitar parentes, amigos e vizinhos, espalhando a boa nova do Evangelho.<\/span><span data-ccp-props=\"{&quot;134233117&quot;:true,&quot;134233118&quot;:true,&quot;201341983&quot;:0,&quot;335551550&quot;:6,&quot;335551620&quot;:6,&quot;335559731&quot;:708,&quot;335559739&quot;:160,&quot;335559740&quot;:240}\">\u00a0<\/span><\/p>\n<p style=\"text-align: justify;\"><span data-contrast=\"auto\">No dia dedicado a Nossa Senhora de F\u00e1tima, rezemos por todas as mulheres que se chamam F\u00e1tima, para que, a exemplo da Virgem Maria, espalhem a semente do Evangelho entre seus familiares e amigos. Rezemos pela paz mundial, pela convers\u00e3o dos pecadores e pela Igreja \u2014 pedidos que Nossa Senhora fez aos pastorinhos nas apari\u00e7\u00f5es. A preocupa\u00e7\u00e3o de Nossa Senhora naquela \u00e9poca \u00e9 a mesma de hoje, pois a Humanidade ainda n\u00e3o compreendeu o caminho da paz.<\/span><span data-ccp-props=\"{&quot;134233117&quot;:true,&quot;134233118&quot;:true,&quot;201341983&quot;:0,&quot;335551550&quot;:6,&quot;335551620&quot;:6,&quot;335559731&quot;:708,&quot;335559739&quot;:160,&quot;335559740&quot;:240}\">\u00a0<\/span><\/p>\n<p style=\"text-align: justify;\"><span data-contrast=\"auto\">Nossa Senhora disse \u00e0s crian\u00e7as pastorinhas: <\/span><i><span data-contrast=\"auto\">\u201cN\u00e3o tenham medo\u201d<\/span><\/i><span data-contrast=\"auto\">, semelhante ao que Jesus dizia aos disc\u00edpulos. As crian\u00e7as eram: L\u00facia dos Santos, de 10 anos, e seus primos Francisco e Jacinta, de 9 e 7 anos. Numa manh\u00e3 de domingo, haviam acabado de retornar da Santa Missa na par\u00f3quia de F\u00e1tima e levaram as ovelhas para pastar no declive da Cova da Iria. Ao ouvirem o toque do sino para o \u00c2ngelus, rezaram o ter\u00e7o, como de costume. Logo depois, enquanto brincavam, viram um clar\u00e3o no c\u00e9u. Pensando ser um raio e que viria chuva, esconderam o rebanho.<\/span><span data-ccp-props=\"{&quot;134233117&quot;:true,&quot;134233118&quot;:true,&quot;201341983&quot;:0,&quot;335551550&quot;:6,&quot;335551620&quot;:6,&quot;335559731&quot;:708,&quot;335559739&quot;:160,&quot;335559740&quot;:240}\">\u00a0<\/span><\/p>\n<p style=\"text-align: justify;\"><span data-contrast=\"auto\">Em seguida, outro clar\u00e3o apareceu sobre uma \u00e1rvore \u2014 um carvalho \u2014 e viram uma Senhora vestida de branco, radiante de luz, que lhes pediu que voltassem \u00e0quele local por seis meses consecutivos, no dia 13, \u00e0 mesma hora, para que Ela explicasse melhor quem era e o que desejava.<\/span><span data-ccp-props=\"{&quot;134233117&quot;:true,&quot;134233118&quot;:true,&quot;201341983&quot;:0,&quot;335551550&quot;:6,&quot;335551620&quot;:6,&quot;335559731&quot;:708,&quot;335559739&quot;:160,&quot;335559740&quot;:240}\">\u00a0<\/span><\/p>\n<p style=\"text-align: justify;\"><span data-contrast=\"auto\">Nossa Senhora usava um vestido branco com bordados dourados, um cord\u00e3o de ouro na cintura, um manto alvo e um ter\u00e7o de gr\u00e3os brancos nas m\u00e3os. Enquanto L\u00facia conversava com Ela, Jacinta ouvia, mas Francisco n\u00e3o escutava nada. Maria ent\u00e3o perguntou \u00e0s crian\u00e7as se queriam oferecer-se inteiramente a Deus, suportando todos os sofrimentos que Ele lhes enviasse como ato de repara\u00e7\u00e3o pelos pecados que O ofendem e como s\u00faplica pela convers\u00e3o dos pecadores. L\u00facia respondeu que estavam dispostas a tudo, e Nossa Senhora avisou que ainda sofreriam muito, mas que a gra\u00e7a de Deus seria o seu consolo.<\/span><span data-ccp-props=\"{&quot;134233117&quot;:true,&quot;134233118&quot;:true,&quot;201341983&quot;:0,&quot;335551550&quot;:6,&quot;335551620&quot;:6,&quot;335559731&quot;:708,&quot;335559739&quot;:160,&quot;335559740&quot;:240}\">\u00a0<\/span><\/p>\n<p style=\"text-align: justify;\"><span data-contrast=\"auto\">Nossa Senhora trazia uma preocupa\u00e7\u00e3o profunda. Por isso, os pastorinhos a descrevem com rosto sereno, mas grave, com uma sombra de tristeza. A Humanidade estava com o cora\u00e7\u00e3o distante de Deus e pensava apenas em guerra. Est\u00e1vamos no auge da Primeira Guerra Mundial. Nossa Senhora pediu que rezassem pela paz mundial e pelo fim da guerra. A ora\u00e7\u00e3o recomendada era o santo ter\u00e7o. Sua mensagem era de convers\u00e3o e arrependimento. Disse que s\u00f3 por meio da ora\u00e7\u00e3o se alcan\u00e7aria a paz e que n\u00e3o tivessem medo, pois Ela vinha do c\u00e9u.<\/span><span data-ccp-props=\"{&quot;134233117&quot;:true,&quot;134233118&quot;:true,&quot;201341983&quot;:0,&quot;335551550&quot;:6,&quot;335551620&quot;:6,&quot;335559731&quot;:708,&quot;335559739&quot;:160,&quot;335559740&quot;:240}\">\u00a0<\/span><\/p>\n<p style=\"text-align: justify;\"><span data-contrast=\"auto\">L\u00facia pediu aos primos que n\u00e3o contassem nada a ningu\u00e9m, pois ningu\u00e9m acreditaria. Contudo, Jacinta, temendo ser repreendida por voltar com as ovelhas antes da hora, contou tudo \u00e0 m\u00e3e, que naturalmente n\u00e3o acreditou. Os tr\u00eas foram advertidos e repreendidos. Isso \u00e9 comum nas apari\u00e7\u00f5es de Nossa Senhora \u2014 a incredulidade inicial \u00e9 parte do processo at\u00e9 a confirma\u00e7\u00e3o dos fatos.<\/span><span data-ccp-props=\"{&quot;134233117&quot;:true,&quot;134233118&quot;:true,&quot;201341983&quot;:0,&quot;335551550&quot;:6,&quot;335551620&quot;:6,&quot;335559731&quot;:708,&quot;335559739&quot;:160,&quot;335559740&quot;:240}\">\u00a0<\/span><\/p>\n<p style=\"text-align: justify;\"><span data-contrast=\"auto\">Na apari\u00e7\u00e3o de 13 de junho, uma pequena multid\u00e3o j\u00e1 acompanhava os pastorinhos. A Virgem pediu que L\u00facia rezasse muito e aprendesse a ler e escrever, para poder transmitir as mensagens. Na terceira apari\u00e7\u00e3o, cerca de duas mil pessoas se reuniram e deixaram ofertas em dinheiro na Cova da Iria. Nossa Senhora reiterou o pedido para que retornassem l\u00e1 no dia 13 de cada m\u00eas e exortou-os a rezar pela Humanidade.<\/span><span data-ccp-props=\"{&quot;134233117&quot;:true,&quot;134233118&quot;:true,&quot;201341983&quot;:0,&quot;335551550&quot;:6,&quot;335551620&quot;:6,&quot;335559731&quot;:708,&quot;335559739&quot;:160,&quot;335559740&quot;:240}\">\u00a0<\/span><\/p>\n<p style=\"text-align: justify;\"><span data-contrast=\"auto\">Infelizmente, L\u00facia, Francisco e Jacinta sofreram zombarias dos incr\u00e9dulos, e at\u00e9 o p\u00e1roco duvidou da veracidade dos relatos. O prefeito de Vila Nova de Our\u00e9m, \u00e0 qual F\u00e1tima pertencia, tentou dissuadi-los. Como j\u00e1 mencionado, isso \u00e9 comum nas apari\u00e7\u00f5es marianas.<\/span><span data-ccp-props=\"{&quot;134233117&quot;:true,&quot;134233118&quot;:true,&quot;201341983&quot;:0,&quot;335551550&quot;:6,&quot;335551620&quot;:6,&quot;335559731&quot;:708,&quot;335559739&quot;:160,&quot;335559740&quot;:240}\">\u00a0<\/span><\/p>\n<p style=\"text-align: justify;\"><span data-contrast=\"auto\">No dia 13 de agosto, os pastorinhos n\u00e3o puderam ir \u00e0 Cova da Iria, mas Nossa Senhora apareceu no dia 19 de agosto, em Valinhos, perto de Aljustrel, enquanto apascentavam o rebanho. L\u00facia perguntou o que deveria fazer com o dinheiro deixado pelos fi\u00e9is, e Maria respondeu que constru\u00edssem uma capela naquele local, dedicada a Ela.<\/span><span data-ccp-props=\"{&quot;134233117&quot;:true,&quot;134233118&quot;:true,&quot;201341983&quot;:0,&quot;335551550&quot;:6,&quot;335551620&quot;:6,&quot;335559731&quot;:708,&quot;335559739&quot;:160,&quot;335559740&quot;:240}\">\u00a0<\/span><\/p>\n<p style=\"text-align: justify;\"><span data-contrast=\"auto\">A apari\u00e7\u00e3o se repetiu em 13 de setembro, ocasi\u00e3o em que Nossa Senhora prometeu realizar um prod\u00edgio para que todos acreditassem que era de fato Ela quem aparecia.<\/span><span data-ccp-props=\"{&quot;134233117&quot;:true,&quot;134233118&quot;:true,&quot;201341983&quot;:0,&quot;335551550&quot;:6,&quot;335551620&quot;:6,&quot;335559731&quot;:708,&quot;335559739&quot;:160,&quot;335559740&quot;:240}\">\u00a0<\/span><\/p>\n<p style=\"text-align: justify;\"><span data-contrast=\"auto\">Finalmente, em 13 de outubro de 1917, num dia frio e chuvoso, cerca de 70 mil pessoas, entre elas jornalistas e fot\u00f3grafos, estavam presentes. Nesse dia, mesmo com a chuva, a Virgem revelou a L\u00facia: <\/span><i><span data-contrast=\"auto\">\u201cEu sou Nossa Senhora do Ros\u00e1rio.\u201d<\/span><\/i><span data-contrast=\"auto\"> Por isso, \u00e9 tamb\u00e9m conhecida como Nossa Senhora do Ros\u00e1rio de F\u00e1tima.<\/span><span data-ccp-props=\"{&quot;134233117&quot;:true,&quot;134233118&quot;:true,&quot;201341983&quot;:0,&quot;335551550&quot;:6,&quot;335551620&quot;:6,&quot;335559731&quot;:708,&quot;335559739&quot;:160,&quot;335559740&quot;:240}\">\u00a0<\/span><\/p>\n<p style=\"text-align: justify;\"><span data-contrast=\"auto\">Depois dessa apari\u00e7\u00e3o, realizou-se o milagre prometido: a \u201cdan\u00e7a do sol\u201d. O astro assumiu v\u00e1rias cores, girou sobre si mesmo e pareceu aproximar-se da terra. Quando o fen\u00f4meno cessou, as roupas das pessoas, antes encharcadas, estavam milagrosamente secas.<\/span><span data-ccp-props=\"{&quot;134233117&quot;:true,&quot;134233118&quot;:true,&quot;201341983&quot;:0,&quot;335551550&quot;:6,&quot;335551620&quot;:6,&quot;335559731&quot;:708,&quot;335559739&quot;:160,&quot;335559740&quot;:240}\">\u00a0<\/span><\/p>\n<p style=\"text-align: justify;\"><span data-contrast=\"auto\">Treze anos depois, em 13 de outubro de 1930, a Igreja declarou as apari\u00e7\u00f5es <\/span><i><span data-contrast=\"auto\">\u201cdignas de f\u00e9\u201d<\/span><\/i><span data-contrast=\"auto\"> e autorizou o culto a Nossa Senhora do Ros\u00e1rio de F\u00e1tima.<\/span><span data-ccp-props=\"{&quot;134233117&quot;:true,&quot;134233118&quot;:true,&quot;201341983&quot;:0,&quot;335551550&quot;:6,&quot;335551620&quot;:6,&quot;335559731&quot;:708,&quot;335559739&quot;:160,&quot;335559740&quot;:240}\">\u00a0<\/span><\/p>\n<p style=\"text-align: justify;\"><span data-contrast=\"auto\">Francisco faleceu em 4 de abril de 1919, e Jacinta em 20 de fevereiro de 1920. L\u00facia ingressou na Comunidade das Irm\u00e3s de Santa Doroteia, em 17 de junho de 1921. Mais tarde, entrou no Carmelo de Coimbra, onde faleceu aos 97 anos, em 13 de fevereiro de 2005. Francisco e Jacinta foram beatificados, em 13 de maio de 2000, por S\u00e3o Jo\u00e3o Paulo II e canonizados, em 13 de maio de 2017, pelo Papa Francisco.<\/span><span data-ccp-props=\"{&quot;134233117&quot;:true,&quot;134233118&quot;:true,&quot;201341983&quot;:0,&quot;335551550&quot;:6,&quot;335551620&quot;:6,&quot;335559731&quot;:708,&quot;335559739&quot;:160,&quot;335559740&quot;:240}\">\u00a0<\/span><\/p>\n<p style=\"text-align: justify;\"><span data-contrast=\"auto\">Irm\u00e3os e irm\u00e3s, F\u00e1tima nos ensina o caminho da ora\u00e7\u00e3o e do amor ao pr\u00f3ximo. Que Nossa Senhora de F\u00e1tima aben\u00e7oe o nosso pa\u00eds e o mundo, livrando-nos da guerra e da viol\u00eancia. Que a Virgem interceda pela Igreja e que o Esp\u00edrito Santo renove o cora\u00e7\u00e3o de cada fiel e suscite o novo Sumo Pont\u00edfice.<\/span><span data-ccp-props=\"{&quot;134233117&quot;:true,&quot;134233118&quot;:true,&quot;201341983&quot;:0,&quot;335551550&quot;:6,&quot;335551620&quot;:6,&quot;335559731&quot;:708,&quot;335559739&quot;:160,&quot;335559740&quot;:240}\">\u00a0<\/span><\/p>\n<p style=\"text-align: justify;\"><span data-contrast=\"auto\">Passaram-se 108 anos, mas a mensagem de F\u00e1tima permanece atual. Que todos os pecadores se convertam e busquem amar a Deus e ao pr\u00f3ximo. Am\u00e9m.<\/span><span data-ccp-props=\"{&quot;134233117&quot;:true,&quot;134233118&quot;:true,&quot;201341983&quot;:0,&quot;335551550&quot;:6,&quot;335551620&quot;:6,&quot;335559731&quot;:708,&quot;335559739&quot;:160,&quot;335559740&quot;:240}\">\u00a0<\/span><\/p>\n<p style=\"text-align: justify;\"><span data-ccp-props=\"{&quot;201341983&quot;:0,&quot;335551550&quot;:3,&quot;335551620&quot;:3,&quot;335559731&quot;:708,&quot;335559739&quot;:160,&quot;335559740&quot;:240}\">\u00a0<\/span><\/p>\n<p>&nbsp;<\/p>\n","protected":false},"excerpt":{"rendered":"<p>Cardeal Orani Jo\u00e3o Tempesta Arcebispo do Rio de Janeiro (RJ)\u00a0 Celebramos no dia 13 de maio a festa lit\u00fargica de Nossa Senhora de F\u00e1tima, padroeira de Portugal, mas amplamente celebrada aqui no Brasil, devido \u00e0 presen\u00e7a da col\u00f4nia portuguesa e por ser t\u00e3o querida por todo o povo. Nossa Senhora, em todas as suas apari\u00e7\u00f5es, &hellip;<\/p>\n<p class=\"read-more\"> <a class=\"\" href=\"https:\/\/www.cnbb.org.br\/nossa-senhora-de-fatima-6\/\"> <span class=\"screen-reader-text\">Nossa Senhora de F\u00e1tima\u00a0<\/span> Leia mais &raquo;<\/a><\/p>\n","protected":false},"author":31,"featured_media":0,"comment_status":"closed","ping_status":"closed","sticky":false,"template":"","format":"standard","meta":{"site-sidebar-layout":"default","site-content-layout":"default","ast-global-header-display":"","ast-banner-title-visibility":"","ast-main-header-display":"","ast-hfb-above-header-display":"","ast-hfb-below-header-display":"","ast-hfb-mobile-header-display":"","site-post-title":"","ast-breadcrumbs-content":"","ast-featured-img":"","footer-sml-layout":"","theme-transparent-header-meta":"default","adv-header-id-meta":"","stick-header-meta":"","header-above-stick-meta":"","header-main-stick-meta":"","header-below-stick-meta":""},"categories":[758],"tags":[],"acf":[],"_links":{"self":[{"href":"https:\/\/www.cnbb.org.br\/cnbb-app\/wp\/v2\/posts\/981945"}],"collection":[{"href":"https:\/\/www.cnbb.org.br\/cnbb-app\/wp\/v2\/posts"}],"about":[{"href":"https:\/\/www.cnbb.org.br\/cnbb-app\/wp\/v2\/types\/post"}],"author":[{"embeddable":true,"href":"https:\/\/www.cnbb.org.br\/cnbb-app\/wp\/v2\/users\/31"}],"replies":[{"embeddable":true,"href":"https:\/\/www.cnbb.org.br\/cnbb-app\/wp\/v2\/comments?post=981945"}],"version-history":[{"count":1,"href":"https:\/\/www.cnbb.org.br\/cnbb-app\/wp\/v2\/posts\/981945\/revisions"}],"predecessor-version":[{"id":981948,"href":"https:\/\/www.cnbb.org.br\/cnbb-app\/wp\/v2\/posts\/981945\/revisions\/981948"}],"wp:attachment":[{"href":"https:\/\/www.cnbb.org.br\/cnbb-app\/wp\/v2\/media?parent=981945"}],"wp:term":[{"taxonomy":"category","embeddable":true,"href":"https:\/\/www.cnbb.org.br\/cnbb-app\/wp\/v2\/categories?post=981945"},{"taxonomy":"post_tag","embeddable":true,"href":"https:\/\/www.cnbb.org.br\/cnbb-app\/wp\/v2\/tags?post=981945"}],"curies":[{"name":"wp","href":"https:\/\/api.w.org\/{rel}","templated":true}]}}