{"id":982098,"date":"2025-05-19T14:26:55","date_gmt":"2025-05-19T17:26:55","guid":{"rendered":"https:\/\/www.cnbb.org.br\/?p=982098"},"modified":"2025-05-19T16:39:44","modified_gmt":"2025-05-19T19:39:44","slug":"santo-agostinho-papa-leao-xiv","status":"publish","type":"post","link":"https:\/\/www.cnbb.org.br\/santo-agostinho-papa-leao-xiv\/","title":{"rendered":"Santo Agostinho: CNBB Podcast aprofunda a import\u00e2ncia do santo para o pontificado do Papa Le\u00e3o XIV"},"content":{"rendered":"<p>Um \u201cfilho\u201d de Santo Agostinho foi eleito Papa e tem o lema inspirado no santo doutor da Igreja considerado o Pai da Ordem Religiosa. Em sua nova edi\u00e7\u00e3o, o CNBB Podcast aprofunda a hist\u00f3ria de Santo Agostinho, sua contribui\u00e7\u00e3o para a Igreja e o que ele inspira no minist\u00e9rio do Papa Le\u00e3o XIV, primeiro Papa agostiniano. O jornalista Luiz Lopes Jr conversou sobre o tema com o secret\u00e1rio provincial dos Agostinianos no Brasil, frei Eberson Naves.<\/p>\n<p>O religioso ressalta a contribui\u00e7\u00e3o de Santo Agostinho para o pensamento cat\u00f3lico. Os escritos, o legado e a contribui\u00e7\u00e3o do santo que \u00e9 considerado Doutor da Igreja apontam uma perspectiva clara, segundo o frei Eberson: &#8220;Santo Agostinho fala de um lugar mais cl\u00e1ssico, de um lugar pr\u00f3prio, mas com o olhar para o futuro. Por isso que Santo Agostinho continua sendo uma mensagem clara para os tempos que n\u00f3s vivemos, para essa contemporaneidade&#8221;.<\/p>\n<blockquote><p>&#8220;Quando n\u00f3s olhamos para as discuss\u00f5es que Santo Agostinho emprega dentro da sua vida e dentro da Igreja sobre a liberdade, o livre arb\u00edtrio, o desejo, a vontade, a quest\u00e3o do bem e do mal, a pr\u00f3pria viv\u00eancia do carisma agostiniano de estar em comunidade, esta rela\u00e7\u00e3o de colocar Cristo sempre na centralidade da nossa vida, do nosso jeito de ser crist\u00e3o no meio desse mundo, isso tudo chega para n\u00f3s em diversas ocasi\u00f5es. Ent\u00e3o, passem os anos, passem as eras, n\u00f3s estamos sempre entrando em contato com esses temas que s\u00e3o parte da nossa realidade, do nosso dia a dia&#8221;, afirmou.<\/p><\/blockquote>\n<figure id=\"attachment_982105\" aria-describedby=\"caption-attachment-982105\" style=\"width: 460px\" class=\"wp-caption aligncenter\"><img decoding=\"async\" loading=\"lazy\" class=\"wp-image-982105\" src=\"https:\/\/www.cnbb.org.br\/wp-content\/uploads\/2025\/05\/Frei-Eberson-Card-Prevost.png\" alt=\"Frei Eberson e cardeal Robert Prevost\" width=\"460\" height=\"518\" srcset=\"https:\/\/www.cnbb.org.br\/wp-content\/uploads\/2025\/05\/Frei-Eberson-Card-Prevost.png 639w, https:\/\/www.cnbb.org.br\/wp-content\/uploads\/2025\/05\/Frei-Eberson-Card-Prevost-267x300.png 267w, https:\/\/www.cnbb.org.br\/wp-content\/uploads\/2025\/05\/Frei-Eberson-Card-Prevost-500x563.png 500w\" sizes=\"(max-width: 460px) 100vw, 460px\" \/><figcaption id=\"caption-attachment-982105\" class=\"wp-caption-text\">Frei Eberson e cardeal Robert Prevost durante encontro de secret\u00e1rios provinciais dos Agostinianos | Foto: reprodu\u00e7\u00e3o\/redes sociais<\/figcaption><\/figure>\n<p>&nbsp;<\/p>\n<p>Perguntado sobre a expectativa para o pontificado do Papa Le\u00e3o XIV, o frei disse ter &#8220;bastante esperan\u00e7a&#8221;, citando o Jubileu 2025. Diante das polariza\u00e7\u00f5es\u00a0 e outras situa\u00e7\u00f5es preocupantes na vida da Igreja, h\u00e1 algo concreto na figura do Papa, segundo frei Eberson: &#8220;<span style=\"font-size: 16px;\">ele ser\u00e1 sempre um irm\u00e3o &#8211; n\u00e3o somente para n\u00f3s agostinianos, mas para todo o mundo cat\u00f3lico, para todo o mundo crist\u00e3o&#8221;.<\/span><\/p>\n<blockquote><p>&#8220;Ser\u00e1 algu\u00e9m que vai buscar o di\u00e1logo com os diversos l\u00edderes, os diversos chefes de Estado, promovendo e lutando sempre pela paz. Esse arcabou\u00e7o de esperan\u00e7a que est\u00e1 depositado no Papa Le\u00e3o XIV para n\u00f3s \u00e9 um caminho de progress\u00e3o; caminho onde n\u00f3s vamos recordar tanto do Papa Le\u00e3o XIII; caminho de crescimento, de encarar as novas realidades, as diversas situa\u00e7\u00f5es que n\u00f3s encontramos hoje em dia; mas algu\u00e9m que vai ser muito prudente, algu\u00e9m que vai sempre estar aberto ao di\u00e1logo, \u00e0 conversa, \u00e0 espiritualidade, e fomentar tudo isso na nossa vida cotidiana; algu\u00e9m que vai estar, de fato, sendo agostiniano &#8211; levando esse legado de Santo Agostinho, sendo um irm\u00e3o com todos, um crist\u00e3o com todas as pessoas; mas algu\u00e9m que vai nos conduzir, nos guiar nesta seara de Cristo&#8221;, disse o religioso.<\/p><\/blockquote>\n<p>Confira o podcast na \u00edntegra:<\/p>\n<p><iframe loading=\"lazy\" style=\"border-radius: 12px;\" src=\"https:\/\/open.spotify.com\/embed\/episode\/4my9BDr1dpwjXVeLcbhEzm?utm_source=generator\" width=\"100%\" height=\"152\" frameborder=\"0\" allowfullscreen=\"allowfullscreen\"><\/iframe><\/p>\n","protected":false},"excerpt":{"rendered":"<p>Em sua nova edi\u00e7\u00e3o, o CNBB Podcast aprofunda a hist\u00f3ria de Santo Agostinho, sua contribui\u00e7\u00e3o para a Igreja e o que ele inspira no minist\u00e9rio do Papa Le\u00e3o XIV, primeiro Papa agostiniano. O jornalista Luiz Lopes Jr conversou sobre o tema com o secret\u00e1rio provincial dos Agostinianos no Brasil, frei Eberson Naves<\/p>\n","protected":false},"author":38,"featured_media":982119,"comment_status":"closed","ping_status":"closed","sticky":false,"template":"","format":"standard","meta":{"site-sidebar-layout":"default","site-content-layout":"default","ast-global-header-display":"","ast-banner-title-visibility":"","ast-main-header-display":"","ast-hfb-above-header-display":"","ast-hfb-below-header-display":"","ast-hfb-mobile-header-display":"","site-post-title":"","ast-breadcrumbs-content":"","ast-featured-img":"","footer-sml-layout":"","theme-transparent-header-meta":"default","adv-header-id-meta":"","stick-header-meta":"","header-above-stick-meta":"","header-main-stick-meta":"","header-below-stick-meta":""},"categories":[1934,50],"tags":[3105,5988,5999],"acf":[],"_links":{"self":[{"href":"https:\/\/www.cnbb.org.br\/cnbb-app\/wp\/v2\/posts\/982098"}],"collection":[{"href":"https:\/\/www.cnbb.org.br\/cnbb-app\/wp\/v2\/posts"}],"about":[{"href":"https:\/\/www.cnbb.org.br\/cnbb-app\/wp\/v2\/types\/post"}],"author":[{"embeddable":true,"href":"https:\/\/www.cnbb.org.br\/cnbb-app\/wp\/v2\/users\/38"}],"replies":[{"embeddable":true,"href":"https:\/\/www.cnbb.org.br\/cnbb-app\/wp\/v2\/comments?post=982098"}],"version-history":[{"count":1,"href":"https:\/\/www.cnbb.org.br\/cnbb-app\/wp\/v2\/posts\/982098\/revisions"}],"predecessor-version":[{"id":982109,"href":"https:\/\/www.cnbb.org.br\/cnbb-app\/wp\/v2\/posts\/982098\/revisions\/982109"}],"wp:featuredmedia":[{"embeddable":true,"href":"https:\/\/www.cnbb.org.br\/cnbb-app\/wp\/v2\/media\/982119"}],"wp:attachment":[{"href":"https:\/\/www.cnbb.org.br\/cnbb-app\/wp\/v2\/media?parent=982098"}],"wp:term":[{"taxonomy":"category","embeddable":true,"href":"https:\/\/www.cnbb.org.br\/cnbb-app\/wp\/v2\/categories?post=982098"},{"taxonomy":"post_tag","embeddable":true,"href":"https:\/\/www.cnbb.org.br\/cnbb-app\/wp\/v2\/tags?post=982098"}],"curies":[{"name":"wp","href":"https:\/\/api.w.org\/{rel}","templated":true}]}}