{"id":982196,"date":"2025-05-21T09:00:19","date_gmt":"2025-05-21T12:00:19","guid":{"rendered":"https:\/\/www.cnbb.org.br\/?p=982196"},"modified":"2025-05-21T09:23:12","modified_gmt":"2025-05-21T12:23:12","slug":"laudato-si-10-anos-da-carta-do-cuidado-e-da-ternura-da-terra-e-suas-criaturas","status":"publish","type":"post","link":"https:\/\/www.cnbb.org.br\/laudato-si-10-anos-da-carta-do-cuidado-e-da-ternura-da-terra-e-suas-criaturas\/","title":{"rendered":"Laudato Si, 10 anos da Carta do Cuidado e da ternura da Terra e suas criaturas\u00a0"},"content":{"rendered":"<p style=\"text-align: right;\" data-ccp-border-bottom=\"0px none #000000\" data-ccp-padding-bottom=\"0px\" data-ccp-border-between=\"0px none #000000\" data-ccp-padding-between=\"0px\"><strong>Dom Roberto Francisco Ferreria Paz\u00a0<\/strong><br \/>\n<strong>Bispo de Campos (RJ)<\/strong><\/p>\n<p style=\"text-align: justify;\" data-ccp-border-bottom=\"0px none #000000\" data-ccp-padding-bottom=\"0px\" data-ccp-border-between=\"0px none #000000\" data-ccp-padding-between=\"0px\"><span data-ccp-props=\"{}\">\u00a0<\/span><\/p>\n<p style=\"text-align: justify;\" data-ccp-border-bottom=\"0px none #000000\" data-ccp-padding-bottom=\"0px\" data-ccp-border-between=\"0px none #000000\" data-ccp-padding-between=\"0px\"><span data-contrast=\"none\">No dia 24 de maio de 2015 o Papa Francisco publicava a Enc\u00edclica <\/span><i><span data-contrast=\"none\">Laudato Si<\/span><\/i><span data-contrast=\"none\">, a primeira sobre a tem\u00e1tica ambiental, com o subt\u00edtulo que especifica o foco: Sobre o Cuidado da Casa Comum express\u00e3o que daria a nossa Terra o sentido de lar e habitat comunit\u00e1rio de todos os seres.\u00a0<\/span><span data-ccp-props=\"{&quot;335551550&quot;:6,&quot;335551620&quot;:6}\">\u00a0<\/span><\/p>\n<p style=\"text-align: justify;\" data-ccp-border-bottom=\"0px none #000000\" data-ccp-padding-bottom=\"0px\" data-ccp-border-between=\"0px none #000000\" data-ccp-padding-between=\"0px\"><span data-contrast=\"none\">Tem sido considerada a Segunda Carta da Terra, o Evangelho da Cria\u00e7\u00e3o fazendo alus\u00e3o ao seu segundo cap\u00edtulo, a tradu\u00e7\u00e3o reflexiva e pensada do C\u00e2ntico das Criaturas de S\u00e3o Francisco para os dias de hoje.\u00a0<\/span><span data-ccp-props=\"{&quot;335551550&quot;:6,&quot;335551620&quot;:6}\">\u00a0<\/span><\/p>\n<p style=\"text-align: justify;\" data-ccp-border-bottom=\"0px none #000000\" data-ccp-padding-bottom=\"0px\" data-ccp-border-between=\"0px none #000000\" data-ccp-padding-between=\"0px\"><span data-contrast=\"none\">Sem d\u00favida um documento prof\u00e9tico que d\u00e1 voz ao grito da Terra n\u00e3o s\u00f3 na sua urg\u00eancia premente de escapar da destrui\u00e7\u00e3o, mas de mostrar a Cria\u00e7\u00e3o como uma maravilhosa d\u00e1diva e dom do Criador.\u00a0<\/span><span data-ccp-props=\"{&quot;335551550&quot;:6,&quot;335551620&quot;:6}\">\u00a0<\/span><\/p>\n<p style=\"text-align: justify;\" data-ccp-border-bottom=\"0px none #000000\" data-ccp-padding-bottom=\"0px\" data-ccp-border-between=\"0px none #000000\" data-ccp-padding-between=\"0px\"><span data-contrast=\"none\">Se nos pergunt\u00e1ssemos qual a novidade e a diferen\u00e7a com pronunciamentos anteriores do magist\u00e9rio eclesial ver\u00edamos uma linha evolutiva desde a e \u00e9tica ambiental a partir de S\u00e3o Paulo VI e S\u00e3o Jo\u00e3o Paulo II , passando pela ecologia humana de Bento XVI que aprofundava e demandava um novo relacionamento do ser humano com a terra em todas as suas dimens\u00f5es; com a <\/span><i><span data-contrast=\"none\">Laudato Si<\/span><\/i><span data-contrast=\"none\"> chegamos a um novo olhar\u00a0 sobre a quest\u00e3o ambiental que o Papa Francisco chama de Ecologia Integral, por tratar-se de uma vis\u00e3o inclusiva, sist\u00e9mica e integradora que postula que tudo est\u00e1 interligado (LS 16).\u00a0<\/span><span data-ccp-props=\"{&quot;335551550&quot;:6,&quot;335551620&quot;:6}\">\u00a0<\/span><\/p>\n<p style=\"text-align: justify;\" data-ccp-border-bottom=\"0px none #000000\" data-ccp-padding-bottom=\"0px\" data-ccp-border-between=\"0px none #000000\" data-ccp-padding-between=\"0px\"><span data-contrast=\"none\">Sim, n\u00e3o se pode abordar a quest\u00e3o da pobreza sem ver as rela\u00e7\u00f5es com a fragilidade do planeta e a crise clim\u00e1tica, a cr\u00edtica ao paradigma tecnocr\u00e1tico do poder, com a necessidade de repensar a economia e a pr\u00f3pria pol\u00edtica, o valor de cada criatura e o sentido humano da ecologia superando o reducionismo e limita\u00e7\u00f5es de outras propostas ecol\u00f3gicas. Por\u00e9m a quest\u00e3o ambiental deve ser pensada desde a vida cotidiana envolvendo a todos e todas, levando a uma aut\u00eantica e profunda convers\u00e3o ambiental e ecol\u00f3gica, uma vez que como afirma o Patriarca Bartolomeu: \u201cQuando os seres humanos destroem a biodiversidade na cria\u00e7\u00e3o de Deus, quando os seres humanos comprometem a integridade da terra e contribuem para a mudan\u00e7a clim\u00e1tica, desnudando a terra das florestas naturais ou destruindo as suas zonas h\u00famidas, quando os seres humanos contaminam as \u00e1guas, o solo, o ar \u2026 tudo isso \u00e9 pecado\u201d.\u00a0<\/span><span data-ccp-props=\"{&quot;335551550&quot;:6,&quot;335551620&quot;:6}\">\u00a0<\/span><\/p>\n<p style=\"text-align: justify;\" data-ccp-border-bottom=\"0px none #000000\" data-ccp-padding-bottom=\"0px\" data-ccp-border-between=\"0px none #000000\" data-ccp-padding-between=\"0px\"><span data-contrast=\"none\">Porque afirmava o Papa Francisco um crime contra a natureza \u00e9 um crime contra n\u00f3s mesmos e um pecado contra Deus. Diante desta grave encruzilhada civilizat\u00f3ria importa viver e testemunhar uma sobriedade feliz, isto \u00e9 uma nova forma de viver com mod\u00e9stia, pureza, e partilha cuidando dos bens comuns, gerando uma economia circular, colaborativa, que aprenda a preservar, reciclar e reduzir o impacto de nossa pegada ecol\u00f3gica, tornando-nos jardineiros, guardi\u00e3es e cuidadores da Casa Comum. Deus seja louvado!<\/span><span data-ccp-props=\"{&quot;335551550&quot;:6,&quot;335551620&quot;:6}\">\u00a0<\/span><\/p>\n","protected":false},"excerpt":{"rendered":"<p>Dom Roberto Francisco Ferreria Paz\u00a0 Bispo de Campos (RJ) \u00a0 No dia 24 de maio de 2015 o Papa Francisco publicava a Enc\u00edclica Laudato Si, a primeira sobre a tem\u00e1tica ambiental, com o subt\u00edtulo que especifica o foco: Sobre o Cuidado da Casa Comum express\u00e3o que daria a nossa Terra o sentido de lar e &hellip;<\/p>\n<p class=\"read-more\"> <a class=\"\" href=\"https:\/\/www.cnbb.org.br\/laudato-si-10-anos-da-carta-do-cuidado-e-da-ternura-da-terra-e-suas-criaturas\/\"> <span class=\"screen-reader-text\">Laudato Si, 10 anos da Carta do Cuidado e da ternura da Terra e suas criaturas\u00a0<\/span> Leia mais &raquo;<\/a><\/p>\n","protected":false},"author":23,"featured_media":0,"comment_status":"closed","ping_status":"closed","sticky":false,"template":"","format":"standard","meta":{"site-sidebar-layout":"default","site-content-layout":"default","ast-global-header-display":"","ast-banner-title-visibility":"","ast-main-header-display":"","ast-hfb-above-header-display":"","ast-hfb-below-header-display":"","ast-hfb-mobile-header-display":"","site-post-title":"","ast-breadcrumbs-content":"","ast-featured-img":"","footer-sml-layout":"","theme-transparent-header-meta":"default","adv-header-id-meta":"","stick-header-meta":"","header-above-stick-meta":"","header-main-stick-meta":"","header-below-stick-meta":""},"categories":[758,1837],"tags":[],"acf":[],"_links":{"self":[{"href":"https:\/\/www.cnbb.org.br\/cnbb-app\/wp\/v2\/posts\/982196"}],"collection":[{"href":"https:\/\/www.cnbb.org.br\/cnbb-app\/wp\/v2\/posts"}],"about":[{"href":"https:\/\/www.cnbb.org.br\/cnbb-app\/wp\/v2\/types\/post"}],"author":[{"embeddable":true,"href":"https:\/\/www.cnbb.org.br\/cnbb-app\/wp\/v2\/users\/23"}],"replies":[{"embeddable":true,"href":"https:\/\/www.cnbb.org.br\/cnbb-app\/wp\/v2\/comments?post=982196"}],"version-history":[{"count":2,"href":"https:\/\/www.cnbb.org.br\/cnbb-app\/wp\/v2\/posts\/982196\/revisions"}],"predecessor-version":[{"id":982198,"href":"https:\/\/www.cnbb.org.br\/cnbb-app\/wp\/v2\/posts\/982196\/revisions\/982198"}],"wp:attachment":[{"href":"https:\/\/www.cnbb.org.br\/cnbb-app\/wp\/v2\/media?parent=982196"}],"wp:term":[{"taxonomy":"category","embeddable":true,"href":"https:\/\/www.cnbb.org.br\/cnbb-app\/wp\/v2\/categories?post=982196"},{"taxonomy":"post_tag","embeddable":true,"href":"https:\/\/www.cnbb.org.br\/cnbb-app\/wp\/v2\/tags?post=982196"}],"curies":[{"name":"wp","href":"https:\/\/api.w.org\/{rel}","templated":true}]}}